{"id":2879,"date":"2013-06-04T11:17:01","date_gmt":"2013-06-04T16:17:01","guid":{"rendered":"http:\/\/innovatori.space\/lat21\/?p=2879"},"modified":"2013-06-05T12:21:46","modified_gmt":"2013-06-05T17:21:46","slug":"mira-hacia-adelante","status":"publish","type":"post","link":"https:\/\/l21.mx\/?p=2879","title":{"rendered":"MIRA hacia adelante"},"content":{"rendered":"<p><a href=\"http:\/\/l21.mx\/wp-content\/uploads\/2013\/06\/PUERTO-CANCUN-22.jpg\" data-rel=\"penci-gallery-image-content\" ><img fetchpriority=\"high\" decoding=\"async\" class=\"alignleft size-large wp-image-2880\" title=\"PUERTO CANCUN (22)\" src=\"http:\/\/l21.mx\/wp-content\/uploads\/2013\/06\/PUERTO-CANCUN-22-1024x679.jpg\" alt=\"\" width=\"1024\" height=\"679\" srcset=\"https:\/\/l21.mx\/wp-content\/uploads\/2013\/06\/PUERTO-CANCUN-22-1024x679.jpg 1024w, https:\/\/l21.mx\/wp-content\/uploads\/2013\/06\/PUERTO-CANCUN-22-300x199.jpg 300w, https:\/\/l21.mx\/wp-content\/uploads\/2013\/06\/PUERTO-CANCUN-22-128x85.jpg 128w, https:\/\/l21.mx\/wp-content\/uploads\/2013\/06\/PUERTO-CANCUN-22-600x398.jpg 600w, https:\/\/l21.mx\/wp-content\/uploads\/2013\/06\/PUERTO-CANCUN-22-167x110.jpg 167w, https:\/\/l21.mx\/wp-content\/uploads\/2013\/06\/PUERTO-CANCUN-22-80x53.jpg 80w, https:\/\/l21.mx\/wp-content\/uploads\/2013\/06\/PUERTO-CANCUN-22.jpg 1500w\" sizes=\"(max-width: 1024px) 100vw, 1024px\" \/><\/a><\/p>\n<p><strong><span style=\"color: #993300;\">Ubicaci\u00f3n: Canc\u00fan<\/span><\/strong><\/p>\n<p><strong><span style=\"color: #993300;\">Latitud 21<\/span><\/strong><\/p>\n<p>&nbsp;<\/p>\n<p>Grupo MIRA, que conduce Javier Barrios S\u00e1nchez, acelera el paso tras haber tomado las riendas de Puerto Canc\u00fan y suelta sus velas para aprovechar los nuevos aires que soplan en el sector inmobiliario. Para el verano anuncia la preventa del \u00e1rea de lotes condominales y familiares en la zona m\u00e1s cercana al Bulevar Kukulc\u00e1n. Por si fuera poco, MIRA dar\u00e1 inicio a la construcci\u00f3n de un centro comercial a partir del primer trimestre de 2014.\u00a0 El nuevo dinamismo en una de las zonas de m\u00e1s alta plusval\u00eda en Canc\u00fan, que estar\u00e1 acompa\u00f1ada con una inversi\u00f3n de 400 mdd, incluye tambi\u00e9n la edificaci\u00f3n de la\u00a0 tercera torre de Novo Canc\u00fan, propiedad del grupo Sabadell de Espa\u00f1a, entre los meses de julio y agosto, mientras que la preventa que comenz\u00f3 hace ya unos meses va viento en popa. Se suma a esta bonanza inmobiliaria el desarrollo Las Olas Marinas de Bay View Grand, donde se prev\u00e9 queden concluidas en 2015 las dos torres de condominios y residencias.<\/p>\n<div>\n<p>[editor]en-la-21-y-otras-latitudes[\/editor]<\/p>\n<div><\/div>\n<\/div>\n","protected":false},"excerpt":{"rendered":"<p>Ubicaci\u00f3n: Canc\u00fan Latitud 21 &nbsp; Grupo MIRA, que conduce Javier Barrios S\u00e1nchez, acelera el paso tras&hellip;<\/p>\n","protected":false},"author":2,"featured_media":2881,"comment_status":"open","ping_status":"open","sticky":false,"template":"","format":"standard","meta":{"_acf_changed":false,"_lmt_disableupdate":"","_lmt_disable":"","_mbp_gutenberg_autopost":false,"footnotes":""},"categories":[38],"tags":[63,65,166,62,48,64,61],"class_list":["post-2879","post","type-post","status-publish","format-standard","has-post-thumbnail","hentry","category-en-la-21-y-otras-latitudes","tag-caribe-mexicano","tag-grupo-editorial-latitud21","tag-grupo-editorial-latitud21-revista-empresarial","tag-revista-latitud21","tag-cancun","tag-latitud-21","tag-latitud21"],"acf":[],"_links":{"self":[{"href":"https:\/\/l21.mx\/index.php?rest_route=\/wp\/v2\/posts\/2879","targetHints":{"allow":["GET"]}}],"collection":[{"href":"https:\/\/l21.mx\/index.php?rest_route=\/wp\/v2\/posts"}],"about":[{"href":"https:\/\/l21.mx\/index.php?rest_route=\/wp\/v2\/types\/post"}],"author":[{"embeddable":true,"href":"https:\/\/l21.mx\/index.php?rest_route=\/wp\/v2\/users\/2"}],"replies":[{"embeddable":true,"href":"https:\/\/l21.mx\/index.php?rest_route=%2Fwp%2Fv2%2Fcomments&post=2879"}],"version-history":[{"count":0,"href":"https:\/\/l21.mx\/index.php?rest_route=\/wp\/v2\/posts\/2879\/revisions"}],"wp:featuredmedia":[{"embeddable":true,"href":"https:\/\/l21.mx\/index.php?rest_route=\/wp\/v2\/media\/2881"}],"wp:attachment":[{"href":"https:\/\/l21.mx\/index.php?rest_route=%2Fwp%2Fv2%2Fmedia&parent=2879"}],"wp:term":[{"taxonomy":"category","embeddable":true,"href":"https:\/\/l21.mx\/index.php?rest_route=%2Fwp%2Fv2%2Fcategories&post=2879"},{"taxonomy":"post_tag","embeddable":true,"href":"https:\/\/l21.mx\/index.php?rest_route=%2Fwp%2Fv2%2Ftags&post=2879"}],"curies":[{"name":"wp","href":"https:\/\/api.w.org\/{rel}","templated":true}]}}