{"id":28826,"date":"2017-08-31T13:35:52","date_gmt":"2017-08-31T18:35:52","guid":{"rendered":"http:\/\/innovatori.space\/lat21\/?p=28826"},"modified":"2017-08-31T13:36:58","modified_gmt":"2017-08-31T18:36:58","slug":"suma-interjet-rutas-hacia-cancun","status":"publish","type":"post","link":"https:\/\/l21.mx\/?p=28826","title":{"rendered":"Suma Interjet rutas hacia Canc\u00fan"},"content":{"rendered":"<p><a href=\"http:\/\/l21.mx\/wp-content\/uploads\/2014\/07\/CRECE-LA-CONECTIVIDAD-DE-INTERJET-CON-SUDAM\u00c9RICA.jpg\" data-rel=\"penci-gallery-image-content\" ><img fetchpriority=\"high\" decoding=\"async\" class=\"aligncenter size-full wp-image-7664\" src=\"http:\/\/l21.mx\/wp-content\/uploads\/2014\/07\/CRECE-LA-CONECTIVIDAD-DE-INTERJET-CON-SUDAM\u00c9RICA.jpg\" alt=\"\" width=\"650\" height=\"433\" srcset=\"https:\/\/l21.mx\/wp-content\/uploads\/2014\/07\/CRECE-LA-CONECTIVIDAD-DE-INTERJET-CON-SUDAM\u00c9RICA.jpg 650w, https:\/\/l21.mx\/wp-content\/uploads\/2014\/07\/CRECE-LA-CONECTIVIDAD-DE-INTERJET-CON-SUDAM\u00c9RICA-300x200.jpg 300w, https:\/\/l21.mx\/wp-content\/uploads\/2014\/07\/CRECE-LA-CONECTIVIDAD-DE-INTERJET-CON-SUDAM\u00c9RICA-585x390.jpg 585w, https:\/\/l21.mx\/wp-content\/uploads\/2014\/07\/CRECE-LA-CONECTIVIDAD-DE-INTERJET-CON-SUDAM\u00c9RICA-263x175.jpg 263w\" sizes=\"(max-width: 650px) 100vw, 650px\" \/><\/a><\/p>\n<p>Con una ocupaci\u00f3n de 85% en sus vuelos cerr\u00f3<strong> Interjet<\/strong> el primer mes de su ruta <strong>Canc\u00fan-Baj\u00edo<\/strong>, la cual complementa la oferta de la aerol\u00ednea a este destino tur\u00edstico.<\/p>\n<p><strong>Andr\u00e9s Mart\u00ednez<\/strong>, director de Mercadotecnia y Relaciones P\u00fablicas de Interjet, se\u00f1al\u00f3 que con una de las flotas m\u00e1s modernas, se atiende este mercado que se suma a otros destinos nacionales e internacionales a los que llega desde Canc\u00fan, como son<strong> Bogot\u00e1<\/strong>, <strong>Ciudad de M\u00e9xico, Guadalajara, La Habana, Los Angeles, Monterrey, Montreal, Nueva York, Toluca y Toronto.<\/strong><\/p>\n<p>La ruta <strong>Canc\u00fan-Baj\u00edo<\/strong> (Silao, Guanajuato) dispone de cuatro frecuencias a la semana, en aviones con capacidad para 150 pasajeros.<\/p>\n<p>Este a\u00f1o, Interjet ha tenido un crecimiento similar al de 2016, que fue de 12%, en el n\u00famero de pasajeros transportados; anualmente mueve siete millones de pasajeros, de los que 40% son hacia y desde Canc\u00fan, segundo destino natural de la aerol\u00ednea, es decir alrededor de tres millones, en m\u00e1s de 50 operaciones diarias para 11 destinos.<\/p>\n<p>La aerol\u00ednea cuenta actualmente con 75 aeronaves equipadas con lo \u00faltimo en tecnolog\u00eda, atiende un total de 54 destinos: 36 nacionales y 18 internacionales. Genera m\u00e1s de cinco mil empleos directos.<\/p>\n<p>Con el fin de ofrecer mayores conexiones, Interjet ha establecido alianzas con aerol\u00edneas como<strong> Iberia, American Airlines, British Airways, Grupo Latam y Ali Nippon Airways. (Antonia Rusca)<\/strong><\/p>\n","protected":false},"excerpt":{"rendered":"<p>Con una ocupaci\u00f3n de 85% en sus vuelos cerr\u00f3 Interjet el primer mes de su ruta&hellip;<\/p>\n","protected":false},"author":2,"featured_media":0,"comment_status":"open","ping_status":"open","sticky":false,"template":"","format":"standard","meta":{"_acf_changed":false,"_lmt_disableupdate":"","_lmt_disable":"","_mbp_gutenberg_autopost":false,"footnotes":""},"categories":[23,8],"tags":[],"class_list":["post-28826","post","type-post","status-publish","format-standard","hentry","category-noticias","category-turismo"],"acf":[],"_links":{"self":[{"href":"https:\/\/l21.mx\/index.php?rest_route=\/wp\/v2\/posts\/28826","targetHints":{"allow":["GET"]}}],"collection":[{"href":"https:\/\/l21.mx\/index.php?rest_route=\/wp\/v2\/posts"}],"about":[{"href":"https:\/\/l21.mx\/index.php?rest_route=\/wp\/v2\/types\/post"}],"author":[{"embeddable":true,"href":"https:\/\/l21.mx\/index.php?rest_route=\/wp\/v2\/users\/2"}],"replies":[{"embeddable":true,"href":"https:\/\/l21.mx\/index.php?rest_route=%2Fwp%2Fv2%2Fcomments&post=28826"}],"version-history":[{"count":0,"href":"https:\/\/l21.mx\/index.php?rest_route=\/wp\/v2\/posts\/28826\/revisions"}],"wp:attachment":[{"href":"https:\/\/l21.mx\/index.php?rest_route=%2Fwp%2Fv2%2Fmedia&parent=28826"}],"wp:term":[{"taxonomy":"category","embeddable":true,"href":"https:\/\/l21.mx\/index.php?rest_route=%2Fwp%2Fv2%2Fcategories&post=28826"},{"taxonomy":"post_tag","embeddable":true,"href":"https:\/\/l21.mx\/index.php?rest_route=%2Fwp%2Fv2%2Ftags&post=28826"}],"curies":[{"name":"wp","href":"https:\/\/api.w.org\/{rel}","templated":true}]}}