{"id":2885,"date":"2013-06-04T11:38:29","date_gmt":"2013-06-04T16:38:29","guid":{"rendered":"http:\/\/innovatori.space\/lat21\/?p=2885"},"modified":"2013-06-05T12:21:46","modified_gmt":"2013-06-05T17:21:46","slug":"riviera-maya-imparable","status":"publish","type":"post","link":"https:\/\/l21.mx\/?p=2885","title":{"rendered":"Riviera Maya, imparable"},"content":{"rendered":"<p><strong><span style=\"color: #993300;\">Ubicaci\u00f3n: Riviera Maya<\/span><\/strong><\/p>\n<p><strong><span style=\"color: #993300;\">Latitud: 21\u00a0<\/span><\/strong><\/p>\n<p><a href=\"http:\/\/l21.mx\/wp-content\/uploads\/2013\/06\/Dario-Flota-6.jpg\" data-rel=\"penci-gallery-image-content\" ><img decoding=\"async\" class=\"alignleft size-thumbnail wp-image-2886\" title=\"Dario Flota (6)\" src=\"http:\/\/l21.mx\/wp-content\/uploads\/2013\/06\/Dario-Flota-6-150x150.jpg\" alt=\"\" width=\"150\" height=\"150\" \/><\/a>La Riviera Maya tiene aroma y ritmo gracias a la incansable gesti\u00f3n de su principal promotor, Dar\u00edo Flota Ocampo, a quien no le falla el olfato a la hora de aprovechar los nichos de promoci\u00f3n de este destino. Y para muestra la sinergia con Air Wick para incluir a la RM en el cat\u00e1logo de aromatizantes que se comercializan bajo la l\u00ednea \u201cLos aromas de M\u00e9xico\u201d, a la par de los destinos m\u00e1s importantes del pa\u00eds, un esfuerzo que cont\u00f3 con el banderazo del Consejo de Promoci\u00f3n Tur\u00edstica de M\u00e9xico, (CPTM). No conforme\u00a0 con el toque olfativo, la costa riverense se llenar\u00e1 de ritmo con el Festival de Jazz de la Riviera Maya, que este a\u00f1o llega a su und\u00e9cima edici\u00f3n, y que en ediciones anteriores ha logrado reunir a m\u00e1s de 16 mil espectadores. Pero los planes de Dar\u00edo Flota no llegan hasta ah\u00ed, y recientemente puso sobre la mesa la aspiraci\u00f3n de contender por el Tianguis Tur\u00edstico para 2016 o 2017, propuesta avalada por la Asociaci\u00f3n de Hoteles y amparada por el proyecto de Miguel Villar Mir, de OHL, para la\u00a0 construcci\u00f3n de un Centro de Convenciones en la zona.<\/p>\n<div><\/div>\n","protected":false},"excerpt":{"rendered":"<p>Ubicaci\u00f3n: Riviera Maya Latitud: 21\u00a0 La Riviera Maya tiene aroma y ritmo gracias a la incansable&hellip;<\/p>\n","protected":false},"author":2,"featured_media":2887,"comment_status":"open","ping_status":"open","sticky":false,"template":"","format":"standard","meta":{"_acf_changed":false,"_lmt_disableupdate":"","_lmt_disable":"","_mbp_gutenberg_autopost":false,"footnotes":""},"categories":[38],"tags":[63,65,166,62,48,64,61],"class_list":["post-2885","post","type-post","status-publish","format-standard","has-post-thumbnail","hentry","category-en-la-21-y-otras-latitudes","tag-caribe-mexicano","tag-grupo-editorial-latitud21","tag-grupo-editorial-latitud21-revista-empresarial","tag-revista-latitud21","tag-cancun","tag-latitud-21","tag-latitud21"],"acf":[],"_links":{"self":[{"href":"https:\/\/l21.mx\/index.php?rest_route=\/wp\/v2\/posts\/2885","targetHints":{"allow":["GET"]}}],"collection":[{"href":"https:\/\/l21.mx\/index.php?rest_route=\/wp\/v2\/posts"}],"about":[{"href":"https:\/\/l21.mx\/index.php?rest_route=\/wp\/v2\/types\/post"}],"author":[{"embeddable":true,"href":"https:\/\/l21.mx\/index.php?rest_route=\/wp\/v2\/users\/2"}],"replies":[{"embeddable":true,"href":"https:\/\/l21.mx\/index.php?rest_route=%2Fwp%2Fv2%2Fcomments&post=2885"}],"version-history":[{"count":0,"href":"https:\/\/l21.mx\/index.php?rest_route=\/wp\/v2\/posts\/2885\/revisions"}],"wp:featuredmedia":[{"embeddable":true,"href":"https:\/\/l21.mx\/index.php?rest_route=\/wp\/v2\/media\/2887"}],"wp:attachment":[{"href":"https:\/\/l21.mx\/index.php?rest_route=%2Fwp%2Fv2%2Fmedia&parent=2885"}],"wp:term":[{"taxonomy":"category","embeddable":true,"href":"https:\/\/l21.mx\/index.php?rest_route=%2Fwp%2Fv2%2Fcategories&post=2885"},{"taxonomy":"post_tag","embeddable":true,"href":"https:\/\/l21.mx\/index.php?rest_route=%2Fwp%2Fv2%2Ftags&post=2885"}],"curies":[{"name":"wp","href":"https:\/\/api.w.org\/{rel}","templated":true}]}}