{"id":28884,"date":"2017-09-01T16:49:31","date_gmt":"2017-09-01T21:49:31","guid":{"rendered":"http:\/\/innovatori.space\/lat21\/?p=28884"},"modified":"2017-09-04T10:05:25","modified_gmt":"2017-09-04T15:05:25","slug":"noticias","status":"publish","type":"post","link":"https:\/\/l21.mx\/?p=28884","title":{"rendered":"Muere fundador de Grupo Pi\u00f1ero"},"content":{"rendered":"<p><a href=\"http:\/\/l21.mx\/wp-content\/uploads\/2017\/09\/pablo-pinero-.jpg\"><br \/>\n<\/a> <a href=\"http:\/\/l21.mx\/wp-content\/uploads\/2017\/09\/pablo-pinero.jpg\" data-rel=\"penci-gallery-image-content\" ><img fetchpriority=\"high\" decoding=\"async\" class=\"aligncenter size-full wp-image-28887\" src=\"http:\/\/l21.mx\/wp-content\/uploads\/2017\/09\/pablo-pinero.jpg\" alt=\"\" width=\"903\" height=\"606\" srcset=\"https:\/\/l21.mx\/wp-content\/uploads\/2017\/09\/pablo-pinero.jpg 903w, https:\/\/l21.mx\/wp-content\/uploads\/2017\/09\/pablo-pinero-300x201.jpg 300w, https:\/\/l21.mx\/wp-content\/uploads\/2017\/09\/pablo-pinero-768x515.jpg 768w, https:\/\/l21.mx\/wp-content\/uploads\/2017\/09\/pablo-pinero-585x393.jpg 585w, https:\/\/l21.mx\/wp-content\/uploads\/2017\/09\/pablo-pinero-263x175.jpg 263w\" sizes=\"(max-width: 903px) 100vw, 903px\" \/><\/a><\/p>\n<p>El presidente y fundador del\u00a0<strong>G<\/strong><strong>rupo Pi\u00f1ero, Pablo Pi\u00f1ero<\/strong>, falleci\u00f3\u00a0el 1 de septiembre en Palma de Mallorca a los 76 a\u00f1os de edad, tras una grave enfermedad. La labor del empresario, que antes de formar parte del sector tur\u00edstico fue polic\u00eda nacional, siempre ha estado ligada al grupo familiar que fund\u00f3 y que ahora\u00a0<strong>queda en manos de sus hijas.<\/strong><\/p>\n<p>Desde sus inicios, Pablo Pi\u00f1ero -natural de Mula (Murcia, 1941)- apost\u00f3 por el turismo espa\u00f1ol, y labr\u00f3\u00a0<strong>fuertes alianzas\u00a0<\/strong>con otros grupos empresariales nacionales. Destaca sobre todo la lograda con<strong>\u00a0Juan Jos\u00e9 Hidalgo, presidente del Grupo Globalia<\/strong>. Pese a que en los \u00faltimos tiempos hab\u00eda sufrido varios achaques de salud, nadie esperaba un desenlace tan inminente. Su hija Encarna, recientemente nombrada consejera delegada del grupo, asumir\u00e1 a partir de ahora la direcci\u00f3n de todo el grupo Pi\u00f1ero.<\/p>\n<p>Pese a que en un primer momento inici\u00f3 su actividad empresarial creando\u00a0<strong>Soltour<\/strong>, un mayorista enfocado al mercado nacional y al Caribe, pronto dio el salto al sector hotelero creando la marca\u00a0<strong>Bah\u00eda Pr\u00edncipe<\/strong>, muy conocida en el Caribe sobre todo en la Riviera Maya y Rep\u00fablica Dominicana.<\/p>\n<p><a href=\"http:\/\/l21.mx\/wp-content\/uploads\/2017\/09\/pablo-pinero-.jpg\" data-rel=\"penci-gallery-image-content\" ><img decoding=\"async\" class=\"aligncenter size-full wp-image-28886\" src=\"http:\/\/l21.mx\/wp-content\/uploads\/2017\/09\/pablo-pinero-.jpg\" alt=\"\" width=\"548\" height=\"410\" srcset=\"https:\/\/l21.mx\/wp-content\/uploads\/2017\/09\/pablo-pinero-.jpg 548w, https:\/\/l21.mx\/wp-content\/uploads\/2017\/09\/pablo-pinero--300x224.jpg 300w\" sizes=\"(max-width: 548px) 100vw, 548px\" \/><\/a><\/p>\n<p>Las tres hijas de\u00a0<strong>Pablo Pi\u00f1ero<\/strong>\u00a0vivieron de primera mano el nacimiento y posterior crecimiento de la compa\u00f1\u00eda familiar. Tanto\u00a0<strong>Encarna<\/strong>\u00a0como\u00a0<strong>Isabel y Lidia Pi\u00f1ero<\/strong>\u00a0tienen m\u00e1s de una d\u00e9cada trabajando en el grupo tur\u00edstico de la mano de su padre.<\/p>\n<p>Bah\u00eda Pr\u00edncipe, la hotelera levantada por Pablo Pi\u00f1ero, suma en la actualidad 25 establecimientos y m\u00e1s de trece mil habitaciones en\u00a0<strong>Espa\u00f1a, Rep\u00fablica Dominicana, M\u00e9xico y Jamaica.<\/strong><\/p>\n","protected":false},"excerpt":{"rendered":"<p>El presidente y fundador del\u00a0Grupo Pi\u00f1ero, Pablo Pi\u00f1ero, falleci\u00f3\u00a0el 1 de septiembre en Palma de Mallorca&hellip;<\/p>\n","protected":false},"author":2,"featured_media":28887,"comment_status":"open","ping_status":"open","sticky":false,"template":"","format":"standard","meta":{"_acf_changed":false,"_lmt_disableupdate":"","_lmt_disable":"","_mbp_gutenberg_autopost":false,"footnotes":""},"categories":[4,23],"tags":[],"class_list":["post-28884","post","type-post","status-publish","format-standard","has-post-thumbnail","hentry","category-empresas-y-negocios","category-noticias"],"acf":[],"yoast_head":"<!-- This site is optimized with the Yoast SEO plugin v27.3 - https:\/\/yoast.com\/product\/yoast-seo-wordpress\/ -->\n<title>Muere fundador de Grupo Pi\u00f1ero | Revista Latitud 21<\/title>\n<meta name=\"description\" content=\"L21, Emprendedores y Negocios en el Caribe Mexicano, es la revista l\u00edder entre el Sector Empresarial y Tur\u00edstico del Caribe Mexicano.\" \/>\n<meta name=\"robots\" content=\"index, follow, max-snippet:-1, max-image-preview:large, max-video-preview:-1\" \/>\n<link rel=\"canonical\" href=\"https:\/\/l21.mx\/?p=28884\" \/>\n<meta name=\"twitter:card\" content=\"summary_large_image\" \/>\n<meta name=\"twitter:title\" content=\"Muere fundador de Grupo Pi\u00f1ero | Revista Latitud 21\" \/>\n<meta name=\"twitter:description\" content=\"L21, Emprendedores y Negocios en el Caribe Mexicano, es la revista l\u00edder entre el Sector Empresarial y Tur\u00edstico del Caribe Mexicano.\" \/>\n<meta name=\"twitter:image\" content=\"https:\/\/l21.mx\/wp-content\/uploads\/2017\/09\/pablo-pinero.jpg\" \/>\n<meta name=\"twitter:creator\" content=\"@Latitud21mx\" \/>\n<meta name=\"twitter:site\" content=\"@Latitud21mx\" \/>\n<meta name=\"twitter:label1\" content=\"Escrito por\" \/>\n\t<meta name=\"twitter:data1\" content=\"Latitud21 Redacci\u00f3n\" \/>\n\t<meta name=\"twitter:label2\" content=\"Tiempo de lectura\" \/>\n\t<meta name=\"twitter:data2\" content=\"1 minuto\" \/>\n<script type=\"application\/ld+json\" class=\"yoast-schema-graph\">{\"@context\":\"https:\\\/\\\/schema.org\",\"@graph\":[{\"@type\":\"Article\",\"@id\":\"https:\\\/\\\/l21.mx\\\/?p=28884#article\",\"isPartOf\":{\"@id\":\"https:\\\/\\\/l21.mx\\\/?p=28884\"},\"author\":{\"name\":\"Latitud21 Redacci\u00f3n\",\"@id\":\"https:\\\/\\\/l21.mx\\\/#\\\/schema\\\/person\\\/4b571cc212089f95579f3b66253728f1\"},\"headline\":\"Muere fundador de Grupo Pi\u00f1ero\",\"datePublished\":\"2017-09-01T21:49:31+00:00\",\"dateModified\":\"2017-09-04T15:05:25+00:00\",\"mainEntityOfPage\":{\"@id\":\"https:\\\/\\\/l21.mx\\\/?p=28884\"},\"wordCount\":285,\"commentCount\":0,\"publisher\":{\"@id\":\"https:\\\/\\\/l21.mx\\\/#organization\"},\"image\":{\"@id\":\"https:\\\/\\\/l21.mx\\\/?p=28884#primaryimage\"},\"thumbnailUrl\":\"https:\\\/\\\/l21.mx\\\/wp-content\\\/uploads\\\/2017\\\/09\\\/pablo-pinero.jpg\",\"articleSection\":[\"Empresas y Negocios\",\"Noticias\"],\"inLanguage\":\"es\",\"potentialAction\":[{\"@type\":\"CommentAction\",\"name\":\"Comment\",\"target\":[\"https:\\\/\\\/l21.mx\\\/?p=28884#respond\"]}]},{\"@type\":\"WebPage\",\"@id\":\"https:\\\/\\\/l21.mx\\\/?p=28884\",\"url\":\"https:\\\/\\\/l21.mx\\\/?p=28884\",\"name\":\"Muere fundador de Grupo Pi\u00f1ero | Revista Latitud 21\",\"isPartOf\":{\"@id\":\"https:\\\/\\\/l21.mx\\\/#website\"},\"primaryImageOfPage\":{\"@id\":\"https:\\\/\\\/l21.mx\\\/?p=28884#primaryimage\"},\"image\":{\"@id\":\"https:\\\/\\\/l21.mx\\\/?p=28884#primaryimage\"},\"thumbnailUrl\":\"https:\\\/\\\/l21.mx\\\/wp-content\\\/uploads\\\/2017\\\/09\\\/pablo-pinero.jpg\",\"datePublished\":\"2017-09-01T21:49:31+00:00\",\"dateModified\":\"2017-09-04T15:05:25+00:00\",\"description\":\"L21, Emprendedores y Negocios en el Caribe Mexicano, es la revista l\u00edder entre el Sector Empresarial y Tur\u00edstico del Caribe Mexicano.\",\"breadcrumb\":{\"@id\":\"https:\\\/\\\/l21.mx\\\/?p=28884#breadcrumb\"},\"inLanguage\":\"es\",\"potentialAction\":[{\"@type\":\"ReadAction\",\"target\":[\"https:\\\/\\\/l21.mx\\\/?p=28884\"]}]},{\"@type\":\"ImageObject\",\"inLanguage\":\"es\",\"@id\":\"https:\\\/\\\/l21.mx\\\/?p=28884#primaryimage\",\"url\":\"https:\\\/\\\/l21.mx\\\/wp-content\\\/uploads\\\/2017\\\/09\\\/pablo-pinero.jpg\",\"contentUrl\":\"https:\\\/\\\/l21.mx\\\/wp-content\\\/uploads\\\/2017\\\/09\\\/pablo-pinero.jpg\",\"width\":903,\"height\":606},{\"@type\":\"BreadcrumbList\",\"@id\":\"https:\\\/\\\/l21.mx\\\/?p=28884#breadcrumb\",\"itemListElement\":[{\"@type\":\"ListItem\",\"position\":1,\"name\":\"Portada\",\"item\":\"https:\\\/\\\/l21.mx\\\/\"},{\"@type\":\"ListItem\",\"position\":2,\"name\":\"Muere fundador de Grupo Pi\u00f1ero\"}]},{\"@type\":\"WebSite\",\"@id\":\"https:\\\/\\\/l21.mx\\\/#website\",\"url\":\"https:\\\/\\\/l21.mx\\\/\",\"name\":\"Revista Latitud 21\",\"description\":\"Emprendedores  y negocios en el Caribe Mexicano\",\"publisher\":{\"@id\":\"https:\\\/\\\/l21.mx\\\/#organization\"},\"potentialAction\":[{\"@type\":\"SearchAction\",\"target\":{\"@type\":\"EntryPoint\",\"urlTemplate\":\"https:\\\/\\\/l21.mx\\\/?s={search_term_string}\"},\"query-input\":{\"@type\":\"PropertyValueSpecification\",\"valueRequired\":true,\"valueName\":\"search_term_string\"}}],\"inLanguage\":\"es\"},{\"@type\":\"Organization\",\"@id\":\"https:\\\/\\\/l21.mx\\\/#organization\",\"name\":\"Grupo Editorial Latitud 21 SA de CV\",\"url\":\"https:\\\/\\\/l21.mx\\\/\",\"logo\":{\"@type\":\"ImageObject\",\"inLanguage\":\"es\",\"@id\":\"https:\\\/\\\/l21.mx\\\/#\\\/schema\\\/logo\\\/image\\\/\",\"url\":\"https:\\\/\\\/l21.mx\\\/wp-content\\\/uploads\\\/2020\\\/10\\\/logo-l21-baja.jpg\",\"contentUrl\":\"https:\\\/\\\/l21.mx\\\/wp-content\\\/uploads\\\/2020\\\/10\\\/logo-l21-baja.jpg\",\"width\":250,\"height\":250,\"caption\":\"Grupo Editorial Latitud 21 SA de CV\"},\"image\":{\"@id\":\"https:\\\/\\\/l21.mx\\\/#\\\/schema\\\/logo\\\/image\\\/\"},\"sameAs\":[\"https:\\\/\\\/www.facebook.com\\\/RevistaLatitud21\\\/\",\"https:\\\/\\\/x.com\\\/Latitud21mx\"]},{\"@type\":\"Person\",\"@id\":\"https:\\\/\\\/l21.mx\\\/#\\\/schema\\\/person\\\/4b571cc212089f95579f3b66253728f1\",\"name\":\"Latitud21 Redacci\u00f3n\",\"url\":\"https:\\\/\\\/l21.mx\\\/?author=2\"}]}<\/script>\n<!-- \/ Yoast SEO plugin. -->","yoast_head_json":{"title":"Muere fundador de Grupo Pi\u00f1ero | Revista Latitud 21","description":"L21, Emprendedores y Negocios en el Caribe Mexicano, es la revista l\u00edder entre el Sector Empresarial y Tur\u00edstico del Caribe Mexicano.","robots":{"index":"index","follow":"follow","max-snippet":"max-snippet:-1","max-image-preview":"max-image-preview:large","max-video-preview":"max-video-preview:-1"},"canonical":"https:\/\/l21.mx\/?p=28884","twitter_card":"summary_large_image","twitter_title":"Muere fundador de Grupo Pi\u00f1ero | Revista Latitud 21","twitter_description":"L21, Emprendedores y Negocios en el Caribe Mexicano, es la revista l\u00edder entre el Sector Empresarial y Tur\u00edstico del Caribe Mexicano.","twitter_image":"https:\/\/l21.mx\/wp-content\/uploads\/2017\/09\/pablo-pinero.jpg","twitter_creator":"@Latitud21mx","twitter_site":"@Latitud21mx","twitter_misc":{"Escrito por":"Latitud21 Redacci\u00f3n","Tiempo de lectura":"1 minuto"},"schema":{"@context":"https:\/\/schema.org","@graph":[{"@type":"Article","@id":"https:\/\/l21.mx\/?p=28884#article","isPartOf":{"@id":"https:\/\/l21.mx\/?p=28884"},"author":{"name":"Latitud21 Redacci\u00f3n","@id":"https:\/\/l21.mx\/#\/schema\/person\/4b571cc212089f95579f3b66253728f1"},"headline":"Muere fundador de Grupo Pi\u00f1ero","datePublished":"2017-09-01T21:49:31+00:00","dateModified":"2017-09-04T15:05:25+00:00","mainEntityOfPage":{"@id":"https:\/\/l21.mx\/?p=28884"},"wordCount":285,"commentCount":0,"publisher":{"@id":"https:\/\/l21.mx\/#organization"},"image":{"@id":"https:\/\/l21.mx\/?p=28884#primaryimage"},"thumbnailUrl":"https:\/\/l21.mx\/wp-content\/uploads\/2017\/09\/pablo-pinero.jpg","articleSection":["Empresas y Negocios","Noticias"],"inLanguage":"es","potentialAction":[{"@type":"CommentAction","name":"Comment","target":["https:\/\/l21.mx\/?p=28884#respond"]}]},{"@type":"WebPage","@id":"https:\/\/l21.mx\/?p=28884","url":"https:\/\/l21.mx\/?p=28884","name":"Muere fundador de Grupo Pi\u00f1ero | Revista Latitud 21","isPartOf":{"@id":"https:\/\/l21.mx\/#website"},"primaryImageOfPage":{"@id":"https:\/\/l21.mx\/?p=28884#primaryimage"},"image":{"@id":"https:\/\/l21.mx\/?p=28884#primaryimage"},"thumbnailUrl":"https:\/\/l21.mx\/wp-content\/uploads\/2017\/09\/pablo-pinero.jpg","datePublished":"2017-09-01T21:49:31+00:00","dateModified":"2017-09-04T15:05:25+00:00","description":"L21, Emprendedores y Negocios en el Caribe Mexicano, es la revista l\u00edder entre el Sector Empresarial y Tur\u00edstico del Caribe Mexicano.","breadcrumb":{"@id":"https:\/\/l21.mx\/?p=28884#breadcrumb"},"inLanguage":"es","potentialAction":[{"@type":"ReadAction","target":["https:\/\/l21.mx\/?p=28884"]}]},{"@type":"ImageObject","inLanguage":"es","@id":"https:\/\/l21.mx\/?p=28884#primaryimage","url":"https:\/\/l21.mx\/wp-content\/uploads\/2017\/09\/pablo-pinero.jpg","contentUrl":"https:\/\/l21.mx\/wp-content\/uploads\/2017\/09\/pablo-pinero.jpg","width":903,"height":606},{"@type":"BreadcrumbList","@id":"https:\/\/l21.mx\/?p=28884#breadcrumb","itemListElement":[{"@type":"ListItem","position":1,"name":"Portada","item":"https:\/\/l21.mx\/"},{"@type":"ListItem","position":2,"name":"Muere fundador de Grupo Pi\u00f1ero"}]},{"@type":"WebSite","@id":"https:\/\/l21.mx\/#website","url":"https:\/\/l21.mx\/","name":"Revista Latitud 21","description":"Emprendedores  y negocios en el Caribe Mexicano","publisher":{"@id":"https:\/\/l21.mx\/#organization"},"potentialAction":[{"@type":"SearchAction","target":{"@type":"EntryPoint","urlTemplate":"https:\/\/l21.mx\/?s={search_term_string}"},"query-input":{"@type":"PropertyValueSpecification","valueRequired":true,"valueName":"search_term_string"}}],"inLanguage":"es"},{"@type":"Organization","@id":"https:\/\/l21.mx\/#organization","name":"Grupo Editorial Latitud 21 SA de CV","url":"https:\/\/l21.mx\/","logo":{"@type":"ImageObject","inLanguage":"es","@id":"https:\/\/l21.mx\/#\/schema\/logo\/image\/","url":"https:\/\/l21.mx\/wp-content\/uploads\/2020\/10\/logo-l21-baja.jpg","contentUrl":"https:\/\/l21.mx\/wp-content\/uploads\/2020\/10\/logo-l21-baja.jpg","width":250,"height":250,"caption":"Grupo Editorial Latitud 21 SA de CV"},"image":{"@id":"https:\/\/l21.mx\/#\/schema\/logo\/image\/"},"sameAs":["https:\/\/www.facebook.com\/RevistaLatitud21\/","https:\/\/x.com\/Latitud21mx"]},{"@type":"Person","@id":"https:\/\/l21.mx\/#\/schema\/person\/4b571cc212089f95579f3b66253728f1","name":"Latitud21 Redacci\u00f3n","url":"https:\/\/l21.mx\/?author=2"}]}},"amp_enabled":true,"_links":{"self":[{"href":"https:\/\/l21.mx\/index.php?rest_route=\/wp\/v2\/posts\/28884","targetHints":{"allow":["GET"]}}],"collection":[{"href":"https:\/\/l21.mx\/index.php?rest_route=\/wp\/v2\/posts"}],"about":[{"href":"https:\/\/l21.mx\/index.php?rest_route=\/wp\/v2\/types\/post"}],"author":[{"embeddable":true,"href":"https:\/\/l21.mx\/index.php?rest_route=\/wp\/v2\/users\/2"}],"replies":[{"embeddable":true,"href":"https:\/\/l21.mx\/index.php?rest_route=%2Fwp%2Fv2%2Fcomments&post=28884"}],"version-history":[{"count":0,"href":"https:\/\/l21.mx\/index.php?rest_route=\/wp\/v2\/posts\/28884\/revisions"}],"wp:featuredmedia":[{"embeddable":true,"href":"https:\/\/l21.mx\/index.php?rest_route=\/wp\/v2\/media\/28887"}],"wp:attachment":[{"href":"https:\/\/l21.mx\/index.php?rest_route=%2Fwp%2Fv2%2Fmedia&parent=28884"}],"wp:term":[{"taxonomy":"category","embeddable":true,"href":"https:\/\/l21.mx\/index.php?rest_route=%2Fwp%2Fv2%2Fcategories&post=28884"},{"taxonomy":"post_tag","embeddable":true,"href":"https:\/\/l21.mx\/index.php?rest_route=%2Fwp%2Fv2%2Ftags&post=28884"}],"curies":[{"name":"wp","href":"https:\/\/api.w.org\/{rel}","templated":true}]}}