{"id":28908,"date":"2017-09-04T17:13:30","date_gmt":"2017-09-04T22:13:30","guid":{"rendered":"http:\/\/innovatori.space\/lat21\/?p=28908"},"modified":"2017-09-04T17:13:30","modified_gmt":"2017-09-04T22:13:30","slug":"presenta-pricetravel-el-festival-de-viajes","status":"publish","type":"post","link":"https:\/\/l21.mx\/?p=28908","title":{"rendered":"PRESENTA PRICETRAVEL EL FESTIVAL DE VIAJES"},"content":{"rendered":"<p><em><a href=\"http:\/\/l21.mx\/wp-content\/uploads\/2016\/04\/PRICETRAVEL.jpg\" data-rel=\"penci-gallery-image-content\" ><img fetchpriority=\"high\" decoding=\"async\" class=\"aligncenter size-full wp-image-19427\" src=\"http:\/\/l21.mx\/wp-content\/uploads\/2016\/04\/PRICETRAVEL.jpg\" alt=\"\" width=\"623\" height=\"431\" srcset=\"https:\/\/l21.mx\/wp-content\/uploads\/2016\/04\/PRICETRAVEL.jpg 623w, https:\/\/l21.mx\/wp-content\/uploads\/2016\/04\/PRICETRAVEL-300x208.jpg 300w, https:\/\/l21.mx\/wp-content\/uploads\/2016\/04\/PRICETRAVEL-585x405.jpg 585w\" sizes=\"(max-width: 623px) 100vw, 623px\" \/><\/a><a href=\"http:\/\/l21.mx\/wp-content\/uploads\/2017\/09\/proice-travel-festival-de-viajes.jpg\"><br \/>\n<\/a><a href=\"http:\/\/l21.mx\/wp-content\/uploads\/2015\/07\/Price-Travel.jpg\"><br \/>\n<\/a>Ciudad de M\u00e9xico.\u00a0<\/em>La Agencia de Viajes en L\u00ednea\u00a0<a href=\"http:\/\/pricetravel.com.mx\/\">PriceTravel.com.mx<\/a>, anuncia su segunda edici\u00f3n del Festival de Viajes 2017, una semana de grandes ofertas para todos los viajeros, disponibles del 4 al 10 de septiembre.<br \/>\nLa ocupaci\u00f3n hotelera en los destinos de playa en M\u00e9xico aument\u00f3 2.5 por ciento respecto al a\u00f1o anterior, de acuerdo con datos de la Secretar\u00eda de Turismo Federal. Es por esto que, la agencia de viajes en l\u00ednea ofrecer\u00e1 descuentos de hasta 72 por ciento en hoteles de playa; adem\u00e1s de descuentos de hasta el 59 por ciento en hoteles de Estados Unidos, as\u00ed como otras ofertas especiales.<br \/>\n\u201cNos complace anunciar nuevamente nuestro Festival de Viajes de\u00a0<a href=\"http:\/\/pricetravel.com.mx\/\">PriceTravel.com.mx<\/a>, el cual trae a los clientes grandes oportunidades para viajar a diferentes destinos nacionales e internacionales con excelentes descuentos, adem\u00e1s de diversas formas de pago que la agencia ofrece y sobre todo la calidad en el servicio con que ser\u00e1n atendidos por nuestros expertos asesores de viajes\u201d se\u00f1al\u00f3 Mariano Garc\u00eda, Gerente de Ventas Online.<br \/>\nAdem\u00e1s de descuentos en hoteles tanto nacionales como internacionales, la agencia de viajes en l\u00ednea estar\u00e1 ofreciendo ofertas exclusivas en cruceros, tours al 2 x 1 y hasta 3 x 2 en tours en parques tem\u00e1ticos,\u00a0 as\u00ed como circuitos con 35 por ciento de descuento y algunos de \u00e9stos con la promoci\u00f3n de ni\u00f1os gratis.<br \/>\nUno de los objetivos principales de\u00a0<a href=\"http:\/\/pricetravel.com.mx\/\">PriceTravel.com.mx<\/a>\u00a0es incorporar nuevos destinos y m\u00e1s productos nacionales e internacionales a su oferta de viajes. Hoy en d\u00eda, la agencia ofrece una oferta de m\u00e1s de 151 mil hoteles en M\u00e9xico y el mundo.<br \/>\nEl Festival de Viajes es una excelente opci\u00f3n para que los viajeros tengan la opci\u00f3n de elegir su pr\u00f3ximo destino para sus siguientes vacaciones.<\/p>\n","protected":false},"excerpt":{"rendered":"<p>Ciudad de M\u00e9xico.\u00a0La Agencia de Viajes en L\u00ednea\u00a0PriceTravel.com.mx, anuncia su segunda edici\u00f3n del Festival de Viajes&hellip;<\/p>\n","protected":false},"author":2,"featured_media":28909,"comment_status":"open","ping_status":"open","sticky":false,"template":"","format":"standard","meta":{"_acf_changed":false,"_lmt_disableupdate":"","_lmt_disable":"","_mbp_gutenberg_autopost":false,"footnotes":""},"categories":[23,8],"tags":[],"class_list":["post-28908","post","type-post","status-publish","format-standard","has-post-thumbnail","hentry","category-noticias","category-turismo"],"acf":[],"yoast_head":"<!-- This site is optimized with the Yoast SEO plugin v27.3 - https:\/\/yoast.com\/product\/yoast-seo-wordpress\/ -->\n<title>PRESENTA PRICETRAVEL EL FESTIVAL DE VIAJES | Revista Latitud 21<\/title>\n<meta name=\"description\" content=\"L21, Emprendedores y Negocios en el Caribe Mexicano, es la revista l\u00edder entre el Sector Empresarial y Tur\u00edstico del Caribe Mexicano.\" \/>\n<meta name=\"robots\" content=\"index, follow, max-snippet:-1, max-image-preview:large, max-video-preview:-1\" \/>\n<link rel=\"canonical\" href=\"https:\/\/l21.mx\/?p=28908\" \/>\n<meta name=\"twitter:card\" content=\"summary_large_image\" \/>\n<meta name=\"twitter:title\" content=\"PRESENTA PRICETRAVEL EL FESTIVAL DE VIAJES | Revista Latitud 21\" \/>\n<meta name=\"twitter:description\" content=\"L21, Emprendedores y Negocios en el Caribe Mexicano, es la revista l\u00edder entre el Sector Empresarial y Tur\u00edstico del Caribe Mexicano.\" \/>\n<meta name=\"twitter:image\" content=\"https:\/\/l21.mx\/wp-content\/uploads\/2017\/09\/proice-travel-festival-de-viajes.jpg\" \/>\n<meta name=\"twitter:creator\" content=\"@Latitud21mx\" \/>\n<meta name=\"twitter:site\" content=\"@Latitud21mx\" \/>\n<meta name=\"twitter:label1\" content=\"Escrito por\" \/>\n\t<meta name=\"twitter:data1\" content=\"Latitud21 Redacci\u00f3n\" \/>\n\t<meta name=\"twitter:label2\" content=\"Tiempo de lectura\" \/>\n\t<meta name=\"twitter:data2\" content=\"2 minutos\" \/>\n<script type=\"application\/ld+json\" class=\"yoast-schema-graph\">{\"@context\":\"https:\\\/\\\/schema.org\",\"@graph\":[{\"@type\":\"Article\",\"@id\":\"https:\\\/\\\/l21.mx\\\/?p=28908#article\",\"isPartOf\":{\"@id\":\"https:\\\/\\\/l21.mx\\\/?p=28908\"},\"author\":{\"name\":\"Latitud21 Redacci\u00f3n\",\"@id\":\"https:\\\/\\\/l21.mx\\\/#\\\/schema\\\/person\\\/4b571cc212089f95579f3b66253728f1\"},\"headline\":\"PRESENTA PRICETRAVEL EL FESTIVAL DE VIAJES\",\"datePublished\":\"2017-09-04T22:13:30+00:00\",\"mainEntityOfPage\":{\"@id\":\"https:\\\/\\\/l21.mx\\\/?p=28908\"},\"wordCount\":312,\"commentCount\":0,\"publisher\":{\"@id\":\"https:\\\/\\\/l21.mx\\\/#organization\"},\"image\":{\"@id\":\"https:\\\/\\\/l21.mx\\\/?p=28908#primaryimage\"},\"thumbnailUrl\":\"https:\\\/\\\/l21.mx\\\/wp-content\\\/uploads\\\/2017\\\/09\\\/proice-travel-festival-de-viajes.jpg\",\"articleSection\":[\"Noticias\",\"Turismo\"],\"inLanguage\":\"es\",\"potentialAction\":[{\"@type\":\"CommentAction\",\"name\":\"Comment\",\"target\":[\"https:\\\/\\\/l21.mx\\\/?p=28908#respond\"]}]},{\"@type\":\"WebPage\",\"@id\":\"https:\\\/\\\/l21.mx\\\/?p=28908\",\"url\":\"https:\\\/\\\/l21.mx\\\/?p=28908\",\"name\":\"PRESENTA PRICETRAVEL EL FESTIVAL DE VIAJES | Revista Latitud 21\",\"isPartOf\":{\"@id\":\"https:\\\/\\\/l21.mx\\\/#website\"},\"primaryImageOfPage\":{\"@id\":\"https:\\\/\\\/l21.mx\\\/?p=28908#primaryimage\"},\"image\":{\"@id\":\"https:\\\/\\\/l21.mx\\\/?p=28908#primaryimage\"},\"thumbnailUrl\":\"https:\\\/\\\/l21.mx\\\/wp-content\\\/uploads\\\/2017\\\/09\\\/proice-travel-festival-de-viajes.jpg\",\"datePublished\":\"2017-09-04T22:13:30+00:00\",\"description\":\"L21, Emprendedores y Negocios en el Caribe Mexicano, es la revista l\u00edder entre el Sector Empresarial y Tur\u00edstico del Caribe Mexicano.\",\"breadcrumb\":{\"@id\":\"https:\\\/\\\/l21.mx\\\/?p=28908#breadcrumb\"},\"inLanguage\":\"es\",\"potentialAction\":[{\"@type\":\"ReadAction\",\"target\":[\"https:\\\/\\\/l21.mx\\\/?p=28908\"]}]},{\"@type\":\"ImageObject\",\"inLanguage\":\"es\",\"@id\":\"https:\\\/\\\/l21.mx\\\/?p=28908#primaryimage\",\"url\":\"https:\\\/\\\/l21.mx\\\/wp-content\\\/uploads\\\/2017\\\/09\\\/proice-travel-festival-de-viajes.jpg\",\"contentUrl\":\"https:\\\/\\\/l21.mx\\\/wp-content\\\/uploads\\\/2017\\\/09\\\/proice-travel-festival-de-viajes.jpg\",\"width\":1000,\"height\":722},{\"@type\":\"BreadcrumbList\",\"@id\":\"https:\\\/\\\/l21.mx\\\/?p=28908#breadcrumb\",\"itemListElement\":[{\"@type\":\"ListItem\",\"position\":1,\"name\":\"Portada\",\"item\":\"https:\\\/\\\/l21.mx\\\/\"},{\"@type\":\"ListItem\",\"position\":2,\"name\":\"PRESENTA PRICETRAVEL EL FESTIVAL DE VIAJES\"}]},{\"@type\":\"WebSite\",\"@id\":\"https:\\\/\\\/l21.mx\\\/#website\",\"url\":\"https:\\\/\\\/l21.mx\\\/\",\"name\":\"Revista Latitud 21\",\"description\":\"Emprendedores  y negocios en el Caribe Mexicano\",\"publisher\":{\"@id\":\"https:\\\/\\\/l21.mx\\\/#organization\"},\"potentialAction\":[{\"@type\":\"SearchAction\",\"target\":{\"@type\":\"EntryPoint\",\"urlTemplate\":\"https:\\\/\\\/l21.mx\\\/?s={search_term_string}\"},\"query-input\":{\"@type\":\"PropertyValueSpecification\",\"valueRequired\":true,\"valueName\":\"search_term_string\"}}],\"inLanguage\":\"es\"},{\"@type\":\"Organization\",\"@id\":\"https:\\\/\\\/l21.mx\\\/#organization\",\"name\":\"Grupo Editorial Latitud 21 SA de CV\",\"url\":\"https:\\\/\\\/l21.mx\\\/\",\"logo\":{\"@type\":\"ImageObject\",\"inLanguage\":\"es\",\"@id\":\"https:\\\/\\\/l21.mx\\\/#\\\/schema\\\/logo\\\/image\\\/\",\"url\":\"https:\\\/\\\/l21.mx\\\/wp-content\\\/uploads\\\/2020\\\/10\\\/logo-l21-baja.jpg\",\"contentUrl\":\"https:\\\/\\\/l21.mx\\\/wp-content\\\/uploads\\\/2020\\\/10\\\/logo-l21-baja.jpg\",\"width\":250,\"height\":250,\"caption\":\"Grupo Editorial Latitud 21 SA de CV\"},\"image\":{\"@id\":\"https:\\\/\\\/l21.mx\\\/#\\\/schema\\\/logo\\\/image\\\/\"},\"sameAs\":[\"https:\\\/\\\/www.facebook.com\\\/RevistaLatitud21\\\/\",\"https:\\\/\\\/x.com\\\/Latitud21mx\"]},{\"@type\":\"Person\",\"@id\":\"https:\\\/\\\/l21.mx\\\/#\\\/schema\\\/person\\\/4b571cc212089f95579f3b66253728f1\",\"name\":\"Latitud21 Redacci\u00f3n\",\"url\":\"https:\\\/\\\/l21.mx\\\/?author=2\"}]}<\/script>\n<!-- \/ Yoast SEO plugin. -->","yoast_head_json":{"title":"PRESENTA PRICETRAVEL EL FESTIVAL DE VIAJES | Revista Latitud 21","description":"L21, Emprendedores y Negocios en el Caribe Mexicano, es la revista l\u00edder entre el Sector Empresarial y Tur\u00edstico del Caribe Mexicano.","robots":{"index":"index","follow":"follow","max-snippet":"max-snippet:-1","max-image-preview":"max-image-preview:large","max-video-preview":"max-video-preview:-1"},"canonical":"https:\/\/l21.mx\/?p=28908","twitter_card":"summary_large_image","twitter_title":"PRESENTA PRICETRAVEL EL FESTIVAL DE VIAJES | Revista Latitud 21","twitter_description":"L21, Emprendedores y Negocios en el Caribe Mexicano, es la revista l\u00edder entre el Sector Empresarial y Tur\u00edstico del Caribe Mexicano.","twitter_image":"https:\/\/l21.mx\/wp-content\/uploads\/2017\/09\/proice-travel-festival-de-viajes.jpg","twitter_creator":"@Latitud21mx","twitter_site":"@Latitud21mx","twitter_misc":{"Escrito por":"Latitud21 Redacci\u00f3n","Tiempo de lectura":"2 minutos"},"schema":{"@context":"https:\/\/schema.org","@graph":[{"@type":"Article","@id":"https:\/\/l21.mx\/?p=28908#article","isPartOf":{"@id":"https:\/\/l21.mx\/?p=28908"},"author":{"name":"Latitud21 Redacci\u00f3n","@id":"https:\/\/l21.mx\/#\/schema\/person\/4b571cc212089f95579f3b66253728f1"},"headline":"PRESENTA PRICETRAVEL EL FESTIVAL DE VIAJES","datePublished":"2017-09-04T22:13:30+00:00","mainEntityOfPage":{"@id":"https:\/\/l21.mx\/?p=28908"},"wordCount":312,"commentCount":0,"publisher":{"@id":"https:\/\/l21.mx\/#organization"},"image":{"@id":"https:\/\/l21.mx\/?p=28908#primaryimage"},"thumbnailUrl":"https:\/\/l21.mx\/wp-content\/uploads\/2017\/09\/proice-travel-festival-de-viajes.jpg","articleSection":["Noticias","Turismo"],"inLanguage":"es","potentialAction":[{"@type":"CommentAction","name":"Comment","target":["https:\/\/l21.mx\/?p=28908#respond"]}]},{"@type":"WebPage","@id":"https:\/\/l21.mx\/?p=28908","url":"https:\/\/l21.mx\/?p=28908","name":"PRESENTA PRICETRAVEL EL FESTIVAL DE VIAJES | Revista Latitud 21","isPartOf":{"@id":"https:\/\/l21.mx\/#website"},"primaryImageOfPage":{"@id":"https:\/\/l21.mx\/?p=28908#primaryimage"},"image":{"@id":"https:\/\/l21.mx\/?p=28908#primaryimage"},"thumbnailUrl":"https:\/\/l21.mx\/wp-content\/uploads\/2017\/09\/proice-travel-festival-de-viajes.jpg","datePublished":"2017-09-04T22:13:30+00:00","description":"L21, Emprendedores y Negocios en el Caribe Mexicano, es la revista l\u00edder entre el Sector Empresarial y Tur\u00edstico del Caribe Mexicano.","breadcrumb":{"@id":"https:\/\/l21.mx\/?p=28908#breadcrumb"},"inLanguage":"es","potentialAction":[{"@type":"ReadAction","target":["https:\/\/l21.mx\/?p=28908"]}]},{"@type":"ImageObject","inLanguage":"es","@id":"https:\/\/l21.mx\/?p=28908#primaryimage","url":"https:\/\/l21.mx\/wp-content\/uploads\/2017\/09\/proice-travel-festival-de-viajes.jpg","contentUrl":"https:\/\/l21.mx\/wp-content\/uploads\/2017\/09\/proice-travel-festival-de-viajes.jpg","width":1000,"height":722},{"@type":"BreadcrumbList","@id":"https:\/\/l21.mx\/?p=28908#breadcrumb","itemListElement":[{"@type":"ListItem","position":1,"name":"Portada","item":"https:\/\/l21.mx\/"},{"@type":"ListItem","position":2,"name":"PRESENTA PRICETRAVEL EL FESTIVAL DE VIAJES"}]},{"@type":"WebSite","@id":"https:\/\/l21.mx\/#website","url":"https:\/\/l21.mx\/","name":"Revista Latitud 21","description":"Emprendedores  y negocios en el Caribe Mexicano","publisher":{"@id":"https:\/\/l21.mx\/#organization"},"potentialAction":[{"@type":"SearchAction","target":{"@type":"EntryPoint","urlTemplate":"https:\/\/l21.mx\/?s={search_term_string}"},"query-input":{"@type":"PropertyValueSpecification","valueRequired":true,"valueName":"search_term_string"}}],"inLanguage":"es"},{"@type":"Organization","@id":"https:\/\/l21.mx\/#organization","name":"Grupo Editorial Latitud 21 SA de CV","url":"https:\/\/l21.mx\/","logo":{"@type":"ImageObject","inLanguage":"es","@id":"https:\/\/l21.mx\/#\/schema\/logo\/image\/","url":"https:\/\/l21.mx\/wp-content\/uploads\/2020\/10\/logo-l21-baja.jpg","contentUrl":"https:\/\/l21.mx\/wp-content\/uploads\/2020\/10\/logo-l21-baja.jpg","width":250,"height":250,"caption":"Grupo Editorial Latitud 21 SA de CV"},"image":{"@id":"https:\/\/l21.mx\/#\/schema\/logo\/image\/"},"sameAs":["https:\/\/www.facebook.com\/RevistaLatitud21\/","https:\/\/x.com\/Latitud21mx"]},{"@type":"Person","@id":"https:\/\/l21.mx\/#\/schema\/person\/4b571cc212089f95579f3b66253728f1","name":"Latitud21 Redacci\u00f3n","url":"https:\/\/l21.mx\/?author=2"}]}},"amp_enabled":true,"_links":{"self":[{"href":"https:\/\/l21.mx\/index.php?rest_route=\/wp\/v2\/posts\/28908","targetHints":{"allow":["GET"]}}],"collection":[{"href":"https:\/\/l21.mx\/index.php?rest_route=\/wp\/v2\/posts"}],"about":[{"href":"https:\/\/l21.mx\/index.php?rest_route=\/wp\/v2\/types\/post"}],"author":[{"embeddable":true,"href":"https:\/\/l21.mx\/index.php?rest_route=\/wp\/v2\/users\/2"}],"replies":[{"embeddable":true,"href":"https:\/\/l21.mx\/index.php?rest_route=%2Fwp%2Fv2%2Fcomments&post=28908"}],"version-history":[{"count":0,"href":"https:\/\/l21.mx\/index.php?rest_route=\/wp\/v2\/posts\/28908\/revisions"}],"wp:featuredmedia":[{"embeddable":true,"href":"https:\/\/l21.mx\/index.php?rest_route=\/wp\/v2\/media\/28909"}],"wp:attachment":[{"href":"https:\/\/l21.mx\/index.php?rest_route=%2Fwp%2Fv2%2Fmedia&parent=28908"}],"wp:term":[{"taxonomy":"category","embeddable":true,"href":"https:\/\/l21.mx\/index.php?rest_route=%2Fwp%2Fv2%2Fcategories&post=28908"},{"taxonomy":"post_tag","embeddable":true,"href":"https:\/\/l21.mx\/index.php?rest_route=%2Fwp%2Fv2%2Ftags&post=28908"}],"curies":[{"name":"wp","href":"https:\/\/api.w.org\/{rel}","templated":true}]}}