{"id":2891,"date":"2013-06-04T12:12:08","date_gmt":"2013-06-04T17:12:08","guid":{"rendered":"http:\/\/innovatori.space\/lat21\/?p=2891"},"modified":"2013-06-05T12:21:45","modified_gmt":"2013-06-05T17:21:45","slug":"posicion-adelantada","status":"publish","type":"post","link":"https:\/\/l21.mx\/?p=2891","title":{"rendered":"Posici\u00f3n adelantada"},"content":{"rendered":"<p><a href=\"http:\/\/l21.mx\/wp-content\/uploads\/2013\/06\/LAKAM-CENTER-8.jpg\" data-rel=\"penci-gallery-image-content\" ><img fetchpriority=\"high\" decoding=\"async\" class=\"alignleft size-large wp-image-2892\" title=\"LAKAM CENTER (8)\" src=\"http:\/\/l21.mx\/wp-content\/uploads\/2013\/06\/LAKAM-CENTER-8-1024x685.jpg\" alt=\"\" width=\"1024\" height=\"685\" srcset=\"https:\/\/l21.mx\/wp-content\/uploads\/2013\/06\/LAKAM-CENTER-8-1024x685.jpg 1024w, https:\/\/l21.mx\/wp-content\/uploads\/2013\/06\/LAKAM-CENTER-8-300x200.jpg 300w, https:\/\/l21.mx\/wp-content\/uploads\/2013\/06\/LAKAM-CENTER-8-126x85.jpg 126w, https:\/\/l21.mx\/wp-content\/uploads\/2013\/06\/LAKAM-CENTER-8-600x401.jpg 600w, https:\/\/l21.mx\/wp-content\/uploads\/2013\/06\/LAKAM-CENTER-8-167x111.jpg 167w, https:\/\/l21.mx\/wp-content\/uploads\/2013\/06\/LAKAM-CENTER-8-80x53.jpg 80w, https:\/\/l21.mx\/wp-content\/uploads\/2013\/06\/LAKAM-CENTER-8.jpg 1500w\" sizes=\"(max-width: 1024px) 100vw, 1024px\" \/><\/a><\/p>\n<p><strong><span style=\"color: #993300;\">Ubicaci\u00f3n: Canc\u00fan<\/span><\/strong><\/p>\n<p><strong><span style=\"color: #993300;\">Latitud 21<\/span><\/strong><\/p>\n<p>En la disputa por la sede del Tianguis Tur\u00edstico 2014 que se realizar\u00e1 en Canc\u00fan todo se vale, incluso cantar victoria antes de que el Comit\u00e9 Organizador termine de cumplir con el proceso oficial, al menos para acatar\u00a0 las formas. De los recintos interesados en albergar el mayor evento tur\u00edstico del pa\u00eds, el hotel Moon Palace, comandado por Jos\u00e9 Chapur Zahoul, parece haber tomado una posici\u00f3n adelantada a juzgar por las declaraciones del propio Chapur, quien en una cena de gala con mayoristas de Estados Unidos\u00a0 dio por hecho que su inmueble ser\u00eda la sede del tianguis, anuncio por el que recibi\u00f3 una gran ovaci\u00f3n. Esa misma seguridad lo lleva a realizar una fuerte inyecci\u00f3n de capital para duplicar el tama\u00f1o de su Centro de Convenciones, a 22 mil metros cuadrados. A la par, el otro gigante en extensi\u00f3n, el Lak\u00e1m Center, presume sus 25 mil m2 climatizados, adem\u00e1s de una mayor facilidad en cuanto al acceso al evento. El recinto dirigido por Horacio Estrada y bajo operaci\u00f3n de BP-RIO Development Company, conjuntamente con el mayor operador de centros de eventos en Estados Unidos, la compa\u00f1\u00eda SMG, no baja la guardia en su af\u00e1n de albergar el Tianguis Tur\u00edstico, o al menos funcionar como sede alterna. Al cierre de esta edici\u00f3n ambas locaciones hab\u00edan recibido la visita de los integrantes del Comit\u00e9 Organizador de la Sectur; sin embargo, a\u00fan quedan en el aire las decisiones m\u00e1s importantes: la sede y la fecha.<\/p>\n<div><\/div>\n","protected":false},"excerpt":{"rendered":"<p>Ubicaci\u00f3n: Canc\u00fan Latitud 21 En la disputa por la sede del Tianguis Tur\u00edstico 2014 que se&hellip;<\/p>\n","protected":false},"author":2,"featured_media":2894,"comment_status":"open","ping_status":"open","sticky":false,"template":"","format":"standard","meta":{"_acf_changed":false,"_lmt_disableupdate":"","_lmt_disable":"","_mbp_gutenberg_autopost":false,"footnotes":""},"categories":[38],"tags":[63,65,166,62,48,64,61],"class_list":["post-2891","post","type-post","status-publish","format-standard","has-post-thumbnail","hentry","category-en-la-21-y-otras-latitudes","tag-caribe-mexicano","tag-grupo-editorial-latitud21","tag-grupo-editorial-latitud21-revista-empresarial","tag-revista-latitud21","tag-cancun","tag-latitud-21","tag-latitud21"],"acf":[],"_links":{"self":[{"href":"https:\/\/l21.mx\/index.php?rest_route=\/wp\/v2\/posts\/2891","targetHints":{"allow":["GET"]}}],"collection":[{"href":"https:\/\/l21.mx\/index.php?rest_route=\/wp\/v2\/posts"}],"about":[{"href":"https:\/\/l21.mx\/index.php?rest_route=\/wp\/v2\/types\/post"}],"author":[{"embeddable":true,"href":"https:\/\/l21.mx\/index.php?rest_route=\/wp\/v2\/users\/2"}],"replies":[{"embeddable":true,"href":"https:\/\/l21.mx\/index.php?rest_route=%2Fwp%2Fv2%2Fcomments&post=2891"}],"version-history":[{"count":0,"href":"https:\/\/l21.mx\/index.php?rest_route=\/wp\/v2\/posts\/2891\/revisions"}],"wp:featuredmedia":[{"embeddable":true,"href":"https:\/\/l21.mx\/index.php?rest_route=\/wp\/v2\/media\/2894"}],"wp:attachment":[{"href":"https:\/\/l21.mx\/index.php?rest_route=%2Fwp%2Fv2%2Fmedia&parent=2891"}],"wp:term":[{"taxonomy":"category","embeddable":true,"href":"https:\/\/l21.mx\/index.php?rest_route=%2Fwp%2Fv2%2Fcategories&post=2891"},{"taxonomy":"post_tag","embeddable":true,"href":"https:\/\/l21.mx\/index.php?rest_route=%2Fwp%2Fv2%2Ftags&post=2891"}],"curies":[{"name":"wp","href":"https:\/\/api.w.org\/{rel}","templated":true}]}}