{"id":28961,"date":"2017-09-06T17:58:28","date_gmt":"2017-09-06T22:58:28","guid":{"rendered":"http:\/\/innovatori.space\/lat21\/?p=28961"},"modified":"2017-09-06T16:59:08","modified_gmt":"2017-09-06T21:59:08","slug":"firma-gobierno-de-puerto-morelos-convenio-de-beneficio-social-con-experiencias-xcaret","status":"publish","type":"post","link":"https:\/\/l21.mx\/?p=28961","title":{"rendered":"FIRMA GOBIERNO DE PUERTO MORELOS CONVENIO DE BENEFICIO SOCIAL CON EXPERIENCIAS XCARET"},"content":{"rendered":"<p><a href=\"http:\/\/l21.mx\/wp-content\/uploads\/2016\/12\/Certificado-de-Excelencia-para-Grupo-Xcaret.jpg\" data-rel=\"penci-gallery-image-content\" ><img fetchpriority=\"high\" decoding=\"async\" class=\"aligncenter size-full wp-image-22851\" src=\"http:\/\/l21.mx\/wp-content\/uploads\/2016\/12\/Certificado-de-Excelencia-para-Grupo-Xcaret.jpg\" alt=\"\" width=\"800\" height=\"649\" srcset=\"https:\/\/l21.mx\/wp-content\/uploads\/2016\/12\/Certificado-de-Excelencia-para-Grupo-Xcaret.jpg 800w, https:\/\/l21.mx\/wp-content\/uploads\/2016\/12\/Certificado-de-Excelencia-para-Grupo-Xcaret-300x243.jpg 300w, https:\/\/l21.mx\/wp-content\/uploads\/2016\/12\/Certificado-de-Excelencia-para-Grupo-Xcaret-768x623.jpg 768w, https:\/\/l21.mx\/wp-content\/uploads\/2016\/12\/Certificado-de-Excelencia-para-Grupo-Xcaret-585x475.jpg 585w\" sizes=\"(max-width: 800px) 100vw, 800px\" \/><\/a><\/p>\n<p>El Ayuntamiento de<strong> Puerto Morelos<\/strong> y el<strong> Grupo Experiencias Xcaret<\/strong> firmaron un convenio de colaboraci\u00f3n y beneficio social, con el objetivo de que los sectores m\u00e1s vulnerables del municipio conozcan los principales parques y atracciones de <strong>Quintana Roo<\/strong>.<\/p>\n<p>La presidenta municipal <strong>Laura Fern\u00e1ndez<\/strong> celebr\u00f3 este acuerdo, mediante el cual, se brindar\u00e1n cortes\u00edas y descuentos para que los portomorelenses puedan disfrutar de los parques pertenecientes al Grupo: <strong>Xcaret<\/strong>, <strong>Xel-Ha<\/strong>, <strong>Xenses<\/strong> y <strong>Xplor<\/strong>.<\/p>\n<p>\u201cQu\u00e9 bueno que <strong>Experiencias Xcaret<\/strong> le abre las puertas a la gente local a trav\u00e9s de este programa de turismo social. Gracias por brindar esa oportunidad a nuestras familias para conocer nuestro municipio y nuestro estado\u201d, indic\u00f3.<\/p>\n<p>Asimismo, destac\u00f3 la amplia trayectoria de este grupo empresarial que, por muchos a\u00f1os, se ha posicionado como uno de los principales atractivos tur\u00edsticos de <strong>Quintana Roo<\/strong>.<\/p>\n<p>\u201cEl <strong>Grupo Xcaret<\/strong> ha crecido a lo largo de cuatro d\u00e9cadas, no solo empresarialmente, sino tambi\u00e9n ecol\u00f3gicamente y socialmente. Gracias por poner ese granito de arena aqu\u00ed en Puerto Morelos\u201d, agreg\u00f3.<\/p>\n<p>Por su parte,<strong> Carlos Constandse Madrazo<\/strong>, vicepresidente de Experiencias Xcaret, agradeci\u00f3 la voluntad del gobierno municipal de aceptar la firma de este convenio de beneficio social.<\/p>\n<p>Durante la firma del convenio, el empresario invit\u00f3 a los alumnos de sexto grado de la escuela primaria \u201c<strong>David Alfaro Siqueiros<\/strong>\u201d, que se dieron cita en la sala de juntas del Palacio Municipal, para visitar, de manera gratuita, el <strong>parque ecol\u00f3gico Xcaret<\/strong>. \u201cEs muy bonito que ustedes conozcan las bellezas naturales que tenemos, lo hermoso del lugar donde vivimos; nuestros mares, nuestras playas, la flora y la fauna\u201d, a\u00f1adi\u00f3.<\/p>\n<p>En tanto, <strong>H\u00e9ctor Tamayo S\u00e1nchez<\/strong>, director municipal de Turismo, se\u00f1al\u00f3 que se trabajar\u00e1 de la mano con la iniciativa privada para generar una mayor cantidad de convenios que ofrezcan beneficios sociales a los portomorelenses. \u201cCon este convenio de turismo social, se ayudar\u00e1 a los sectores m\u00e1s vulnerables de nuestro municipio para que conozcan parques de primer nivel\u201d, concluy\u00f3.<\/p>\n<p>Durante la firma del convenio,<strong> Iliana Rodr\u00edguez Cavazos<\/strong>, directora de Comunicaci\u00f3n y Responsabilidad Social Corporativa de<strong> Experiencias Xcaret<\/strong>, present\u00f3 ante autoridades municipales el proyecto de sustentabilidad de este grupo empresarial.<\/p>\n<p>&nbsp;<\/p>\n","protected":false},"excerpt":{"rendered":"<p>El Ayuntamiento de Puerto Morelos y el Grupo Experiencias Xcaret firmaron un convenio de colaboraci\u00f3n y&hellip;<\/p>\n","protected":false},"author":2,"featured_media":0,"comment_status":"open","ping_status":"open","sticky":false,"template":"","format":"standard","meta":{"_acf_changed":false,"_lmt_disableupdate":"","_lmt_disable":"","_mbp_gutenberg_autopost":false,"footnotes":""},"categories":[23,35],"tags":[],"class_list":["post-28961","post","type-post","status-publish","format-standard","hentry","category-noticias","category-responsabilidad-social"],"acf":[],"_links":{"self":[{"href":"https:\/\/l21.mx\/index.php?rest_route=\/wp\/v2\/posts\/28961","targetHints":{"allow":["GET"]}}],"collection":[{"href":"https:\/\/l21.mx\/index.php?rest_route=\/wp\/v2\/posts"}],"about":[{"href":"https:\/\/l21.mx\/index.php?rest_route=\/wp\/v2\/types\/post"}],"author":[{"embeddable":true,"href":"https:\/\/l21.mx\/index.php?rest_route=\/wp\/v2\/users\/2"}],"replies":[{"embeddable":true,"href":"https:\/\/l21.mx\/index.php?rest_route=%2Fwp%2Fv2%2Fcomments&post=28961"}],"version-history":[{"count":0,"href":"https:\/\/l21.mx\/index.php?rest_route=\/wp\/v2\/posts\/28961\/revisions"}],"wp:attachment":[{"href":"https:\/\/l21.mx\/index.php?rest_route=%2Fwp%2Fv2%2Fmedia&parent=28961"}],"wp:term":[{"taxonomy":"category","embeddable":true,"href":"https:\/\/l21.mx\/index.php?rest_route=%2Fwp%2Fv2%2Fcategories&post=28961"},{"taxonomy":"post_tag","embeddable":true,"href":"https:\/\/l21.mx\/index.php?rest_route=%2Fwp%2Fv2%2Ftags&post=28961"}],"curies":[{"name":"wp","href":"https:\/\/api.w.org\/{rel}","templated":true}]}}