{"id":28964,"date":"2017-09-07T10:38:28","date_gmt":"2017-09-07T15:38:28","guid":{"rendered":"http:\/\/innovatori.space\/lat21\/?p=28964"},"modified":"2017-09-08T12:56:21","modified_gmt":"2017-09-08T17:56:21","slug":"informacion-importante-para-pasajeros-con-boletos-a-miami","status":"publish","type":"post","link":"https:\/\/l21.mx\/?p=28964","title":{"rendered":"INFORMACI\u00d3N IMPORTANTE PARA\u00a0PASAJEROS CON BOLETOS A MIAMI\u00a0"},"content":{"rendered":"<h1>\u00a0<a href=\"http:\/\/l21.mx\/wp-content\/uploads\/2017\/09\/interjet.jpg\" data-rel=\"penci-gallery-image-content\" ><img fetchpriority=\"high\" decoding=\"async\" class=\"aligncenter size-full wp-image-28965\" src=\"http:\/\/l21.mx\/wp-content\/uploads\/2017\/09\/interjet.jpg\" alt=\"\" width=\"1280\" height=\"720\" srcset=\"https:\/\/l21.mx\/wp-content\/uploads\/2017\/09\/interjet.jpg 1280w, https:\/\/l21.mx\/wp-content\/uploads\/2017\/09\/interjet-300x169.jpg 300w, https:\/\/l21.mx\/wp-content\/uploads\/2017\/09\/interjet-1024x576.jpg 1024w, https:\/\/l21.mx\/wp-content\/uploads\/2017\/09\/interjet-768x432.jpg 768w, https:\/\/l21.mx\/wp-content\/uploads\/2017\/09\/interjet-1170x658.jpg 1170w, https:\/\/l21.mx\/wp-content\/uploads\/2017\/09\/interjet-585x329.jpg 585w\" sizes=\"(max-width: 1280px) 100vw, 1280px\" \/><\/a><\/h1>\n<p><strong>Como consecuencia de las afectaciones climatol\u00f3gicas causadas por el hurac\u00e1n Irma, Interjet informa que los siguientes vuelos han sido cancelados:<\/strong><\/p>\n<div class=\"pcrstb-wrap\"><table>\n<tbody>\n<tr>\n<td colspan=\"2\" width=\"899\"><strong>9 de septiembre de 2017\u00a0\u00a0\u00a0\u00a0\u00a0\u00a0\u00a0\u00a0\u00a0\u00a0 \u00a0\u00a0\u00a0\u00a0\u00a0\u00a0\u00a0\u00a0\u00a0\u00a0\u00a0\u00a0\u00a0\u00a0\u00a0\u00a0\u00a0\u00a0\u00a0\u00a0\u00a0\u00a0\u00a0\u00a0\u00a0\u00a0\u00a0\u00a0\u00a0\u00a0\u00a010 de septiembre de 2017\u00a0\u00a0\u00a0\u00a0\u00a0\u00a0\u00a0\u00a0\u00a0\u00a0\u00a0\u00a0\u00a0\u00a0\u00a0\u00a0\u00a0\u00a0\u00a0\u00a0\u00a0\u00a0\u00a0\u00a0\u00a0<\/strong><\/td>\n<\/tr>\n<tr>\n<td width=\"449\">&nbsp;<\/p>\n<ul>\n<li>Vuelo 2960 M\u00e9xico-Miami<\/li>\n<li>Vuelo 2961 Miami-M\u00e9xico<\/li>\n<\/ul>\n<p>&nbsp;<\/td>\n<td width=\"449\">&nbsp;<\/p>\n<ul>\n<li>Vuelo 2962 M\u00e9xico-Miami<\/li>\n<li>Vuelo 2963 Miami-M\u00e9xico<\/li>\n<\/ul>\n<p>&nbsp;<\/td>\n<\/tr>\n<tr>\n<td width=\"449\"><\/td>\n<td width=\"449\"><\/td>\n<\/tr>\n<\/tbody>\n<\/table><\/div>\n<p>Ante la situaci\u00f3n antes mencionada <strong>Interjet<\/strong> apoyara a todos los pasajeros que resultaron afectados por las<strong> cancelaciones<\/strong> ofreciendo las <strong>siguientes opciones<\/strong>:<\/p>\n<p>Otorgar la protecci\u00f3n en el siguiente vuelo disponible, condonando los cargos por cambio y diferencia de tarifa del 10 al 30 de Septiembre del 2017, considerando que el cambio no debe de superar la vigencia del boleto.<\/p>\n<p>Los cambios solicitados posteriores al 30 de Septiembre de 2017, aplicara cobrando \u00fanicamente la diferencia de tarifa en caso de existir.<\/p>\n<p>Brindar cambio de ruta, solo cobrando la diferencia de tarifa.<\/p>\n<p>En caso de que el pasajero no cuente con alguna fecha de vuelo se podr\u00e1 programar a la \u00faltima fecha publicada en el itinerario, \u00a0siempre y cuando no supere la vigencia del boleto; sin aplicar el cargo por cambio pero cobrando la diferencia de tarifa en caso de existir; los cambios posteriores se aplicaran con todos los cargos correspondientes<\/p>\n<p>No proceden reembolsos, a excepci\u00f3n de pasajeros con<strong> tarifa Priority.<\/strong><\/p>\n<p>Para mayor informaci\u00f3n, Interjet\u00a0 pone a su disposici\u00f3n su p\u00e1gina\u00a0<a href=\"http:\/\/conexionestrategica.us10.list-manage1.com\/track\/click?u=206060087a9b4f30bb31f87aa&amp;id=e663779238&amp;e=7c7b6e1db6\" target=\"_blank\" rel=\"noopener\">www.interjet.com.mx\/estatus-de vuelo.aspx<\/a>\u00a0en la que podr\u00e1 conocer las actualizaciones respecto a posibles afectaciones a su vuelo, as\u00ed como su Centro de Atenci\u00f3n Telef\u00f3nica: n\u00famero 1102-5555 en la ciudad de M\u00e9xico y 01-800-01-12345 desde el Interior de la Rep\u00fablica.<\/p>\n","protected":false},"excerpt":{"rendered":"<p>\u00a0 Como consecuencia de las afectaciones climatol\u00f3gicas causadas por el hurac\u00e1n Irma, Interjet informa que los&hellip;<\/p>\n","protected":false},"author":2,"featured_media":28966,"comment_status":"open","ping_status":"open","sticky":false,"template":"","format":"standard","meta":{"_acf_changed":false,"_lmt_disableupdate":"","_lmt_disable":"","_mbp_gutenberg_autopost":false,"footnotes":""},"categories":[23],"tags":[],"class_list":["post-28964","post","type-post","status-publish","format-standard","has-post-thumbnail","hentry","category-noticias"],"acf":[],"_links":{"self":[{"href":"https:\/\/l21.mx\/index.php?rest_route=\/wp\/v2\/posts\/28964","targetHints":{"allow":["GET"]}}],"collection":[{"href":"https:\/\/l21.mx\/index.php?rest_route=\/wp\/v2\/posts"}],"about":[{"href":"https:\/\/l21.mx\/index.php?rest_route=\/wp\/v2\/types\/post"}],"author":[{"embeddable":true,"href":"https:\/\/l21.mx\/index.php?rest_route=\/wp\/v2\/users\/2"}],"replies":[{"embeddable":true,"href":"https:\/\/l21.mx\/index.php?rest_route=%2Fwp%2Fv2%2Fcomments&post=28964"}],"version-history":[{"count":0,"href":"https:\/\/l21.mx\/index.php?rest_route=\/wp\/v2\/posts\/28964\/revisions"}],"wp:featuredmedia":[{"embeddable":true,"href":"https:\/\/l21.mx\/index.php?rest_route=\/wp\/v2\/media\/28966"}],"wp:attachment":[{"href":"https:\/\/l21.mx\/index.php?rest_route=%2Fwp%2Fv2%2Fmedia&parent=28964"}],"wp:term":[{"taxonomy":"category","embeddable":true,"href":"https:\/\/l21.mx\/index.php?rest_route=%2Fwp%2Fv2%2Fcategories&post=28964"},{"taxonomy":"post_tag","embeddable":true,"href":"https:\/\/l21.mx\/index.php?rest_route=%2Fwp%2Fv2%2Ftags&post=28964"}],"curies":[{"name":"wp","href":"https:\/\/api.w.org\/{rel}","templated":true}]}}