{"id":2897,"date":"2013-06-04T12:22:53","date_gmt":"2013-06-04T17:22:53","guid":{"rendered":"http:\/\/innovatori.space\/lat21\/?p=2897"},"modified":"2013-06-05T12:21:43","modified_gmt":"2013-06-05T17:21:43","slug":"extreme-makeover-de-posadas","status":"publish","type":"post","link":"https:\/\/l21.mx\/?p=2897","title":{"rendered":"Extreme Makeover de Posadas"},"content":{"rendered":"<p><a href=\"http:\/\/l21.mx\/wp-content\/uploads\/2013\/06\/fac.jpg\" data-rel=\"penci-gallery-image-content\" ><img fetchpriority=\"high\" decoding=\"async\" class=\"alignleft size-large wp-image-2898\" title=\"fac\" src=\"http:\/\/l21.mx\/wp-content\/uploads\/2013\/06\/fac-1024x693.jpg\" alt=\"\" width=\"1024\" height=\"693\" srcset=\"https:\/\/l21.mx\/wp-content\/uploads\/2013\/06\/fac-1024x693.jpg 1024w, https:\/\/l21.mx\/wp-content\/uploads\/2013\/06\/fac-300x203.jpg 300w, https:\/\/l21.mx\/wp-content\/uploads\/2013\/06\/fac-125x85.jpg 125w, https:\/\/l21.mx\/wp-content\/uploads\/2013\/06\/fac-600x406.jpg 600w, https:\/\/l21.mx\/wp-content\/uploads\/2013\/06\/fac-167x113.jpg 167w, https:\/\/l21.mx\/wp-content\/uploads\/2013\/06\/fac-80x54.jpg 80w, https:\/\/l21.mx\/wp-content\/uploads\/2013\/06\/fac.jpg 1500w\" sizes=\"(max-width: 1024px) 100vw, 1024px\" \/><\/a><\/p>\n<p><strong><span style=\"color: #993300;\">Ubicaci\u00f3n: Cozumel\u00a0<\/span><\/strong><\/p>\n<p><strong><span style=\"color: #993300;\">Latitud: 20<\/span><\/strong><\/p>\n<p>Grupo Posadas reafirma su confianza en el Caribe mexicano, donde sigue anidando millonarias inversiones para elevar la calidad de sus productos hoteleros. En esta ocasi\u00f3n la cadena capitaneada por Pablo Azc\u00e1rraga apuesta por la isla de Cozumel al destinar la nada despreciable cifra de 16 mdd a la reconceptualizaci\u00f3n de su predio\u00a0 .<\/p>\n<p>La metamorfosis ser\u00e1 a tal grado que el hotel dej\u00f3 de operar en mayo pasado y no reingresar\u00e1 al mercado hasta febrero de 2014.<\/p>\n<p>Se trata de un proyecto ambicioso que redise\u00f1ar\u00e1 todas las \u00e1reas p\u00fablicas del inmueble, as\u00ed como las habitaciones, para crear un entorno m\u00e1s innovador, confortable y hospitalario. En 2012 Grupo Posadas ingres\u00f3 el Fiesta Americana Cozumel al segmento de Club Vacacional como estrategia de crecimiento.<\/p>\n<p>Otro sector en el que Posadas ratifica su liderazgo en el Caribe es el de Congresos y Convenciones, con crecimiento de 25% durante el 2012 y de 20% en lo que va de 2013, encabezado por su tradicional Fiesta Americana Coral Beach, uno de los pocos que sobreviven al Plan Europeo, equipado de infraestructura con capacidad para manejar eventos de hasta mil 500 personas.<\/p>\n<p>[editor]en-la-21-y-otras-latitudes[\/editor]<\/p>\n<div><\/div>\n","protected":false},"excerpt":{"rendered":"<p>Ubicaci\u00f3n: Cozumel\u00a0 Latitud: 20 Grupo Posadas reafirma su confianza en el Caribe mexicano, donde sigue anidando&hellip;<\/p>\n","protected":false},"author":2,"featured_media":2899,"comment_status":"open","ping_status":"open","sticky":false,"template":"","format":"standard","meta":{"_acf_changed":false,"_lmt_disableupdate":"","_lmt_disable":"","_mbp_gutenberg_autopost":false,"footnotes":""},"categories":[38],"tags":[63,65,166,62,48,64,61],"class_list":["post-2897","post","type-post","status-publish","format-standard","has-post-thumbnail","hentry","category-en-la-21-y-otras-latitudes","tag-caribe-mexicano","tag-grupo-editorial-latitud21","tag-grupo-editorial-latitud21-revista-empresarial","tag-revista-latitud21","tag-cancun","tag-latitud-21","tag-latitud21"],"acf":[],"_links":{"self":[{"href":"https:\/\/l21.mx\/index.php?rest_route=\/wp\/v2\/posts\/2897","targetHints":{"allow":["GET"]}}],"collection":[{"href":"https:\/\/l21.mx\/index.php?rest_route=\/wp\/v2\/posts"}],"about":[{"href":"https:\/\/l21.mx\/index.php?rest_route=\/wp\/v2\/types\/post"}],"author":[{"embeddable":true,"href":"https:\/\/l21.mx\/index.php?rest_route=\/wp\/v2\/users\/2"}],"replies":[{"embeddable":true,"href":"https:\/\/l21.mx\/index.php?rest_route=%2Fwp%2Fv2%2Fcomments&post=2897"}],"version-history":[{"count":0,"href":"https:\/\/l21.mx\/index.php?rest_route=\/wp\/v2\/posts\/2897\/revisions"}],"wp:featuredmedia":[{"embeddable":true,"href":"https:\/\/l21.mx\/index.php?rest_route=\/wp\/v2\/media\/2899"}],"wp:attachment":[{"href":"https:\/\/l21.mx\/index.php?rest_route=%2Fwp%2Fv2%2Fmedia&parent=2897"}],"wp:term":[{"taxonomy":"category","embeddable":true,"href":"https:\/\/l21.mx\/index.php?rest_route=%2Fwp%2Fv2%2Fcategories&post=2897"},{"taxonomy":"post_tag","embeddable":true,"href":"https:\/\/l21.mx\/index.php?rest_route=%2Fwp%2Fv2%2Ftags&post=2897"}],"curies":[{"name":"wp","href":"https:\/\/api.w.org\/{rel}","templated":true}]}}