{"id":28984,"date":"2017-09-07T18:44:07","date_gmt":"2017-09-07T23:44:07","guid":{"rendered":"http:\/\/innovatori.space\/lat21\/?p=28984"},"modified":"2017-09-07T18:44:07","modified_gmt":"2017-09-07T23:44:07","slug":"por-septimo-ano-consecutivo-grupo-sura-hace-parte-del-indice-mundial-de-sostenibilidad-dow-jones","status":"publish","type":"post","link":"https:\/\/l21.mx\/?p=28984","title":{"rendered":"Por s\u00e9ptimo a\u00f1o consecutivo, Grupo SURA hace parte del\u00a0\u00cdndice Mundial de Sostenibilidad Dow Jones"},"content":{"rendered":"<p><a href=\"http:\/\/l21.mx\/wp-content\/uploads\/2017\/09\/sura-edificio.jpg\" data-rel=\"penci-gallery-image-content\" ><img fetchpriority=\"high\" decoding=\"async\" class=\"aligncenter wp-image-28985 size-full\" src=\"http:\/\/l21.mx\/wp-content\/uploads\/2017\/09\/sura-edificio.jpg\" alt=\"\" width=\"600\" height=\"400\" srcset=\"https:\/\/l21.mx\/wp-content\/uploads\/2017\/09\/sura-edificio.jpg 600w, https:\/\/l21.mx\/wp-content\/uploads\/2017\/09\/sura-edificio-300x200.jpg 300w, https:\/\/l21.mx\/wp-content\/uploads\/2017\/09\/sura-edificio-585x390.jpg 585w, https:\/\/l21.mx\/wp-content\/uploads\/2017\/09\/sura-edificio-263x175.jpg 263w\" sizes=\"(max-width: 600px) 100vw, 600px\" \/><\/a><\/p>\n<p><strong>Medell\u00edn.\u00a0<\/strong>Por s\u00e9ptimo a\u00f1o consecutivo,<strong> Grupo SURA<\/strong> ingres\u00f3 al \u00cdndice Mundial de Sostenibilidad <strong>Dow Jones,<\/strong> con lo cual es reconocida por sus pr\u00e1cticas de negocio sostenibles, adem\u00e1s de ser la \u00fanica compa\u00f1\u00eda latinoamericana del sector de\u00a0<strong><em>Servicios Financieros Diversos y Mercado de Capitales<\/em><\/strong>, que hace parte de este \u00cdndice en el mundo. Vale destacar que, adem\u00e1s de estar en el \u00cdndice mundial, la compa\u00f1\u00eda hace tambi\u00e9n parte del \u00cdndice de mercados emergentes.<\/p>\n<p>\u201cSiempre hemos manifestado nuestro compromiso con ser una organizaci\u00f3n sostenible, de categor\u00eda mundial, y para ello debemos estar dispuestos a medirnos frente a los m\u00e1s altos est\u00e1ndares. Eso es lo que nos permite un ejercicio como este: evaluarnos frente a las mejores pr\u00e1cticas para identificar fortalezas y oportunidades para seguir mejorando y permanecer vigentes en el largo plazo. Nos complace, en este caso, constatar por s\u00e9ptimo a\u00f1o consecutivo, que estamos a la altura y que contamos con pr\u00e1cticas sostenibles de negocio. El compromiso es seguir fortaleci\u00e9ndolas d\u00eda a d\u00eda, para continuar generando valor a nuestros grupos de inter\u00e9s y respaldar su confianza\u201d, expres\u00f3<strong> David Bojanini<\/strong>,<strong> presidente de Grupo SURA<\/strong>.<\/p>\n<p>Para el 2017, fueron invitadas a participar y a ser evaluadas cerca de 3.500 compa\u00f1\u00edas en el mundo. De estas, 320 fueron seleccionadas, pertenecientes a 24 sectores. En particular, en el sector de\u00a0<em>Servicios Financieros Diversos y Mercado de Capitales<\/em>, ingresaron 15 compa\u00f1\u00edas en el mundo, siendo Grupo SURA la \u00fanica de origen latinoamericano.<\/p>\n<p>Como es de p\u00fablico conocimiento, Robeco Sam es la entidad encargada de evaluar a las compa\u00f1\u00edas participantes. En el caso de Grupo SURA, esta evaluaci\u00f3n incluy\u00f3 a sus filiales Suramericana (especializada en le industria de seguros, tendencias y riesgos) y SURA Asset Management (en la industria de pensiones, ahorro e inversi\u00f3n). El resultado de la organizaci\u00f3n, en conjunto, por dimensi\u00f3n, fue el siguiente:<\/p>\n<p><strong>Dimensi\u00f3n Econ\u00f3mica<\/strong>:\u00a077 puntos<\/p>\n<p><strong>Dimensi\u00f3n Ambiental:<\/strong>\u00a089 puntos<\/p>\n<p><strong>Dimensi\u00f3n social:<\/strong>\u00a074 puntos<\/p>\n<p>Dentro de los aspectos que se destacan en el desempe\u00f1o global de la organizaci\u00f3n, est\u00e1n asuntos como Pol\u00edticas y medidas anticrimen, Relaci\u00f3n con los clientes, Gesti\u00f3n de riesgos y oportunidades, Gesti\u00f3n de crisis, Estrategia y gobierno frente al cambio clim\u00e1tico, Ciudadan\u00eda corporativa y filantrop\u00eda, Dilemas y asuntos controversiales.<\/p>\n<p>Grupo SURA destaca finalmente el hecho de que cuatro compa\u00f1\u00edas vinculadas a su portafolio de inversiones tambi\u00e9n son parte de este \u00cdndice Mundial que reconoce las mejores pr\u00e1cticas de negocios: Grupo Bancolombia, Grupo Nutresa, Grupo Argos y Cementos Argos.<\/p>\n","protected":false},"excerpt":{"rendered":"<p>Medell\u00edn.\u00a0Por s\u00e9ptimo a\u00f1o consecutivo, Grupo SURA ingres\u00f3 al \u00cdndice Mundial de Sostenibilidad Dow Jones, con lo&hellip;<\/p>\n","protected":false},"author":2,"featured_media":28985,"comment_status":"open","ping_status":"open","sticky":false,"template":"","format":"standard","meta":{"_acf_changed":false,"_lmt_disableupdate":"","_lmt_disable":"","_mbp_gutenberg_autopost":false,"footnotes":""},"categories":[4,23],"tags":[],"class_list":["post-28984","post","type-post","status-publish","format-standard","has-post-thumbnail","hentry","category-empresas-y-negocios","category-noticias"],"acf":[],"_links":{"self":[{"href":"https:\/\/l21.mx\/index.php?rest_route=\/wp\/v2\/posts\/28984","targetHints":{"allow":["GET"]}}],"collection":[{"href":"https:\/\/l21.mx\/index.php?rest_route=\/wp\/v2\/posts"}],"about":[{"href":"https:\/\/l21.mx\/index.php?rest_route=\/wp\/v2\/types\/post"}],"author":[{"embeddable":true,"href":"https:\/\/l21.mx\/index.php?rest_route=\/wp\/v2\/users\/2"}],"replies":[{"embeddable":true,"href":"https:\/\/l21.mx\/index.php?rest_route=%2Fwp%2Fv2%2Fcomments&post=28984"}],"version-history":[{"count":0,"href":"https:\/\/l21.mx\/index.php?rest_route=\/wp\/v2\/posts\/28984\/revisions"}],"wp:featuredmedia":[{"embeddable":true,"href":"https:\/\/l21.mx\/index.php?rest_route=\/wp\/v2\/media\/28985"}],"wp:attachment":[{"href":"https:\/\/l21.mx\/index.php?rest_route=%2Fwp%2Fv2%2Fmedia&parent=28984"}],"wp:term":[{"taxonomy":"category","embeddable":true,"href":"https:\/\/l21.mx\/index.php?rest_route=%2Fwp%2Fv2%2Fcategories&post=28984"},{"taxonomy":"post_tag","embeddable":true,"href":"https:\/\/l21.mx\/index.php?rest_route=%2Fwp%2Fv2%2Ftags&post=28984"}],"curies":[{"name":"wp","href":"https:\/\/api.w.org\/{rel}","templated":true}]}}