{"id":29063,"date":"2017-09-13T13:18:39","date_gmt":"2017-09-13T18:18:39","guid":{"rendered":"http:\/\/innovatori.space\/lat21\/?p=29063"},"modified":"2017-09-18T11:04:12","modified_gmt":"2017-09-18T16:04:12","slug":"la-aerolinea-esta-en-insolvencia","status":"publish","type":"post","link":"https:\/\/l21.mx\/?p=29063","title":{"rendered":"La aerol\u00ednea est\u00e1 en insolvencia"},"content":{"rendered":"<p><a href=\"http:\/\/l21.mx\/wp-content\/uploads\/2017\/09\/canecal-vuelos-airberlin.jpg\" data-rel=\"penci-gallery-image-content\" ><img fetchpriority=\"high\" decoding=\"async\" class=\"aligncenter size-full wp-image-29064\" src=\"http:\/\/l21.mx\/wp-content\/uploads\/2017\/09\/canecal-vuelos-airberlin.jpg\" alt=\"\" width=\"600\" height=\"333\" srcset=\"https:\/\/l21.mx\/wp-content\/uploads\/2017\/09\/canecal-vuelos-airberlin.jpg 600w, https:\/\/l21.mx\/wp-content\/uploads\/2017\/09\/canecal-vuelos-airberlin-300x167.jpg 300w, https:\/\/l21.mx\/wp-content\/uploads\/2017\/09\/canecal-vuelos-airberlin-585x325.jpg 585w\" sizes=\"(max-width: 600px) 100vw, 600px\" \/><\/a><\/p>\n<p>La aerol\u00ednea <strong>Air Berlin<\/strong> est\u00e1 en<strong> insolvencia<\/strong> y proceso de<strong> venta,<\/strong> por lo que\u00a0 a partir del 25 de septiembre deja de volar al <strong>Caribe<\/strong>, lo que incluye los vuelos a <strong>Canc\u00fan.<\/strong> A\u00fan no se sabe en qu\u00e9 condiciones quedar\u00e1, ni qui\u00e9n comprar\u00e1. Otros destinos afectados en la mencionada fecha son: Curacao, La Habana, Varadero, Punta Cana y Puerto Playa.<\/p>\n<p>Desde <strong>D\u00fcsseldorf,<\/strong> Air Berlin s\u00f3lo mantendr\u00e1 algunas rutas en los Estados hasta finales de octubre. Los vuelos a Boston y Orlando tambi\u00e9n ser\u00e1n cancelados el 25 de septiembre.<\/p>\n","protected":false},"excerpt":{"rendered":"<p>La aerol\u00ednea Air Berlin est\u00e1 en insolvencia y proceso de venta, por lo que\u00a0 a partir&hellip;<\/p>\n","protected":false},"author":2,"featured_media":29064,"comment_status":"open","ping_status":"open","sticky":false,"template":"","format":"standard","meta":{"_acf_changed":false,"_lmt_disableupdate":"","_lmt_disable":"","_mbp_gutenberg_autopost":false,"footnotes":""},"categories":[4,23],"tags":[],"class_list":["post-29063","post","type-post","status-publish","format-standard","has-post-thumbnail","hentry","category-empresas-y-negocios","category-noticias"],"acf":[],"_links":{"self":[{"href":"https:\/\/l21.mx\/index.php?rest_route=\/wp\/v2\/posts\/29063","targetHints":{"allow":["GET"]}}],"collection":[{"href":"https:\/\/l21.mx\/index.php?rest_route=\/wp\/v2\/posts"}],"about":[{"href":"https:\/\/l21.mx\/index.php?rest_route=\/wp\/v2\/types\/post"}],"author":[{"embeddable":true,"href":"https:\/\/l21.mx\/index.php?rest_route=\/wp\/v2\/users\/2"}],"replies":[{"embeddable":true,"href":"https:\/\/l21.mx\/index.php?rest_route=%2Fwp%2Fv2%2Fcomments&post=29063"}],"version-history":[{"count":0,"href":"https:\/\/l21.mx\/index.php?rest_route=\/wp\/v2\/posts\/29063\/revisions"}],"wp:featuredmedia":[{"embeddable":true,"href":"https:\/\/l21.mx\/index.php?rest_route=\/wp\/v2\/media\/29064"}],"wp:attachment":[{"href":"https:\/\/l21.mx\/index.php?rest_route=%2Fwp%2Fv2%2Fmedia&parent=29063"}],"wp:term":[{"taxonomy":"category","embeddable":true,"href":"https:\/\/l21.mx\/index.php?rest_route=%2Fwp%2Fv2%2Fcategories&post=29063"},{"taxonomy":"post_tag","embeddable":true,"href":"https:\/\/l21.mx\/index.php?rest_route=%2Fwp%2Fv2%2Ftags&post=29063"}],"curies":[{"name":"wp","href":"https:\/\/api.w.org\/{rel}","templated":true}]}}