{"id":29120,"date":"2017-09-14T18:04:51","date_gmt":"2017-09-14T23:04:51","guid":{"rendered":"http:\/\/innovatori.space\/lat21\/?p=29120"},"modified":"2017-09-14T17:05:10","modified_gmt":"2017-09-14T22:05:10","slug":"entusiasta-respuesta-del-publico-al-concurso-fotografico-hablemos-de-ese-mexico","status":"publish","type":"post","link":"https:\/\/l21.mx\/?p=29120","title":{"rendered":"Entusiasta Respuesta del P\u00fablico al Concurso Fotogr\u00e1fico \u201cHablemos de ese M\u00e9xico\u201d"},"content":{"rendered":"<p>&nbsp;<\/p>\n<div data-sliderid=\"75776\" id=\"penci-post-gallery__75776\" class=\"penci-post-gallery-container justified column-3\" data-height=\"150\" data-margin=\"3\"><a class=\"penci-gallery-ite item-gallery-justified\" href=\"https:\/\/l21.mx\/wp-content\/uploads\/2017\/09\/Entusiasta-Respuesta-del-P\u00fablico-al-Concurso-Fotogr\u00e1fico-Hablemos-de-ese-M\u00e9xico.jpeg\" data-rel=\"penci-gallery-image-content\" ><img decoding=\"async\" src=\"https:\/\/l21.mx\/wp-content\/uploads\/2017\/09\/Entusiasta-Respuesta-del-P\u00fablico-al-Concurso-Fotogr\u00e1fico-Hablemos-de-ese-M\u00e9xico-585x439.jpeg\" alt=\"\" title=\"Entusiasta Respuesta del P\u00fablico al Concurso Fotogr\u00e1fico Hablemos de ese M\u00e9xico\"><\/a><a class=\"penci-gallery-ite item-gallery-justified\" href=\"https:\/\/l21.mx\/wp-content\/uploads\/2017\/09\/Travesia-Sagrada-Maya-Xcaret-M\u00e9xico-2017.jpg\" data-rel=\"penci-gallery-image-content\" ><img decoding=\"async\" src=\"https:\/\/l21.mx\/wp-content\/uploads\/2017\/09\/Travesia-Sagrada-Maya-Xcaret-M\u00e9xico-2017-585x390.jpg\" alt=\"\" title=\"Travesia Sagrada Maya Xcaret M\u00e9xico 2017\"><\/a><\/div>\n<p><strong>CANC\u00daN.\u00a0<\/strong>A unos d\u00edas de haberse abierto el registro de participantes en el concurso <strong>\u201cHablemos de ese M\u00e9xico\u201d<\/strong>, m\u00e1s de mil 800 personas han registrado su participaci\u00f3n, con fotograf\u00edas de gran calidad que transmiten expresiones de la m\u00fasica, gastronom\u00eda, costumbres, tradiciones, naturaleza, historia y personalidad del pueblo mexicano.<\/p>\n<p>La convocatoria generada por el parque<strong> Xcaret<\/strong>, de<strong> Canc\u00fa<\/strong>n y la<strong> Riviera Ma<\/strong>ya, invita a los interesados en participar a registrar sus fotograf\u00edas en el sitio\u00a0<strong><a href=\"http:\/\/fotoconcurso.xcaret.com\/\" target=\"_blank\" rel=\"noopener\">fotoconcurso.xcaret.com<\/a><\/strong>\u00a0antes del 31 de octubre de 2017. Las fotograf\u00edas ser\u00e1n cali\u00adficadas por un jurado que elegir\u00e1 a los ganadores.<\/p>\n<p>El concurso de fotograf\u00eda se identifica en las conversaciones digitales con el hashtag\u00a0<strong>#HablemosdeeseM\u00e9xico<\/strong>\u00a0y est\u00e1 enfocado en enaltecer la riqueza natural y cultural de nuestro pa\u00eds, a partir de la visi\u00f3n de miles de mexicanos que todos los d\u00edas viven los aspectos m\u00e1s relevantes de su patrimonio.<\/p>\n<p>La premiaci\u00f3n al primer lugar incluye un viaje a Canc\u00fan y la Riviera Maya para dos personas, durante 4 d\u00edas y 3 noches, con hospedaje en un hotel todo incluido, acceso al parque Xcaret para una experiencia fuera de serie, y una c\u00e1mara Canon 6D.<\/p>\n<p>El segundo lugar obtendr\u00e1 tambi\u00e9n un viaje a Canc\u00fan y Riviera Maya, para dos personas, durante 4 d\u00edas y 3 noches, con hospedaje en un hotel todo incluido, acceso al parque Xcaret, y una c\u00e1mara Canon Rebel.<\/p>\n<p>El p\u00fablico podr\u00e1 participar en la premiaci\u00f3n votando por la mejor fotograf\u00eda, y asignar\u00e1 a otro ganador que tendr\u00e1 como premio un viaje doble, por 3 d\u00edas y 2 noches, con hospedaje en un hotel todo incluido de Canc\u00fan o la Riviera Maya, acceso al parque Xcaret, y un premio especial.<\/p>\n","protected":false},"excerpt":{"rendered":"<p>&nbsp; CANC\u00daN.\u00a0A unos d\u00edas de haberse abierto el registro de participantes en el concurso \u201cHablemos de&hellip;<\/p>\n","protected":false},"author":2,"featured_media":29122,"comment_status":"open","ping_status":"open","sticky":false,"template":"","format":"standard","meta":{"_acf_changed":false,"_lmt_disableupdate":"","_lmt_disable":"","_mbp_gutenberg_autopost":false,"footnotes":""},"categories":[23,8],"tags":[],"class_list":["post-29120","post","type-post","status-publish","format-standard","has-post-thumbnail","hentry","category-noticias","category-turismo"],"acf":[],"_links":{"self":[{"href":"https:\/\/l21.mx\/index.php?rest_route=\/wp\/v2\/posts\/29120","targetHints":{"allow":["GET"]}}],"collection":[{"href":"https:\/\/l21.mx\/index.php?rest_route=\/wp\/v2\/posts"}],"about":[{"href":"https:\/\/l21.mx\/index.php?rest_route=\/wp\/v2\/types\/post"}],"author":[{"embeddable":true,"href":"https:\/\/l21.mx\/index.php?rest_route=\/wp\/v2\/users\/2"}],"replies":[{"embeddable":true,"href":"https:\/\/l21.mx\/index.php?rest_route=%2Fwp%2Fv2%2Fcomments&post=29120"}],"version-history":[{"count":0,"href":"https:\/\/l21.mx\/index.php?rest_route=\/wp\/v2\/posts\/29120\/revisions"}],"wp:featuredmedia":[{"embeddable":true,"href":"https:\/\/l21.mx\/index.php?rest_route=\/wp\/v2\/media\/29122"}],"wp:attachment":[{"href":"https:\/\/l21.mx\/index.php?rest_route=%2Fwp%2Fv2%2Fmedia&parent=29120"}],"wp:term":[{"taxonomy":"category","embeddable":true,"href":"https:\/\/l21.mx\/index.php?rest_route=%2Fwp%2Fv2%2Fcategories&post=29120"},{"taxonomy":"post_tag","embeddable":true,"href":"https:\/\/l21.mx\/index.php?rest_route=%2Fwp%2Fv2%2Ftags&post=29120"}],"curies":[{"name":"wp","href":"https:\/\/api.w.org\/{rel}","templated":true}]}}