{"id":29142,"date":"2017-09-18T10:56:09","date_gmt":"2017-09-18T15:56:09","guid":{"rendered":"http:\/\/innovatori.space\/lat21\/?p=29142"},"modified":"2017-09-25T18:52:00","modified_gmt":"2017-09-25T23:52:00","slug":"carlos-joaquin-y-pena-nieto-inauguraran-el-proyecto-plan-maestro-amikoo","status":"publish","type":"post","link":"https:\/\/l21.mx\/?p=29142","title":{"rendered":"Carlos Joaqu\u00edn y Pe\u00f1a Nieto inaugurar\u00e1n el proyecto Plan Maestro Amikoo"},"content":{"rendered":"<h3>\u00a0<a href=\"http:\/\/l21.mx\/wp-content\/uploads\/2017\/09\/parque-tematicos-dreamwotks-riviera-maya.jpg\" data-rel=\"penci-gallery-image-content\" ><img fetchpriority=\"high\" decoding=\"async\" class=\"aligncenter size-full wp-image-29143\" src=\"http:\/\/l21.mx\/wp-content\/uploads\/2017\/09\/parque-tematicos-dreamwotks-riviera-maya.jpg\" alt=\"\" width=\"696\" height=\"464\" srcset=\"https:\/\/l21.mx\/wp-content\/uploads\/2017\/09\/parque-tematicos-dreamwotks-riviera-maya.jpg 696w, https:\/\/l21.mx\/wp-content\/uploads\/2017\/09\/parque-tematicos-dreamwotks-riviera-maya-300x200.jpg 300w, https:\/\/l21.mx\/wp-content\/uploads\/2017\/09\/parque-tematicos-dreamwotks-riviera-maya-585x390.jpg 585w, https:\/\/l21.mx\/wp-content\/uploads\/2017\/09\/parque-tematicos-dreamwotks-riviera-maya-263x175.jpg 263w\" sizes=\"(max-width: 696px) 100vw, 696px\" \/><\/a><\/h3>\n<p><strong>El evento se realizar\u00e1 a mediod\u00eda en la residencia Oficial de Los Pinos, en donde se daran a conocer todos los detalles del millonario proyecto.<\/strong><\/p>\n<p>El <strong>Plan Maestro Amikoo<\/strong>\u00a0 es un desarrollo a realizarse en Quintana Roo y contempla un <strong>Shopping Center<\/strong>, el<strong> Dream Park<\/strong> y el <strong>Thrill Park<\/strong>; los hoteles<strong> Adultos<\/strong>, <strong>Grand Gala<\/strong>, y <strong>Playa Maroma<\/strong> con mil 140 habitaciones en total; y el <strong>Museo de Antropolog\u00eda y Arqueolog\u00eda Maya \u201cMaam\u201d<\/strong>;as\u00ed como oficinas administrativas, vialidades, un puente elevado y una rampa.<\/p>\n<p>Los predios donde se pretende desarrollar \u00e9ste, ya hab\u00edan sido impactados previamente en actividades agropecuarias, por ello, no ser\u00e1n afectadas superficies de manglar, pet\u00e9n, ni tular; y tampoco la zona de playas que habr\u00e1 en la zona, seg\u00fan lo referido en la Manifestaci\u00f3n de Impacto Ambiental presentada a la Semarnat.<\/p>\n<p>Con este proyecto se generar\u00e1n al menos unos cinco mil empleos; y en el parque se prev\u00e9 una visita anual de 4.5 millones de visitantes.<\/p>\n<h3><\/h3>\n<p>&nbsp;<\/p>\n","protected":false},"excerpt":{"rendered":"<p>\u00a0 El evento se realizar\u00e1 a mediod\u00eda en la residencia Oficial de Los Pinos, en donde&hellip;<\/p>\n","protected":false},"author":2,"featured_media":29146,"comment_status":"open","ping_status":"open","sticky":false,"template":"","format":"standard","meta":{"_acf_changed":false,"_lmt_disableupdate":"","_lmt_disable":"","_mbp_gutenberg_autopost":false,"footnotes":""},"categories":[23,8],"tags":[],"class_list":["post-29142","post","type-post","status-publish","format-standard","has-post-thumbnail","hentry","category-noticias","category-turismo"],"acf":[],"_links":{"self":[{"href":"https:\/\/l21.mx\/index.php?rest_route=\/wp\/v2\/posts\/29142","targetHints":{"allow":["GET"]}}],"collection":[{"href":"https:\/\/l21.mx\/index.php?rest_route=\/wp\/v2\/posts"}],"about":[{"href":"https:\/\/l21.mx\/index.php?rest_route=\/wp\/v2\/types\/post"}],"author":[{"embeddable":true,"href":"https:\/\/l21.mx\/index.php?rest_route=\/wp\/v2\/users\/2"}],"replies":[{"embeddable":true,"href":"https:\/\/l21.mx\/index.php?rest_route=%2Fwp%2Fv2%2Fcomments&post=29142"}],"version-history":[{"count":0,"href":"https:\/\/l21.mx\/index.php?rest_route=\/wp\/v2\/posts\/29142\/revisions"}],"wp:featuredmedia":[{"embeddable":true,"href":"https:\/\/l21.mx\/index.php?rest_route=\/wp\/v2\/media\/29146"}],"wp:attachment":[{"href":"https:\/\/l21.mx\/index.php?rest_route=%2Fwp%2Fv2%2Fmedia&parent=29142"}],"wp:term":[{"taxonomy":"category","embeddable":true,"href":"https:\/\/l21.mx\/index.php?rest_route=%2Fwp%2Fv2%2Fcategories&post=29142"},{"taxonomy":"post_tag","embeddable":true,"href":"https:\/\/l21.mx\/index.php?rest_route=%2Fwp%2Fv2%2Ftags&post=29142"}],"curies":[{"name":"wp","href":"https:\/\/api.w.org\/{rel}","templated":true}]}}