{"id":29186,"date":"2017-09-19T19:46:05","date_gmt":"2017-09-20T00:46:05","guid":{"rendered":"http:\/\/innovatori.space\/lat21\/?p=29186"},"modified":"2017-09-19T19:46:05","modified_gmt":"2017-09-20T00:46:05","slug":"aerolineas-anunciaron-modificaciones-y-cancelaciones-tras-el-sismo-en-cdmx","status":"publish","type":"post","link":"https:\/\/l21.mx\/?p=29186","title":{"rendered":"Aerol\u00edneas anunciaron modificaciones y cancelaciones tras el sismo en CDMX"},"content":{"rendered":"<p><a href=\"http:\/\/l21.mx\/wp-content\/uploads\/2017\/09\/aicm-informa-sismo.jpg\" data-rel=\"penci-gallery-image-content\" ><img fetchpriority=\"high\" decoding=\"async\" class=\"aligncenter size-full wp-image-29187\" src=\"http:\/\/l21.mx\/wp-content\/uploads\/2017\/09\/aicm-informa-sismo.jpg\" alt=\"\" width=\"767\" height=\"768\" srcset=\"https:\/\/l21.mx\/wp-content\/uploads\/2017\/09\/aicm-informa-sismo.jpg 767w, https:\/\/l21.mx\/wp-content\/uploads\/2017\/09\/aicm-informa-sismo-300x300.jpg 300w, https:\/\/l21.mx\/wp-content\/uploads\/2017\/09\/aicm-informa-sismo-150x150.jpg 150w, https:\/\/l21.mx\/wp-content\/uploads\/2017\/09\/aicm-informa-sismo-585x585.jpg 585w\" sizes=\"(max-width: 767px) 100vw, 767px\" \/><\/a><\/p>\n<p>Tras el sismo ocurrido este martes, aerol\u00edneas anunciaron modificaciones y cancelaciones de sus vuelos hacia y desde el <strong>Aeropuerto Internacional de la Ciudad de M\u00e9xico<\/strong> (<strong>AICM<\/strong>).<\/p>\n<p>En su cuenta de Twitter, el<strong> AICM<\/strong> inform\u00f3 que se revisa la infraestructura de terminales y edificaciones del aeropuerto; a trav\u00e9s de redes sociales ha trascendido que la Terminal 2 sufri\u00f3 afectaciones, al igual que la Torre de Control.<\/p>\n<p>Mientras tanto, la aerol\u00ednea<strong> Interjet<\/strong> dio a conocer que los siguientes vuelos fueron cancelados:<\/p>\n<p>2285 M\u00e9xico-Ciudad Ju\u00e1rez<\/p>\n<p>2284 Ciudad Ju\u00e1rez-M\u00e9xico<\/p>\n<p>2452 M\u00e9xico-Hermosillo<\/p>\n<p>2453 Hermosillo-M\u00e9xico<\/p>\n<p>2116 M\u00e9xico-Monterrey<\/p>\n<p>2121 Monterrey-M\u00e9xico<\/p>\n<p>2502 M\u00e9xico-Ciudad del Carmen<\/p>\n<p>2506 Ciudad del Carmen-M\u00e9xico<\/p>\n<p>2126 M\u00e9xico-Monterrey<\/p>\n<p>2117 Monterrey-M\u00e9xico<\/p>\n<p>2253 M\u00e9xico-Chihuahua<\/p>\n<p>2252 Chihuahua-M\u00e9xico<\/p>\n<p>2992 M\u00e9xico-Nueva York<\/p>\n<p>2993 Nieva York-M\u00e9xico<\/p>\n<p>3300 M\u00e9xico-Canc\u00fan<\/p>\n<p>2311 Canc\u00fan-M\u00e9xico<\/p>\n<p><strong>Tambi\u00e9n inform\u00f3 que los siguientes vuelos aterrizaron en aeropuertos alternos:<\/strong><\/p>\n<p>Vuelo \/ Ruta\u00a0\u00a0\u00a0\u00a0\u00a0\u00a0\u00a0\u00a0\u00a0\u00a0\u00a0\u00a0\u00a0\u00a0\u00a0\u00a0\u00a0\u00a0\u00a0\u00a0\u00a0\u00a0\u00a0\u00a0\u00a0\u00a0\u00a0\u00a0\u00a0\u00a0\u00a0\u00a0\u00a0\u00a0\u00a0\u00a0\u00a0\u00a0\u00a0\u00a0\u00a0\u00a0\u00a0\u00a0\u00a0\u00a0 Aeropuerto alterno<\/p>\n<p>2961 Miami-M\u00e9xico\u00a0\u00a0\u00a0\u00a0\u00a0\u00a0\u00a0\u00a0\u00a0\u00a0\u00a0 \u00a0\u00a0\u00a0\u00a0\u00a0\u00a0\u00a0\u00a0\u00a0\u00a0\u00a0\u00a0\u00a0\u00a0\u00a0\u00a0\u00a0\u00a0\u00a0\u00a0\u00a0Tampico<\/p>\n<p>2409 Tijuana-M\u00e9xico\u00a0\u00a0\u00a0\u00a0\u00a0\u00a0\u00a0\u00a0\u00a0\u00a0\u00a0\u00a0\u00a0\u00a0\u00a0\u00a0\u00a0\u00a0\u00a0\u00a0\u00a0\u00a0\u00a0\u00a0\u00a0\u00a0\u00a0\u00a0\u00a0\u00a0 Guadalajara<\/p>\n<p>3301 Canc\u00fan-M\u00e9xico\u00a0\u00a0\u00a0\u00a0\u00a0\u00a0\u00a0\u00a0\u00a0\u00a0\u00a0\u00a0\u00a0\u00a0\u00a0\u00a0\u00a0\u00a0\u00a0\u00a0\u00a0\u00a0\u00a0\u00a0\u00a0\u00a0\u00a0\u00a0\u00a0\u00a0 Acapulco<\/p>\n<p>2123 Monterrey-M\u00e9xico\u00a0\u00a0\u00a0\u00a0\u00a0\u00a0\u00a0\u00a0\u00a0\u00a0\u00a0\u00a0\u00a0\u00a0\u00a0\u00a0\u00a0\u00a0\u00a0\u00a0\u00a0\u00a0\u00a0 Toluca<\/p>\n<p>2800 San Jos\u00e9 del Cabo-M\u00e9xico\u00a0\u00a0\u00a0\u00a0\u00a0\u00a0\u00a0\u00a0\u00a0\u00a0 Guadalajara<\/p>\n<p>3241 Ciudad Obreg\u00f3n-M\u00e9xico\u00a0\u00a0\u00a0\u00a0\u00a0\u00a0\u00a0\u00a0\u00a0\u00a0\u00a0\u00a0\u00a0 Acapulco<\/p>\n<p><strong>Mientras tanto, los siguientes vuelos regresaron a su destino de origen:<\/strong><\/p>\n<p>2113 Monterrey-M\u00e9xico<\/p>\n<p>2600 Tuxtla Guti\u00e9rrez-M\u00e9xico<\/p>\n<p>2224 M\u00e9xico-Guadalajara<\/p>\n<p>3800 La Paz-M\u00e9xico<\/p>\n<p>Para m\u00e1s informaci\u00f3n visite la p\u00e1gina web\u00a0<a href=\"http:\/\/www.interjet.com.mx\/\">www.interjet.com.mx<\/a>\u00a0en la secci\u00f3n de Estatus de Vuelo o llame al 1102-5537 en la Ciudad de M\u00e9xico y 01-800-01-890 92 21 desde el interior de la Rep\u00fablica Mexicana.<\/p>\n<p><strong>En tanto, Volaris inform\u00f3 la cancelaci\u00f3n de los vuelos:<\/strong><\/p>\n<p>MEXCUN 704<\/p>\n<p>MEXHUX 778<\/p>\n<p>MEXTIJ 813<\/p>\n<p>MEXPVR 784<\/p>\n<p>MEXTAP 796<\/p>\n<p>HUXMEX 779<\/p>\n<p>PVRMEX 785<\/p>\n<p>TIJMEX 818<\/p>\n<p>CUNMEX 717<\/p>\n<p>TAPMEX 797<\/p>\n<p>GDO 738<\/p>\n<p>SJO 4017<\/p>\n<p>MTY 186<\/p>\n<p>En el caso de los vuelos 771 de MEXLAP y 981 MCOMEX, fueron redirigidos al aeropuerto de Quer\u00e9taro.<\/p>\n<p>Aerom\u00e9xico inform\u00f3 que las operaciones en el AICM ser\u00e1n suspendidas hasta las 17:00 horas (tiempo local). Puso a disposici\u00f3n de los clientes el call center de la aerol\u00ednea 51334000, para conocer la actualizaci\u00f3n de los vuelos.<\/p>\n<p><strong>Afectaciones carreteras<\/strong><\/p>\n<p>Caminos y Puentes Federales de Ingresos y Servicios Conexos (CAPUFE), inform\u00f3 en su cuenta de Twitter que la autopista Cuernavaca-Acapulco en el kil\u00f3metro 109.<\/p>\n<p>\u201cCierre a la circulaci\u00f3n por afectaci\u00f3n a estructura de puente vehicular. Desv\u00edo a usuarios Km. 107 y 132\u201d, inform\u00f3.<\/p>\n","protected":false},"excerpt":{"rendered":"<p>Tras el sismo ocurrido este martes, aerol\u00edneas anunciaron modificaciones y cancelaciones de sus vuelos hacia y&hellip;<\/p>\n","protected":false},"author":2,"featured_media":29187,"comment_status":"open","ping_status":"open","sticky":false,"template":"","format":"standard","meta":{"_acf_changed":false,"_lmt_disableupdate":"","_lmt_disable":"","_mbp_gutenberg_autopost":false,"footnotes":""},"categories":[23,8],"tags":[],"class_list":["post-29186","post","type-post","status-publish","format-standard","has-post-thumbnail","hentry","category-noticias","category-turismo"],"acf":[],"yoast_head":"<!-- This site is optimized with the Yoast SEO plugin v27.3 - https:\/\/yoast.com\/product\/yoast-seo-wordpress\/ -->\n<title>Aerol\u00edneas anunciaron modificaciones y cancelaciones tras el sismo en CDMX | Revista Latitud 21<\/title>\n<meta name=\"description\" content=\"L21, Emprendedores y Negocios en el Caribe Mexicano, es la revista l\u00edder entre el Sector Empresarial y Tur\u00edstico del Caribe Mexicano.\" \/>\n<meta name=\"robots\" content=\"index, follow, max-snippet:-1, max-image-preview:large, max-video-preview:-1\" \/>\n<link rel=\"canonical\" href=\"https:\/\/l21.mx\/?p=29186\" \/>\n<meta name=\"twitter:card\" content=\"summary_large_image\" \/>\n<meta name=\"twitter:title\" content=\"Aerol\u00edneas anunciaron modificaciones y cancelaciones tras el sismo en CDMX | Revista Latitud 21\" \/>\n<meta name=\"twitter:description\" content=\"L21, Emprendedores y Negocios en el Caribe Mexicano, es la revista l\u00edder entre el Sector Empresarial y Tur\u00edstico del Caribe Mexicano.\" \/>\n<meta name=\"twitter:image\" content=\"https:\/\/l21.mx\/wp-content\/uploads\/2017\/09\/aicm-informa-sismo.jpg\" \/>\n<meta name=\"twitter:creator\" content=\"@Latitud21mx\" \/>\n<meta name=\"twitter:site\" content=\"@Latitud21mx\" \/>\n<meta name=\"twitter:label1\" content=\"Escrito por\" \/>\n\t<meta name=\"twitter:data1\" content=\"Latitud21 Redacci\u00f3n\" \/>\n\t<meta name=\"twitter:label2\" content=\"Tiempo de lectura\" \/>\n\t<meta name=\"twitter:data2\" content=\"2 minutos\" \/>\n<script type=\"application\/ld+json\" class=\"yoast-schema-graph\">{\"@context\":\"https:\\\/\\\/schema.org\",\"@graph\":[{\"@type\":\"Article\",\"@id\":\"https:\\\/\\\/l21.mx\\\/?p=29186#article\",\"isPartOf\":{\"@id\":\"https:\\\/\\\/l21.mx\\\/?p=29186\"},\"author\":{\"name\":\"Latitud21 Redacci\u00f3n\",\"@id\":\"https:\\\/\\\/l21.mx\\\/#\\\/schema\\\/person\\\/4b571cc212089f95579f3b66253728f1\"},\"headline\":\"Aerol\u00edneas anunciaron modificaciones y cancelaciones tras el sismo en CDMX\",\"datePublished\":\"2017-09-20T00:46:05+00:00\",\"mainEntityOfPage\":{\"@id\":\"https:\\\/\\\/l21.mx\\\/?p=29186\"},\"wordCount\":367,\"commentCount\":0,\"publisher\":{\"@id\":\"https:\\\/\\\/l21.mx\\\/#organization\"},\"image\":{\"@id\":\"https:\\\/\\\/l21.mx\\\/?p=29186#primaryimage\"},\"thumbnailUrl\":\"https:\\\/\\\/l21.mx\\\/wp-content\\\/uploads\\\/2017\\\/09\\\/aicm-informa-sismo.jpg\",\"articleSection\":[\"Noticias\",\"Turismo\"],\"inLanguage\":\"es\",\"potentialAction\":[{\"@type\":\"CommentAction\",\"name\":\"Comment\",\"target\":[\"https:\\\/\\\/l21.mx\\\/?p=29186#respond\"]}]},{\"@type\":\"WebPage\",\"@id\":\"https:\\\/\\\/l21.mx\\\/?p=29186\",\"url\":\"https:\\\/\\\/l21.mx\\\/?p=29186\",\"name\":\"Aerol\u00edneas anunciaron modificaciones y cancelaciones tras el sismo en CDMX | Revista Latitud 21\",\"isPartOf\":{\"@id\":\"https:\\\/\\\/l21.mx\\\/#website\"},\"primaryImageOfPage\":{\"@id\":\"https:\\\/\\\/l21.mx\\\/?p=29186#primaryimage\"},\"image\":{\"@id\":\"https:\\\/\\\/l21.mx\\\/?p=29186#primaryimage\"},\"thumbnailUrl\":\"https:\\\/\\\/l21.mx\\\/wp-content\\\/uploads\\\/2017\\\/09\\\/aicm-informa-sismo.jpg\",\"datePublished\":\"2017-09-20T00:46:05+00:00\",\"description\":\"L21, Emprendedores y Negocios en el Caribe Mexicano, es la revista l\u00edder entre el Sector Empresarial y Tur\u00edstico del Caribe Mexicano.\",\"breadcrumb\":{\"@id\":\"https:\\\/\\\/l21.mx\\\/?p=29186#breadcrumb\"},\"inLanguage\":\"es\",\"potentialAction\":[{\"@type\":\"ReadAction\",\"target\":[\"https:\\\/\\\/l21.mx\\\/?p=29186\"]}]},{\"@type\":\"ImageObject\",\"inLanguage\":\"es\",\"@id\":\"https:\\\/\\\/l21.mx\\\/?p=29186#primaryimage\",\"url\":\"https:\\\/\\\/l21.mx\\\/wp-content\\\/uploads\\\/2017\\\/09\\\/aicm-informa-sismo.jpg\",\"contentUrl\":\"https:\\\/\\\/l21.mx\\\/wp-content\\\/uploads\\\/2017\\\/09\\\/aicm-informa-sismo.jpg\",\"width\":767,\"height\":768},{\"@type\":\"BreadcrumbList\",\"@id\":\"https:\\\/\\\/l21.mx\\\/?p=29186#breadcrumb\",\"itemListElement\":[{\"@type\":\"ListItem\",\"position\":1,\"name\":\"Portada\",\"item\":\"https:\\\/\\\/l21.mx\\\/\"},{\"@type\":\"ListItem\",\"position\":2,\"name\":\"Aerol\u00edneas anunciaron modificaciones y cancelaciones tras el sismo en CDMX\"}]},{\"@type\":\"WebSite\",\"@id\":\"https:\\\/\\\/l21.mx\\\/#website\",\"url\":\"https:\\\/\\\/l21.mx\\\/\",\"name\":\"Revista Latitud 21\",\"description\":\"Emprendedores  y negocios en el Caribe Mexicano\",\"publisher\":{\"@id\":\"https:\\\/\\\/l21.mx\\\/#organization\"},\"potentialAction\":[{\"@type\":\"SearchAction\",\"target\":{\"@type\":\"EntryPoint\",\"urlTemplate\":\"https:\\\/\\\/l21.mx\\\/?s={search_term_string}\"},\"query-input\":{\"@type\":\"PropertyValueSpecification\",\"valueRequired\":true,\"valueName\":\"search_term_string\"}}],\"inLanguage\":\"es\"},{\"@type\":\"Organization\",\"@id\":\"https:\\\/\\\/l21.mx\\\/#organization\",\"name\":\"Grupo Editorial Latitud 21 SA de CV\",\"url\":\"https:\\\/\\\/l21.mx\\\/\",\"logo\":{\"@type\":\"ImageObject\",\"inLanguage\":\"es\",\"@id\":\"https:\\\/\\\/l21.mx\\\/#\\\/schema\\\/logo\\\/image\\\/\",\"url\":\"https:\\\/\\\/l21.mx\\\/wp-content\\\/uploads\\\/2020\\\/10\\\/logo-l21-baja.jpg\",\"contentUrl\":\"https:\\\/\\\/l21.mx\\\/wp-content\\\/uploads\\\/2020\\\/10\\\/logo-l21-baja.jpg\",\"width\":250,\"height\":250,\"caption\":\"Grupo Editorial Latitud 21 SA de CV\"},\"image\":{\"@id\":\"https:\\\/\\\/l21.mx\\\/#\\\/schema\\\/logo\\\/image\\\/\"},\"sameAs\":[\"https:\\\/\\\/www.facebook.com\\\/RevistaLatitud21\\\/\",\"https:\\\/\\\/x.com\\\/Latitud21mx\"]},{\"@type\":\"Person\",\"@id\":\"https:\\\/\\\/l21.mx\\\/#\\\/schema\\\/person\\\/4b571cc212089f95579f3b66253728f1\",\"name\":\"Latitud21 Redacci\u00f3n\",\"url\":\"https:\\\/\\\/l21.mx\\\/?author=2\"}]}<\/script>\n<!-- \/ Yoast SEO plugin. -->","yoast_head_json":{"title":"Aerol\u00edneas anunciaron modificaciones y cancelaciones tras el sismo en CDMX | Revista Latitud 21","description":"L21, Emprendedores y Negocios en el Caribe Mexicano, es la revista l\u00edder entre el Sector Empresarial y Tur\u00edstico del Caribe Mexicano.","robots":{"index":"index","follow":"follow","max-snippet":"max-snippet:-1","max-image-preview":"max-image-preview:large","max-video-preview":"max-video-preview:-1"},"canonical":"https:\/\/l21.mx\/?p=29186","twitter_card":"summary_large_image","twitter_title":"Aerol\u00edneas anunciaron modificaciones y cancelaciones tras el sismo en CDMX | Revista Latitud 21","twitter_description":"L21, Emprendedores y Negocios en el Caribe Mexicano, es la revista l\u00edder entre el Sector Empresarial y Tur\u00edstico del Caribe Mexicano.","twitter_image":"https:\/\/l21.mx\/wp-content\/uploads\/2017\/09\/aicm-informa-sismo.jpg","twitter_creator":"@Latitud21mx","twitter_site":"@Latitud21mx","twitter_misc":{"Escrito por":"Latitud21 Redacci\u00f3n","Tiempo de lectura":"2 minutos"},"schema":{"@context":"https:\/\/schema.org","@graph":[{"@type":"Article","@id":"https:\/\/l21.mx\/?p=29186#article","isPartOf":{"@id":"https:\/\/l21.mx\/?p=29186"},"author":{"name":"Latitud21 Redacci\u00f3n","@id":"https:\/\/l21.mx\/#\/schema\/person\/4b571cc212089f95579f3b66253728f1"},"headline":"Aerol\u00edneas anunciaron modificaciones y cancelaciones tras el sismo en CDMX","datePublished":"2017-09-20T00:46:05+00:00","mainEntityOfPage":{"@id":"https:\/\/l21.mx\/?p=29186"},"wordCount":367,"commentCount":0,"publisher":{"@id":"https:\/\/l21.mx\/#organization"},"image":{"@id":"https:\/\/l21.mx\/?p=29186#primaryimage"},"thumbnailUrl":"https:\/\/l21.mx\/wp-content\/uploads\/2017\/09\/aicm-informa-sismo.jpg","articleSection":["Noticias","Turismo"],"inLanguage":"es","potentialAction":[{"@type":"CommentAction","name":"Comment","target":["https:\/\/l21.mx\/?p=29186#respond"]}]},{"@type":"WebPage","@id":"https:\/\/l21.mx\/?p=29186","url":"https:\/\/l21.mx\/?p=29186","name":"Aerol\u00edneas anunciaron modificaciones y cancelaciones tras el sismo en CDMX | Revista Latitud 21","isPartOf":{"@id":"https:\/\/l21.mx\/#website"},"primaryImageOfPage":{"@id":"https:\/\/l21.mx\/?p=29186#primaryimage"},"image":{"@id":"https:\/\/l21.mx\/?p=29186#primaryimage"},"thumbnailUrl":"https:\/\/l21.mx\/wp-content\/uploads\/2017\/09\/aicm-informa-sismo.jpg","datePublished":"2017-09-20T00:46:05+00:00","description":"L21, Emprendedores y Negocios en el Caribe Mexicano, es la revista l\u00edder entre el Sector Empresarial y Tur\u00edstico del Caribe Mexicano.","breadcrumb":{"@id":"https:\/\/l21.mx\/?p=29186#breadcrumb"},"inLanguage":"es","potentialAction":[{"@type":"ReadAction","target":["https:\/\/l21.mx\/?p=29186"]}]},{"@type":"ImageObject","inLanguage":"es","@id":"https:\/\/l21.mx\/?p=29186#primaryimage","url":"https:\/\/l21.mx\/wp-content\/uploads\/2017\/09\/aicm-informa-sismo.jpg","contentUrl":"https:\/\/l21.mx\/wp-content\/uploads\/2017\/09\/aicm-informa-sismo.jpg","width":767,"height":768},{"@type":"BreadcrumbList","@id":"https:\/\/l21.mx\/?p=29186#breadcrumb","itemListElement":[{"@type":"ListItem","position":1,"name":"Portada","item":"https:\/\/l21.mx\/"},{"@type":"ListItem","position":2,"name":"Aerol\u00edneas anunciaron modificaciones y cancelaciones tras el sismo en CDMX"}]},{"@type":"WebSite","@id":"https:\/\/l21.mx\/#website","url":"https:\/\/l21.mx\/","name":"Revista Latitud 21","description":"Emprendedores  y negocios en el Caribe Mexicano","publisher":{"@id":"https:\/\/l21.mx\/#organization"},"potentialAction":[{"@type":"SearchAction","target":{"@type":"EntryPoint","urlTemplate":"https:\/\/l21.mx\/?s={search_term_string}"},"query-input":{"@type":"PropertyValueSpecification","valueRequired":true,"valueName":"search_term_string"}}],"inLanguage":"es"},{"@type":"Organization","@id":"https:\/\/l21.mx\/#organization","name":"Grupo Editorial Latitud 21 SA de CV","url":"https:\/\/l21.mx\/","logo":{"@type":"ImageObject","inLanguage":"es","@id":"https:\/\/l21.mx\/#\/schema\/logo\/image\/","url":"https:\/\/l21.mx\/wp-content\/uploads\/2020\/10\/logo-l21-baja.jpg","contentUrl":"https:\/\/l21.mx\/wp-content\/uploads\/2020\/10\/logo-l21-baja.jpg","width":250,"height":250,"caption":"Grupo Editorial Latitud 21 SA de CV"},"image":{"@id":"https:\/\/l21.mx\/#\/schema\/logo\/image\/"},"sameAs":["https:\/\/www.facebook.com\/RevistaLatitud21\/","https:\/\/x.com\/Latitud21mx"]},{"@type":"Person","@id":"https:\/\/l21.mx\/#\/schema\/person\/4b571cc212089f95579f3b66253728f1","name":"Latitud21 Redacci\u00f3n","url":"https:\/\/l21.mx\/?author=2"}]}},"amp_enabled":true,"_links":{"self":[{"href":"https:\/\/l21.mx\/index.php?rest_route=\/wp\/v2\/posts\/29186","targetHints":{"allow":["GET"]}}],"collection":[{"href":"https:\/\/l21.mx\/index.php?rest_route=\/wp\/v2\/posts"}],"about":[{"href":"https:\/\/l21.mx\/index.php?rest_route=\/wp\/v2\/types\/post"}],"author":[{"embeddable":true,"href":"https:\/\/l21.mx\/index.php?rest_route=\/wp\/v2\/users\/2"}],"replies":[{"embeddable":true,"href":"https:\/\/l21.mx\/index.php?rest_route=%2Fwp%2Fv2%2Fcomments&post=29186"}],"version-history":[{"count":0,"href":"https:\/\/l21.mx\/index.php?rest_route=\/wp\/v2\/posts\/29186\/revisions"}],"wp:featuredmedia":[{"embeddable":true,"href":"https:\/\/l21.mx\/index.php?rest_route=\/wp\/v2\/media\/29187"}],"wp:attachment":[{"href":"https:\/\/l21.mx\/index.php?rest_route=%2Fwp%2Fv2%2Fmedia&parent=29186"}],"wp:term":[{"taxonomy":"category","embeddable":true,"href":"https:\/\/l21.mx\/index.php?rest_route=%2Fwp%2Fv2%2Fcategories&post=29186"},{"taxonomy":"post_tag","embeddable":true,"href":"https:\/\/l21.mx\/index.php?rest_route=%2Fwp%2Fv2%2Ftags&post=29186"}],"curies":[{"name":"wp","href":"https:\/\/api.w.org\/{rel}","templated":true}]}}