{"id":29190,"date":"2017-09-20T13:16:04","date_gmt":"2017-09-20T18:16:04","guid":{"rendered":"http:\/\/innovatori.space\/lat21\/?p=29190"},"modified":"2017-09-20T18:44:36","modified_gmt":"2017-09-20T23:44:36","slug":"condor-y-eurowings-establecen-rutas-al-caribe","status":"publish","type":"post","link":"https:\/\/l21.mx\/?p=29190","title":{"rendered":"Condor y Eurowings establecen rutas al Caribe"},"content":{"rendered":"<p><a href=\"http:\/\/l21.mx\/wp-content\/uploads\/2017\/09\/Condor-Eurowings-airberlin.jpg\" data-rel=\"penci-gallery-image-content\" ><img fetchpriority=\"high\" decoding=\"async\" class=\"aligncenter size-full wp-image-29191\" src=\"http:\/\/l21.mx\/wp-content\/uploads\/2017\/09\/Condor-Eurowings-airberlin.jpg\" alt=\"\" width=\"860\" height=\"484\" srcset=\"https:\/\/l21.mx\/wp-content\/uploads\/2017\/09\/Condor-Eurowings-airberlin.jpg 860w, https:\/\/l21.mx\/wp-content\/uploads\/2017\/09\/Condor-Eurowings-airberlin-300x169.jpg 300w, https:\/\/l21.mx\/wp-content\/uploads\/2017\/09\/Condor-Eurowings-airberlin-768x432.jpg 768w, https:\/\/l21.mx\/wp-content\/uploads\/2017\/09\/Condor-Eurowings-airberlin-585x329.jpg 585w\" sizes=\"(max-width: 860px) 100vw, 860px\" \/><\/a><\/p>\n<p>Las aerol\u00edneas<strong> Condor<\/strong> y<strong> Eurowings<\/strong> anunciaron para el invierno, nuevos vuelos hacia el Caribe desde el aeropuerto de<strong> D\u00fcsseldorf<\/strong>.\u00a0Ambas aerol\u00edneas no estaban presentes con sus propias ofertas de larga distancia hasta ahora, sin embargo, cubrir\u00e1n al menos de forma parcial los vuelos que deja de operar<strong> Air Berlin.<\/strong><\/p>\n<p>A partir del primero de noviembre, Condor iniciar\u00e1 varios vuelos hacia la zona del Caribe.\u00a0Como informa la aerol\u00ednea de vacaciones, se ofrecen seis vuelos semanales a<strong> Punta Cana<\/strong> y<strong> La Romana<\/strong> (<strong>Rep\u00fablica Dominicana<\/strong>), <strong>Canc\u00fa<\/strong>n (M\u00e9xico), <strong>Montego Bay<\/strong> (Jamaica) y <strong>Barbados<\/strong>.<\/p>\n<p>Condor dispondr\u00e1 de un Airbus A330-200 de la Canadian Air Transat, con lo que asegura a los viajeros caribe\u00f1os del Air Berlin de D\u00fcsseldorf sus viajes y al mismo tiempo extiende su red del estiramiento.\u00a0Un total de seis rotaciones est\u00e1n disponibles cada semana.<\/p>\n<p>En la segunda semana de noviembre y Euro Wings entonces comenzar\u00e1 a larga distancia en Dusseldorf &#8211; y tambi\u00e9n ha establecido un programa para el Caribe hasta: Cuatro veces a la semana que va del 8 de noviembre, primero en Punta Cana en la Rep\u00fablica Dominicana.\u00a0Desde mediados de diciembre, Varadero seguir\u00e1 en Cuba, Puerto Plata en la Rep\u00fablica Dominicana y Canc\u00fan en M\u00e9xico con un vuelo cada semana.<\/p>\n<p>Hasta ahora, los vuelos del Caribe en D\u00fcsseldorf eran el dominio de Air Berlin.\u00a0Sin embargo, la aerol\u00ednea insolvente anunci\u00f3 recientemente planes para\u00a0detener los vuelos desde D\u00fcsseldorf a finales de septiembre.\u00a0Las rutas a\u00e9reas de largo recorrido de\u00a0Berl\u00edn ya han sido completamente canceladas.<\/p>\n<p>Muchas de las capacidades a\u00e9reas-berlinesas en las rutas tur\u00edsticas estaban reservadas para los operadores tur\u00edsticos.\u00a0Condor ahora aparentemente acepta estos contratos al menos en parte.\u00a0\u00abHemos hecho todo lo posible para encontrar una soluci\u00f3n tan pronto como sea posible para mantener el tr\u00e1fico, y hemos hablado con muchas agencias de viajes, oficinas de turismo y los aeropuertos interesados\u00bb, dijo el CEO de Condor, Ralf Teckentrup.\u00a0Los boletos tambi\u00e9n est\u00e1n disponibles en ventas de un solo asiento, seg\u00fan inform\u00f3 la aerol\u00ednea de bajo coste de Lufthansa.\u00a0Con las nuevas rutas de larga distancia en D\u00fcsseldorf, Eurowings sigue ampliando su \u00abpole position en D\u00fcsseldorf\u00bb, dijo Oliver Wagner.\u00a0Ya en el a\u00f1o en curso la capacidad de la capital estatal del NRW casi se ha duplicado con la flotaci\u00f3n en el tr\u00e1fico de corto y mediano tr\u00e1fico de CRJ-900 a A320.\u00a0La flota de largo recorrido tambi\u00e9n contin\u00faa creciendo.\u00a0El s\u00e9ptimo A330 pronto se espera.<\/p>\n<p>El avance de Condor y Eurowings en las antiguas rutas de Air Berlin parece no ser desconsiderado.\u00a0La filial alemana de Thomas Cook, Condor, junto con Niki Lauda, \u200b\u200bhab\u00edan presentado una oferta en la batalla por la insolvencia.\u00a0La familia de Eurowings Lufthansa tambi\u00e9n est\u00e1 muy interesada en las piezas de Air Berlin.\u00a0Sin embargo, no se trata de los vuelos de larga distancia de Air Berlin.\u00a0La aerol\u00ednea insolvente ya ha devuelto una gran parte de esto\u00a0a la Cap de Leasingeber Aer afinales.<\/p>\n","protected":false},"excerpt":{"rendered":"<p>Las aerol\u00edneas Condor y Eurowings anunciaron para el invierno, nuevos vuelos hacia el Caribe desde el&hellip;<\/p>\n","protected":false},"author":2,"featured_media":29191,"comment_status":"open","ping_status":"open","sticky":false,"template":"","format":"standard","meta":{"_acf_changed":false,"_lmt_disableupdate":"","_lmt_disable":"","_mbp_gutenberg_autopost":false,"footnotes":""},"categories":[23,8],"tags":[],"class_list":["post-29190","post","type-post","status-publish","format-standard","has-post-thumbnail","hentry","category-noticias","category-turismo"],"acf":[],"yoast_head":"<!-- This site is optimized with the Yoast SEO plugin v27.3 - https:\/\/yoast.com\/product\/yoast-seo-wordpress\/ -->\n<title>Condor y Eurowings establecen rutas al Caribe | Revista Latitud 21<\/title>\n<meta name=\"description\" content=\"L21, Emprendedores y Negocios en el Caribe Mexicano, es la revista l\u00edder entre el Sector Empresarial y Tur\u00edstico del Caribe Mexicano.\" \/>\n<meta name=\"robots\" content=\"index, follow, max-snippet:-1, max-image-preview:large, max-video-preview:-1\" \/>\n<link rel=\"canonical\" href=\"https:\/\/l21.mx\/?p=29190\" \/>\n<meta name=\"twitter:card\" content=\"summary_large_image\" \/>\n<meta name=\"twitter:title\" content=\"Condor y Eurowings establecen rutas al Caribe | Revista Latitud 21\" \/>\n<meta name=\"twitter:description\" content=\"L21, Emprendedores y Negocios en el Caribe Mexicano, es la revista l\u00edder entre el Sector Empresarial y Tur\u00edstico del Caribe Mexicano.\" \/>\n<meta name=\"twitter:image\" content=\"https:\/\/l21.mx\/wp-content\/uploads\/2017\/09\/Condor-Eurowings-airberlin.jpg\" \/>\n<meta name=\"twitter:creator\" content=\"@Latitud21mx\" \/>\n<meta name=\"twitter:site\" content=\"@Latitud21mx\" \/>\n<meta name=\"twitter:label1\" content=\"Escrito por\" \/>\n\t<meta name=\"twitter:data1\" content=\"Latitud21 Redacci\u00f3n\" \/>\n\t<meta name=\"twitter:label2\" content=\"Tiempo de lectura\" \/>\n\t<meta name=\"twitter:data2\" content=\"3 minutos\" \/>\n<script type=\"application\/ld+json\" class=\"yoast-schema-graph\">{\"@context\":\"https:\\\/\\\/schema.org\",\"@graph\":[{\"@type\":\"Article\",\"@id\":\"https:\\\/\\\/l21.mx\\\/?p=29190#article\",\"isPartOf\":{\"@id\":\"https:\\\/\\\/l21.mx\\\/?p=29190\"},\"author\":{\"name\":\"Latitud21 Redacci\u00f3n\",\"@id\":\"https:\\\/\\\/l21.mx\\\/#\\\/schema\\\/person\\\/4b571cc212089f95579f3b66253728f1\"},\"headline\":\"Condor y Eurowings establecen rutas al Caribe\",\"datePublished\":\"2017-09-20T18:16:04+00:00\",\"dateModified\":\"2017-09-20T23:44:36+00:00\",\"mainEntityOfPage\":{\"@id\":\"https:\\\/\\\/l21.mx\\\/?p=29190\"},\"wordCount\":534,\"commentCount\":0,\"publisher\":{\"@id\":\"https:\\\/\\\/l21.mx\\\/#organization\"},\"image\":{\"@id\":\"https:\\\/\\\/l21.mx\\\/?p=29190#primaryimage\"},\"thumbnailUrl\":\"https:\\\/\\\/l21.mx\\\/wp-content\\\/uploads\\\/2017\\\/09\\\/Condor-Eurowings-airberlin.jpg\",\"articleSection\":[\"Noticias\",\"Turismo\"],\"inLanguage\":\"es\",\"potentialAction\":[{\"@type\":\"CommentAction\",\"name\":\"Comment\",\"target\":[\"https:\\\/\\\/l21.mx\\\/?p=29190#respond\"]}]},{\"@type\":\"WebPage\",\"@id\":\"https:\\\/\\\/l21.mx\\\/?p=29190\",\"url\":\"https:\\\/\\\/l21.mx\\\/?p=29190\",\"name\":\"Condor y Eurowings establecen rutas al Caribe | Revista Latitud 21\",\"isPartOf\":{\"@id\":\"https:\\\/\\\/l21.mx\\\/#website\"},\"primaryImageOfPage\":{\"@id\":\"https:\\\/\\\/l21.mx\\\/?p=29190#primaryimage\"},\"image\":{\"@id\":\"https:\\\/\\\/l21.mx\\\/?p=29190#primaryimage\"},\"thumbnailUrl\":\"https:\\\/\\\/l21.mx\\\/wp-content\\\/uploads\\\/2017\\\/09\\\/Condor-Eurowings-airberlin.jpg\",\"datePublished\":\"2017-09-20T18:16:04+00:00\",\"dateModified\":\"2017-09-20T23:44:36+00:00\",\"description\":\"L21, Emprendedores y Negocios en el Caribe Mexicano, es la revista l\u00edder entre el Sector Empresarial y Tur\u00edstico del Caribe Mexicano.\",\"breadcrumb\":{\"@id\":\"https:\\\/\\\/l21.mx\\\/?p=29190#breadcrumb\"},\"inLanguage\":\"es\",\"potentialAction\":[{\"@type\":\"ReadAction\",\"target\":[\"https:\\\/\\\/l21.mx\\\/?p=29190\"]}]},{\"@type\":\"ImageObject\",\"inLanguage\":\"es\",\"@id\":\"https:\\\/\\\/l21.mx\\\/?p=29190#primaryimage\",\"url\":\"https:\\\/\\\/l21.mx\\\/wp-content\\\/uploads\\\/2017\\\/09\\\/Condor-Eurowings-airberlin.jpg\",\"contentUrl\":\"https:\\\/\\\/l21.mx\\\/wp-content\\\/uploads\\\/2017\\\/09\\\/Condor-Eurowings-airberlin.jpg\",\"width\":860,\"height\":484},{\"@type\":\"BreadcrumbList\",\"@id\":\"https:\\\/\\\/l21.mx\\\/?p=29190#breadcrumb\",\"itemListElement\":[{\"@type\":\"ListItem\",\"position\":1,\"name\":\"Portada\",\"item\":\"https:\\\/\\\/l21.mx\\\/\"},{\"@type\":\"ListItem\",\"position\":2,\"name\":\"Condor y Eurowings establecen rutas al Caribe\"}]},{\"@type\":\"WebSite\",\"@id\":\"https:\\\/\\\/l21.mx\\\/#website\",\"url\":\"https:\\\/\\\/l21.mx\\\/\",\"name\":\"Revista Latitud 21\",\"description\":\"Emprendedores  y negocios en el Caribe Mexicano\",\"publisher\":{\"@id\":\"https:\\\/\\\/l21.mx\\\/#organization\"},\"potentialAction\":[{\"@type\":\"SearchAction\",\"target\":{\"@type\":\"EntryPoint\",\"urlTemplate\":\"https:\\\/\\\/l21.mx\\\/?s={search_term_string}\"},\"query-input\":{\"@type\":\"PropertyValueSpecification\",\"valueRequired\":true,\"valueName\":\"search_term_string\"}}],\"inLanguage\":\"es\"},{\"@type\":\"Organization\",\"@id\":\"https:\\\/\\\/l21.mx\\\/#organization\",\"name\":\"Grupo Editorial Latitud 21 SA de CV\",\"url\":\"https:\\\/\\\/l21.mx\\\/\",\"logo\":{\"@type\":\"ImageObject\",\"inLanguage\":\"es\",\"@id\":\"https:\\\/\\\/l21.mx\\\/#\\\/schema\\\/logo\\\/image\\\/\",\"url\":\"https:\\\/\\\/l21.mx\\\/wp-content\\\/uploads\\\/2020\\\/10\\\/logo-l21-baja.jpg\",\"contentUrl\":\"https:\\\/\\\/l21.mx\\\/wp-content\\\/uploads\\\/2020\\\/10\\\/logo-l21-baja.jpg\",\"width\":250,\"height\":250,\"caption\":\"Grupo Editorial Latitud 21 SA de CV\"},\"image\":{\"@id\":\"https:\\\/\\\/l21.mx\\\/#\\\/schema\\\/logo\\\/image\\\/\"},\"sameAs\":[\"https:\\\/\\\/www.facebook.com\\\/RevistaLatitud21\\\/\",\"https:\\\/\\\/x.com\\\/Latitud21mx\"]},{\"@type\":\"Person\",\"@id\":\"https:\\\/\\\/l21.mx\\\/#\\\/schema\\\/person\\\/4b571cc212089f95579f3b66253728f1\",\"name\":\"Latitud21 Redacci\u00f3n\",\"url\":\"https:\\\/\\\/l21.mx\\\/?author=2\"}]}<\/script>\n<!-- \/ Yoast SEO plugin. -->","yoast_head_json":{"title":"Condor y Eurowings establecen rutas al Caribe | Revista Latitud 21","description":"L21, Emprendedores y Negocios en el Caribe Mexicano, es la revista l\u00edder entre el Sector Empresarial y Tur\u00edstico del Caribe Mexicano.","robots":{"index":"index","follow":"follow","max-snippet":"max-snippet:-1","max-image-preview":"max-image-preview:large","max-video-preview":"max-video-preview:-1"},"canonical":"https:\/\/l21.mx\/?p=29190","twitter_card":"summary_large_image","twitter_title":"Condor y Eurowings establecen rutas al Caribe | Revista Latitud 21","twitter_description":"L21, Emprendedores y Negocios en el Caribe Mexicano, es la revista l\u00edder entre el Sector Empresarial y Tur\u00edstico del Caribe Mexicano.","twitter_image":"https:\/\/l21.mx\/wp-content\/uploads\/2017\/09\/Condor-Eurowings-airberlin.jpg","twitter_creator":"@Latitud21mx","twitter_site":"@Latitud21mx","twitter_misc":{"Escrito por":"Latitud21 Redacci\u00f3n","Tiempo de lectura":"3 minutos"},"schema":{"@context":"https:\/\/schema.org","@graph":[{"@type":"Article","@id":"https:\/\/l21.mx\/?p=29190#article","isPartOf":{"@id":"https:\/\/l21.mx\/?p=29190"},"author":{"name":"Latitud21 Redacci\u00f3n","@id":"https:\/\/l21.mx\/#\/schema\/person\/4b571cc212089f95579f3b66253728f1"},"headline":"Condor y Eurowings establecen rutas al Caribe","datePublished":"2017-09-20T18:16:04+00:00","dateModified":"2017-09-20T23:44:36+00:00","mainEntityOfPage":{"@id":"https:\/\/l21.mx\/?p=29190"},"wordCount":534,"commentCount":0,"publisher":{"@id":"https:\/\/l21.mx\/#organization"},"image":{"@id":"https:\/\/l21.mx\/?p=29190#primaryimage"},"thumbnailUrl":"https:\/\/l21.mx\/wp-content\/uploads\/2017\/09\/Condor-Eurowings-airberlin.jpg","articleSection":["Noticias","Turismo"],"inLanguage":"es","potentialAction":[{"@type":"CommentAction","name":"Comment","target":["https:\/\/l21.mx\/?p=29190#respond"]}]},{"@type":"WebPage","@id":"https:\/\/l21.mx\/?p=29190","url":"https:\/\/l21.mx\/?p=29190","name":"Condor y Eurowings establecen rutas al Caribe | Revista Latitud 21","isPartOf":{"@id":"https:\/\/l21.mx\/#website"},"primaryImageOfPage":{"@id":"https:\/\/l21.mx\/?p=29190#primaryimage"},"image":{"@id":"https:\/\/l21.mx\/?p=29190#primaryimage"},"thumbnailUrl":"https:\/\/l21.mx\/wp-content\/uploads\/2017\/09\/Condor-Eurowings-airberlin.jpg","datePublished":"2017-09-20T18:16:04+00:00","dateModified":"2017-09-20T23:44:36+00:00","description":"L21, Emprendedores y Negocios en el Caribe Mexicano, es la revista l\u00edder entre el Sector Empresarial y Tur\u00edstico del Caribe Mexicano.","breadcrumb":{"@id":"https:\/\/l21.mx\/?p=29190#breadcrumb"},"inLanguage":"es","potentialAction":[{"@type":"ReadAction","target":["https:\/\/l21.mx\/?p=29190"]}]},{"@type":"ImageObject","inLanguage":"es","@id":"https:\/\/l21.mx\/?p=29190#primaryimage","url":"https:\/\/l21.mx\/wp-content\/uploads\/2017\/09\/Condor-Eurowings-airberlin.jpg","contentUrl":"https:\/\/l21.mx\/wp-content\/uploads\/2017\/09\/Condor-Eurowings-airberlin.jpg","width":860,"height":484},{"@type":"BreadcrumbList","@id":"https:\/\/l21.mx\/?p=29190#breadcrumb","itemListElement":[{"@type":"ListItem","position":1,"name":"Portada","item":"https:\/\/l21.mx\/"},{"@type":"ListItem","position":2,"name":"Condor y Eurowings establecen rutas al Caribe"}]},{"@type":"WebSite","@id":"https:\/\/l21.mx\/#website","url":"https:\/\/l21.mx\/","name":"Revista Latitud 21","description":"Emprendedores  y negocios en el Caribe Mexicano","publisher":{"@id":"https:\/\/l21.mx\/#organization"},"potentialAction":[{"@type":"SearchAction","target":{"@type":"EntryPoint","urlTemplate":"https:\/\/l21.mx\/?s={search_term_string}"},"query-input":{"@type":"PropertyValueSpecification","valueRequired":true,"valueName":"search_term_string"}}],"inLanguage":"es"},{"@type":"Organization","@id":"https:\/\/l21.mx\/#organization","name":"Grupo Editorial Latitud 21 SA de CV","url":"https:\/\/l21.mx\/","logo":{"@type":"ImageObject","inLanguage":"es","@id":"https:\/\/l21.mx\/#\/schema\/logo\/image\/","url":"https:\/\/l21.mx\/wp-content\/uploads\/2020\/10\/logo-l21-baja.jpg","contentUrl":"https:\/\/l21.mx\/wp-content\/uploads\/2020\/10\/logo-l21-baja.jpg","width":250,"height":250,"caption":"Grupo Editorial Latitud 21 SA de CV"},"image":{"@id":"https:\/\/l21.mx\/#\/schema\/logo\/image\/"},"sameAs":["https:\/\/www.facebook.com\/RevistaLatitud21\/","https:\/\/x.com\/Latitud21mx"]},{"@type":"Person","@id":"https:\/\/l21.mx\/#\/schema\/person\/4b571cc212089f95579f3b66253728f1","name":"Latitud21 Redacci\u00f3n","url":"https:\/\/l21.mx\/?author=2"}]}},"amp_enabled":true,"_links":{"self":[{"href":"https:\/\/l21.mx\/index.php?rest_route=\/wp\/v2\/posts\/29190","targetHints":{"allow":["GET"]}}],"collection":[{"href":"https:\/\/l21.mx\/index.php?rest_route=\/wp\/v2\/posts"}],"about":[{"href":"https:\/\/l21.mx\/index.php?rest_route=\/wp\/v2\/types\/post"}],"author":[{"embeddable":true,"href":"https:\/\/l21.mx\/index.php?rest_route=\/wp\/v2\/users\/2"}],"replies":[{"embeddable":true,"href":"https:\/\/l21.mx\/index.php?rest_route=%2Fwp%2Fv2%2Fcomments&post=29190"}],"version-history":[{"count":0,"href":"https:\/\/l21.mx\/index.php?rest_route=\/wp\/v2\/posts\/29190\/revisions"}],"wp:featuredmedia":[{"embeddable":true,"href":"https:\/\/l21.mx\/index.php?rest_route=\/wp\/v2\/media\/29191"}],"wp:attachment":[{"href":"https:\/\/l21.mx\/index.php?rest_route=%2Fwp%2Fv2%2Fmedia&parent=29190"}],"wp:term":[{"taxonomy":"category","embeddable":true,"href":"https:\/\/l21.mx\/index.php?rest_route=%2Fwp%2Fv2%2Fcategories&post=29190"},{"taxonomy":"post_tag","embeddable":true,"href":"https:\/\/l21.mx\/index.php?rest_route=%2Fwp%2Fv2%2Ftags&post=29190"}],"curies":[{"name":"wp","href":"https:\/\/api.w.org\/{rel}","templated":true}]}}