{"id":29193,"date":"2017-09-20T13:19:22","date_gmt":"2017-09-20T18:19:22","guid":{"rendered":"http:\/\/innovatori.space\/lat21\/?p=29193"},"modified":"2017-09-20T18:41:56","modified_gmt":"2017-09-20T23:41:56","slug":"aprueban-decision-historica-en-el-en-la-convencion-macro-de-la-omt","status":"publish","type":"post","link":"https:\/\/l21.mx\/?p=29193","title":{"rendered":"Aprueban decisi\u00f3n hist\u00f3rica en la Convenci\u00f3n Macro de la OMT"},"content":{"rendered":"<p><a href=\"http:\/\/l21.mx\/wp-content\/uploads\/2014\/01\/TALEB-RIFAI-.jpg\" data-rel=\"penci-gallery-image-content\" ><img fetchpriority=\"high\" decoding=\"async\" class=\"aligncenter size-large wp-image-5793\" src=\"http:\/\/l21.mx\/wp-content\/uploads\/2014\/01\/TALEB-RIFAI--720x1024.jpg\" alt=\"\" width=\"720\" height=\"1024\" srcset=\"https:\/\/l21.mx\/wp-content\/uploads\/2014\/01\/TALEB-RIFAI--720x1024.jpg 720w, https:\/\/l21.mx\/wp-content\/uploads\/2014\/01\/TALEB-RIFAI--211x300.jpg 211w, https:\/\/l21.mx\/wp-content\/uploads\/2014\/01\/TALEB-RIFAI--768x1092.jpg 768w, https:\/\/l21.mx\/wp-content\/uploads\/2014\/01\/TALEB-RIFAI--1080x1536.jpg 1080w, https:\/\/l21.mx\/wp-content\/uploads\/2014\/01\/TALEB-RIFAI--1440x2048.jpg 1440w, https:\/\/l21.mx\/wp-content\/uploads\/2014\/01\/TALEB-RIFAI--1920x2730.jpg 1920w, https:\/\/l21.mx\/wp-content\/uploads\/2014\/01\/TALEB-RIFAI--1170x1663.jpg 1170w, https:\/\/l21.mx\/wp-content\/uploads\/2014\/01\/TALEB-RIFAI--585x832.jpg 585w, https:\/\/l21.mx\/wp-content\/uploads\/2014\/01\/TALEB-RIFAI--scaled.jpg 1801w\" sizes=\"(max-width: 720px) 100vw, 720px\" \/><\/a><\/p>\n<p><em>MADRID. Los Estados Miembros de la <strong>Organizaci\u00f3n Mundial del Turismo<\/strong> (<strong>OMT<\/strong>) aprobaron\u00a0un documento hist\u00f3rico -la Convenci\u00f3n Marco de la OMT sobre \u00c9tica del Turismo. El documento, aprobado en la vig\u00e9sima segunda reuni\u00f3n de la Asamblea General de la OMT, es el resultado de la transformaci\u00f3n del\u00a0<strong>C\u00f3digo \u00c9tico Mundial para el Turismo<\/strong> en una convenci\u00f3n internacional, la primera creada en el seno de la OMT desde su conformaci\u00f3n.<\/em><\/p>\n<p>La Convenci\u00f3n contempla las responsabilidades de todos los agentes del desarrollo tur\u00edstico sostenible, y facilita un marco que recomienda un modus operandi \u00e9tico y sostenible mediante, entre otras medidas, el respeto por el derecho al turismo, la libertad de movimiento para los turistas, y los derechos de los empleados y los profesionales.<\/p>\n<p>\u201cEn un mundo interconectado donde el volumen de negocios del turismo es igual o incluso superior al de las exportaciones de petr\u00f3leo, los productos alimenticios o la industria automovil\u00edstica, es esencial establecer un marco jur\u00eddico que garantice un crecimiento gestionado de manera responsable, con la capacidad de mantenerse a largo plazo. El turismo alberga un potencial que se debe aprovechar en beneficio de todos\u201d, dijo el presidente del Comit\u00e9 Mundial de \u00c9tica del Turismo (WCTE), Pascal Lamy.<\/p>\n<p>Nombrado presidente del CMET en 2013, Pascal Lamy, junto con el resto de miembros del Comit\u00e9, han desempe\u00f1ado un papel fundamental en el proceso de presentaci\u00f3n de la Convenci\u00f3n Marco sobre \u00c9tica del Turismo en la vig\u00e9sima segunda reuni\u00f3n de la Asamblea General de la OMT.<\/p>\n<p>La conversi\u00f3n del C\u00f3digo, adoptado en 1999, en una aut\u00e9ntica convenci\u00f3n, representa un paso de suma importancia para garantizar que el desarrollo tur\u00edstico tenga en cuenta y respete cabalmente el desarrollo sostenible, los aspectos sociales y el desarrollo de las comunidades locales, mejore el di\u00e1logo intercultural y contemple su vinculaci\u00f3n con el empleo digno.<\/p>\n<p>\u201cEste es un momento hist\u00f3rico para la OMT\u00bb, dijo el secretario general, Taleb Rifai. \u00abLa aprobaci\u00f3n de la Convenci\u00f3n supone un extraordinario legado del A\u00f1o Internacional del Turismo Sostenible para el Desarrollo, que celebramos este a\u00f1o. Asimismo, refleja claramente el compromiso de los pa\u00edses a transformar el turismo en\u00a0un motor de cambio\u00a0que propicie un futuro mejor para todos. Consolida asimismo la presencia institucional de la OMT en el seno del sistema de las Naciones Unidas\u201d, a\u00f1adi\u00f3.<\/p>\n","protected":false},"excerpt":{"rendered":"<p>MADRID. Los Estados Miembros de la Organizaci\u00f3n Mundial del Turismo (OMT) aprobaron\u00a0un documento hist\u00f3rico -la Convenci\u00f3n&hellip;<\/p>\n","protected":false},"author":2,"featured_media":0,"comment_status":"open","ping_status":"open","sticky":false,"template":"","format":"standard","meta":{"_acf_changed":false,"_lmt_disableupdate":"","_lmt_disable":"","_mbp_gutenberg_autopost":false,"footnotes":""},"categories":[23,8],"tags":[],"class_list":["post-29193","post","type-post","status-publish","format-standard","hentry","category-noticias","category-turismo"],"acf":[],"yoast_head":"<!-- This site is optimized with the Yoast SEO plugin v27.3 - https:\/\/yoast.com\/product\/yoast-seo-wordpress\/ -->\n<title>Aprueban decisi\u00f3n hist\u00f3rica en la Convenci\u00f3n Macro de la OMT | Revista Latitud 21<\/title>\n<meta name=\"description\" content=\"L21, Emprendedores y Negocios en el Caribe Mexicano, es la revista l\u00edder entre el Sector Empresarial y Tur\u00edstico del Caribe Mexicano.\" \/>\n<meta name=\"robots\" content=\"index, follow, max-snippet:-1, max-image-preview:large, max-video-preview:-1\" \/>\n<link rel=\"canonical\" href=\"https:\/\/l21.mx\/?p=29193\" \/>\n<meta name=\"twitter:card\" content=\"summary_large_image\" \/>\n<meta name=\"twitter:title\" content=\"Aprueban decisi\u00f3n hist\u00f3rica en la Convenci\u00f3n Macro de la OMT | Revista Latitud 21\" \/>\n<meta name=\"twitter:description\" content=\"L21, Emprendedores y Negocios en el Caribe Mexicano, es la revista l\u00edder entre el Sector Empresarial y Tur\u00edstico del Caribe Mexicano.\" \/>\n<meta name=\"twitter:image\" content=\"https:\/\/l21.mx\/wp-content\/uploads\/2014\/01\/TALEB-RIFAI--scaled.jpg\" \/>\n<meta name=\"twitter:creator\" content=\"@Latitud21mx\" \/>\n<meta name=\"twitter:site\" content=\"@Latitud21mx\" \/>\n<meta name=\"twitter:label1\" content=\"Escrito por\" \/>\n\t<meta name=\"twitter:data1\" content=\"Latitud21 Redacci\u00f3n\" \/>\n\t<meta name=\"twitter:label2\" content=\"Tiempo de lectura\" \/>\n\t<meta name=\"twitter:data2\" content=\"2 minutos\" \/>\n<script type=\"application\/ld+json\" class=\"yoast-schema-graph\">{\"@context\":\"https:\\\/\\\/schema.org\",\"@graph\":[{\"@type\":\"Article\",\"@id\":\"https:\\\/\\\/l21.mx\\\/?p=29193#article\",\"isPartOf\":{\"@id\":\"https:\\\/\\\/l21.mx\\\/?p=29193\"},\"author\":{\"name\":\"Latitud21 Redacci\u00f3n\",\"@id\":\"https:\\\/\\\/l21.mx\\\/#\\\/schema\\\/person\\\/4b571cc212089f95579f3b66253728f1\"},\"headline\":\"Aprueban decisi\u00f3n hist\u00f3rica en la Convenci\u00f3n Macro de la OMT\",\"datePublished\":\"2017-09-20T18:19:22+00:00\",\"dateModified\":\"2017-09-20T23:41:56+00:00\",\"mainEntityOfPage\":{\"@id\":\"https:\\\/\\\/l21.mx\\\/?p=29193\"},\"wordCount\":420,\"commentCount\":0,\"publisher\":{\"@id\":\"https:\\\/\\\/l21.mx\\\/#organization\"},\"image\":{\"@id\":\"https:\\\/\\\/l21.mx\\\/?p=29193#primaryimage\"},\"thumbnailUrl\":\"http:\\\/\\\/l21.mx\\\/wp-content\\\/uploads\\\/2014\\\/01\\\/TALEB-RIFAI--720x1024.jpg\",\"articleSection\":[\"Noticias\",\"Turismo\"],\"inLanguage\":\"es\",\"potentialAction\":[{\"@type\":\"CommentAction\",\"name\":\"Comment\",\"target\":[\"https:\\\/\\\/l21.mx\\\/?p=29193#respond\"]}]},{\"@type\":\"WebPage\",\"@id\":\"https:\\\/\\\/l21.mx\\\/?p=29193\",\"url\":\"https:\\\/\\\/l21.mx\\\/?p=29193\",\"name\":\"Aprueban decisi\u00f3n hist\u00f3rica en la Convenci\u00f3n Macro de la OMT | Revista Latitud 21\",\"isPartOf\":{\"@id\":\"https:\\\/\\\/l21.mx\\\/#website\"},\"primaryImageOfPage\":{\"@id\":\"https:\\\/\\\/l21.mx\\\/?p=29193#primaryimage\"},\"image\":{\"@id\":\"https:\\\/\\\/l21.mx\\\/?p=29193#primaryimage\"},\"thumbnailUrl\":\"http:\\\/\\\/l21.mx\\\/wp-content\\\/uploads\\\/2014\\\/01\\\/TALEB-RIFAI--720x1024.jpg\",\"datePublished\":\"2017-09-20T18:19:22+00:00\",\"dateModified\":\"2017-09-20T23:41:56+00:00\",\"description\":\"L21, Emprendedores y Negocios en el Caribe Mexicano, es la revista l\u00edder entre el Sector Empresarial y Tur\u00edstico del Caribe Mexicano.\",\"breadcrumb\":{\"@id\":\"https:\\\/\\\/l21.mx\\\/?p=29193#breadcrumb\"},\"inLanguage\":\"es\",\"potentialAction\":[{\"@type\":\"ReadAction\",\"target\":[\"https:\\\/\\\/l21.mx\\\/?p=29193\"]}]},{\"@type\":\"ImageObject\",\"inLanguage\":\"es\",\"@id\":\"https:\\\/\\\/l21.mx\\\/?p=29193#primaryimage\",\"url\":\"https:\\\/\\\/l21.mx\\\/wp-content\\\/uploads\\\/2014\\\/01\\\/TALEB-RIFAI--scaled.jpg\",\"contentUrl\":\"https:\\\/\\\/l21.mx\\\/wp-content\\\/uploads\\\/2014\\\/01\\\/TALEB-RIFAI--scaled.jpg\",\"width\":1801,\"height\":2560},{\"@type\":\"BreadcrumbList\",\"@id\":\"https:\\\/\\\/l21.mx\\\/?p=29193#breadcrumb\",\"itemListElement\":[{\"@type\":\"ListItem\",\"position\":1,\"name\":\"Portada\",\"item\":\"https:\\\/\\\/l21.mx\\\/\"},{\"@type\":\"ListItem\",\"position\":2,\"name\":\"Aprueban decisi\u00f3n hist\u00f3rica en la Convenci\u00f3n Macro de la OMT\"}]},{\"@type\":\"WebSite\",\"@id\":\"https:\\\/\\\/l21.mx\\\/#website\",\"url\":\"https:\\\/\\\/l21.mx\\\/\",\"name\":\"Revista Latitud 21\",\"description\":\"Emprendedores  y negocios en el Caribe Mexicano\",\"publisher\":{\"@id\":\"https:\\\/\\\/l21.mx\\\/#organization\"},\"potentialAction\":[{\"@type\":\"SearchAction\",\"target\":{\"@type\":\"EntryPoint\",\"urlTemplate\":\"https:\\\/\\\/l21.mx\\\/?s={search_term_string}\"},\"query-input\":{\"@type\":\"PropertyValueSpecification\",\"valueRequired\":true,\"valueName\":\"search_term_string\"}}],\"inLanguage\":\"es\"},{\"@type\":\"Organization\",\"@id\":\"https:\\\/\\\/l21.mx\\\/#organization\",\"name\":\"Grupo Editorial Latitud 21 SA de CV\",\"url\":\"https:\\\/\\\/l21.mx\\\/\",\"logo\":{\"@type\":\"ImageObject\",\"inLanguage\":\"es\",\"@id\":\"https:\\\/\\\/l21.mx\\\/#\\\/schema\\\/logo\\\/image\\\/\",\"url\":\"https:\\\/\\\/l21.mx\\\/wp-content\\\/uploads\\\/2020\\\/10\\\/logo-l21-baja.jpg\",\"contentUrl\":\"https:\\\/\\\/l21.mx\\\/wp-content\\\/uploads\\\/2020\\\/10\\\/logo-l21-baja.jpg\",\"width\":250,\"height\":250,\"caption\":\"Grupo Editorial Latitud 21 SA de CV\"},\"image\":{\"@id\":\"https:\\\/\\\/l21.mx\\\/#\\\/schema\\\/logo\\\/image\\\/\"},\"sameAs\":[\"https:\\\/\\\/www.facebook.com\\\/RevistaLatitud21\\\/\",\"https:\\\/\\\/x.com\\\/Latitud21mx\"]},{\"@type\":\"Person\",\"@id\":\"https:\\\/\\\/l21.mx\\\/#\\\/schema\\\/person\\\/4b571cc212089f95579f3b66253728f1\",\"name\":\"Latitud21 Redacci\u00f3n\",\"url\":\"https:\\\/\\\/l21.mx\\\/?author=2\"}]}<\/script>\n<!-- \/ Yoast SEO plugin. -->","yoast_head_json":{"title":"Aprueban decisi\u00f3n hist\u00f3rica en la Convenci\u00f3n Macro de la OMT | Revista Latitud 21","description":"L21, Emprendedores y Negocios en el Caribe Mexicano, es la revista l\u00edder entre el Sector Empresarial y Tur\u00edstico del Caribe Mexicano.","robots":{"index":"index","follow":"follow","max-snippet":"max-snippet:-1","max-image-preview":"max-image-preview:large","max-video-preview":"max-video-preview:-1"},"canonical":"https:\/\/l21.mx\/?p=29193","twitter_card":"summary_large_image","twitter_title":"Aprueban decisi\u00f3n hist\u00f3rica en la Convenci\u00f3n Macro de la OMT | Revista Latitud 21","twitter_description":"L21, Emprendedores y Negocios en el Caribe Mexicano, es la revista l\u00edder entre el Sector Empresarial y Tur\u00edstico del Caribe Mexicano.","twitter_image":"https:\/\/l21.mx\/wp-content\/uploads\/2014\/01\/TALEB-RIFAI--scaled.jpg","twitter_creator":"@Latitud21mx","twitter_site":"@Latitud21mx","twitter_misc":{"Escrito por":"Latitud21 Redacci\u00f3n","Tiempo de lectura":"2 minutos"},"schema":{"@context":"https:\/\/schema.org","@graph":[{"@type":"Article","@id":"https:\/\/l21.mx\/?p=29193#article","isPartOf":{"@id":"https:\/\/l21.mx\/?p=29193"},"author":{"name":"Latitud21 Redacci\u00f3n","@id":"https:\/\/l21.mx\/#\/schema\/person\/4b571cc212089f95579f3b66253728f1"},"headline":"Aprueban decisi\u00f3n hist\u00f3rica en la Convenci\u00f3n Macro de la OMT","datePublished":"2017-09-20T18:19:22+00:00","dateModified":"2017-09-20T23:41:56+00:00","mainEntityOfPage":{"@id":"https:\/\/l21.mx\/?p=29193"},"wordCount":420,"commentCount":0,"publisher":{"@id":"https:\/\/l21.mx\/#organization"},"image":{"@id":"https:\/\/l21.mx\/?p=29193#primaryimage"},"thumbnailUrl":"http:\/\/l21.mx\/wp-content\/uploads\/2014\/01\/TALEB-RIFAI--720x1024.jpg","articleSection":["Noticias","Turismo"],"inLanguage":"es","potentialAction":[{"@type":"CommentAction","name":"Comment","target":["https:\/\/l21.mx\/?p=29193#respond"]}]},{"@type":"WebPage","@id":"https:\/\/l21.mx\/?p=29193","url":"https:\/\/l21.mx\/?p=29193","name":"Aprueban decisi\u00f3n hist\u00f3rica en la Convenci\u00f3n Macro de la OMT | Revista Latitud 21","isPartOf":{"@id":"https:\/\/l21.mx\/#website"},"primaryImageOfPage":{"@id":"https:\/\/l21.mx\/?p=29193#primaryimage"},"image":{"@id":"https:\/\/l21.mx\/?p=29193#primaryimage"},"thumbnailUrl":"http:\/\/l21.mx\/wp-content\/uploads\/2014\/01\/TALEB-RIFAI--720x1024.jpg","datePublished":"2017-09-20T18:19:22+00:00","dateModified":"2017-09-20T23:41:56+00:00","description":"L21, Emprendedores y Negocios en el Caribe Mexicano, es la revista l\u00edder entre el Sector Empresarial y Tur\u00edstico del Caribe Mexicano.","breadcrumb":{"@id":"https:\/\/l21.mx\/?p=29193#breadcrumb"},"inLanguage":"es","potentialAction":[{"@type":"ReadAction","target":["https:\/\/l21.mx\/?p=29193"]}]},{"@type":"ImageObject","inLanguage":"es","@id":"https:\/\/l21.mx\/?p=29193#primaryimage","url":"https:\/\/l21.mx\/wp-content\/uploads\/2014\/01\/TALEB-RIFAI--scaled.jpg","contentUrl":"https:\/\/l21.mx\/wp-content\/uploads\/2014\/01\/TALEB-RIFAI--scaled.jpg","width":1801,"height":2560},{"@type":"BreadcrumbList","@id":"https:\/\/l21.mx\/?p=29193#breadcrumb","itemListElement":[{"@type":"ListItem","position":1,"name":"Portada","item":"https:\/\/l21.mx\/"},{"@type":"ListItem","position":2,"name":"Aprueban decisi\u00f3n hist\u00f3rica en la Convenci\u00f3n Macro de la OMT"}]},{"@type":"WebSite","@id":"https:\/\/l21.mx\/#website","url":"https:\/\/l21.mx\/","name":"Revista Latitud 21","description":"Emprendedores  y negocios en el Caribe Mexicano","publisher":{"@id":"https:\/\/l21.mx\/#organization"},"potentialAction":[{"@type":"SearchAction","target":{"@type":"EntryPoint","urlTemplate":"https:\/\/l21.mx\/?s={search_term_string}"},"query-input":{"@type":"PropertyValueSpecification","valueRequired":true,"valueName":"search_term_string"}}],"inLanguage":"es"},{"@type":"Organization","@id":"https:\/\/l21.mx\/#organization","name":"Grupo Editorial Latitud 21 SA de CV","url":"https:\/\/l21.mx\/","logo":{"@type":"ImageObject","inLanguage":"es","@id":"https:\/\/l21.mx\/#\/schema\/logo\/image\/","url":"https:\/\/l21.mx\/wp-content\/uploads\/2020\/10\/logo-l21-baja.jpg","contentUrl":"https:\/\/l21.mx\/wp-content\/uploads\/2020\/10\/logo-l21-baja.jpg","width":250,"height":250,"caption":"Grupo Editorial Latitud 21 SA de CV"},"image":{"@id":"https:\/\/l21.mx\/#\/schema\/logo\/image\/"},"sameAs":["https:\/\/www.facebook.com\/RevistaLatitud21\/","https:\/\/x.com\/Latitud21mx"]},{"@type":"Person","@id":"https:\/\/l21.mx\/#\/schema\/person\/4b571cc212089f95579f3b66253728f1","name":"Latitud21 Redacci\u00f3n","url":"https:\/\/l21.mx\/?author=2"}]}},"amp_enabled":true,"_links":{"self":[{"href":"https:\/\/l21.mx\/index.php?rest_route=\/wp\/v2\/posts\/29193","targetHints":{"allow":["GET"]}}],"collection":[{"href":"https:\/\/l21.mx\/index.php?rest_route=\/wp\/v2\/posts"}],"about":[{"href":"https:\/\/l21.mx\/index.php?rest_route=\/wp\/v2\/types\/post"}],"author":[{"embeddable":true,"href":"https:\/\/l21.mx\/index.php?rest_route=\/wp\/v2\/users\/2"}],"replies":[{"embeddable":true,"href":"https:\/\/l21.mx\/index.php?rest_route=%2Fwp%2Fv2%2Fcomments&post=29193"}],"version-history":[{"count":0,"href":"https:\/\/l21.mx\/index.php?rest_route=\/wp\/v2\/posts\/29193\/revisions"}],"wp:attachment":[{"href":"https:\/\/l21.mx\/index.php?rest_route=%2Fwp%2Fv2%2Fmedia&parent=29193"}],"wp:term":[{"taxonomy":"category","embeddable":true,"href":"https:\/\/l21.mx\/index.php?rest_route=%2Fwp%2Fv2%2Fcategories&post=29193"},{"taxonomy":"post_tag","embeddable":true,"href":"https:\/\/l21.mx\/index.php?rest_route=%2Fwp%2Fv2%2Ftags&post=29193"}],"curies":[{"name":"wp","href":"https:\/\/api.w.org\/{rel}","templated":true}]}}