{"id":29202,"date":"2017-09-21T14:03:52","date_gmt":"2017-09-21T19:03:52","guid":{"rendered":"http:\/\/innovatori.space\/lat21\/?p=29202"},"modified":"2017-09-21T14:03:52","modified_gmt":"2017-09-21T19:03:52","slug":"barcelo-comprometido-con-el-talento-y-la-juventud-quintanarroense","status":"publish","type":"post","link":"https:\/\/l21.mx\/?p=29202","title":{"rendered":"BARCEL\u00d3 COMPROMETIDO CON EL TALENTO Y LA JUVENTUD QUINTANARROENSE"},"content":{"rendered":"<p>&nbsp;<\/p>\n<div data-sliderid=\"39477\" id=\"penci-post-gallery__39477\" class=\"penci-post-gallery-container justified column-2\" data-height=\"150\" data-margin=\"3\"><a class=\"penci-gallery-ite item-gallery-justified\" href=\"https:\/\/l21.mx\/wp-content\/uploads\/2017\/09\/OPERA_INDEPENDENCIA_BARCELO_EUG_EDIT-37.jpg\" data-rel=\"penci-gallery-image-content\" ><img decoding=\"async\" src=\"https:\/\/l21.mx\/wp-content\/uploads\/2017\/09\/OPERA_INDEPENDENCIA_BARCELO_EUG_EDIT-37-585x390.jpg\" alt=\"\" title=\"OPERA_INDEPENDENCIA_BARCELO_EUG_EDIT-37\"><\/a><a class=\"penci-gallery-ite item-gallery-justified\" href=\"https:\/\/l21.mx\/wp-content\/uploads\/2017\/09\/OPERA_INDEPENDENCIA_BARCELO_EUG_EDIT-35.jpg\" data-rel=\"penci-gallery-image-content\" ><img decoding=\"async\" src=\"https:\/\/l21.mx\/wp-content\/uploads\/2017\/09\/OPERA_INDEPENDENCIA_BARCELO_EUG_EDIT-35-585x390.jpg\" alt=\"\" title=\"OPERA_INDEPENDENCIA_BARCELO_EUG_EDIT-35\"><\/a><a class=\"penci-gallery-ite item-gallery-justified\" href=\"https:\/\/l21.mx\/wp-content\/uploads\/2017\/09\/OPERA_INDEPENDENCIA_BARCELO_EUG_EDIT-34.jpg\" data-rel=\"penci-gallery-image-content\" ><img decoding=\"async\" src=\"https:\/\/l21.mx\/wp-content\/uploads\/2017\/09\/OPERA_INDEPENDENCIA_BARCELO_EUG_EDIT-34-585x390.jpg\" alt=\"\" title=\"OPERA_INDEPENDENCIA_BARCELO_EUG_EDIT-34\"><\/a><a class=\"penci-gallery-ite item-gallery-justified\" href=\"https:\/\/l21.mx\/wp-content\/uploads\/2017\/09\/OPERA_INDEPENDENCIA_BARCELO_EUG_EDIT-26.jpg\" data-rel=\"penci-gallery-image-content\" ><img decoding=\"async\" src=\"https:\/\/l21.mx\/wp-content\/uploads\/2017\/09\/OPERA_INDEPENDENCIA_BARCELO_EUG_EDIT-26-585x390.jpg\" alt=\"\" title=\"OPERA_INDEPENDENCIA_BARCELO_EUG_EDIT-26\"><\/a><a class=\"penci-gallery-ite item-gallery-justified\" href=\"https:\/\/l21.mx\/wp-content\/uploads\/2017\/09\/OPERA_INDEPENDENCIA_BARCELO_EUG_EDIT-23.jpg\" data-rel=\"penci-gallery-image-content\" ><img decoding=\"async\" src=\"https:\/\/l21.mx\/wp-content\/uploads\/2017\/09\/OPERA_INDEPENDENCIA_BARCELO_EUG_EDIT-23-585x390.jpg\" alt=\"\" title=\"OPERA_INDEPENDENCIA_BARCELO_EUG_EDIT-23\"><\/a><a class=\"penci-gallery-ite item-gallery-justified\" href=\"https:\/\/l21.mx\/wp-content\/uploads\/2017\/09\/OPERA_INDEPENDENCIA_BARCELO_EUG_EDIT-11.jpg\" data-rel=\"penci-gallery-image-content\" ><img decoding=\"async\" src=\"https:\/\/l21.mx\/wp-content\/uploads\/2017\/09\/OPERA_INDEPENDENCIA_BARCELO_EUG_EDIT-11-585x390.jpg\" alt=\"\" title=\"OPERA_INDEPENDENCIA_BARCELO_EUG_EDIT-11\"><\/a><a class=\"penci-gallery-ite item-gallery-justified\" href=\"https:\/\/l21.mx\/wp-content\/uploads\/2017\/09\/OPERA_INDEPENDENCIA_BARCELO_EUG_EDIT-9.jpg\" data-rel=\"penci-gallery-image-content\" ><img decoding=\"async\" src=\"https:\/\/l21.mx\/wp-content\/uploads\/2017\/09\/OPERA_INDEPENDENCIA_BARCELO_EUG_EDIT-9-585x390.jpg\" alt=\"\" title=\"OPERA_INDEPENDENCIA_BARCELO_EUG_EDIT-9\"><\/a><\/div>\n<p><em>Riviera Maya.<\/em>\u00a0La Fundaci\u00f3n Barcel\u00f3, a trav\u00e9s de Barcel\u00f3 Hotel Group y su director general en M\u00e9xico, Miguel \u00c1ngel Guardado Preciado, de la mano del director de orquesta espa\u00f1ol Jos\u00e9 Mar\u00eda Moreno Valiente y el tenor internacional quintanarroense Joel Montero, se dieron a la tarea de rescatar a la Orquesta Sinf\u00f3nica de Quintana Roo; por lo que en conjunto con el gobierno de Solidaridad, los Institutos de Cultura y las Artes, tanto estatal como municipal, y la ayuda de patrocinadores pertenecientes al sector empresarial como: ABInBev, DAC, CID Presents, Ocean Leader, Grupo Regio, AREA6 y HBS Delli lograron materializar dicho proyecto.<\/p>\n<p>Los d\u00edas 13, 14 y 15 de septiembre, teniendo como escenarios el Centro Cultural Universitario de la Universidad Aut\u00f3noma de Quintana Roo, el Teatro de la Ciudad de Solidaridad, Playa del Carmen y el Teatro Monte Alb\u00e1n del complejo Barcel\u00f3 Maya Grand Resort en la Riviera Maya respectivamente, se llevaron a cabo tres Galas de \u00d3pera; sum\u00e1ndose al talento del Maestro Moreno, el Tenor Montero y\u00a0 los m\u00fasicos integrantes de la Sinf\u00f3nica del Estado, los invitados especiales de talla internacional: la soprano estadounidense Julie Davies, la Mezzo Mar\u00eda Luisa Corbacho (Espa\u00f1a) y el bar\u00edtono ingl\u00e9s James Cleverton, quienes conquistaron a los asistentes, en cada una de las galas.<\/p>\n<p>El 14 de septiembre durante la Gala realizada en el Teatro de la Ciudad en Playa del Carmen, municipio de Solidaridad; Miguel \u00c1ngel Guardado acompa\u00f1ado de ejecutivos de la compa\u00f1\u00eda CID Presents hizo la entrega de instrumentos musicales en apoyo al Instituto Municipal de la Cultura y las Artes y que servir\u00e1n para continuar con la educaci\u00f3n musical de los ni\u00f1os y j\u00f3venes que conforman la Orquesta Sinf\u00f3nica Infantil y Juvenil de Solidaridad.<\/p>\n<p>\u201cEl crear oportunidades de sano esparcimiento, educaci\u00f3n y cultura para nuestros ni\u00f1os, es responsabilidad de todos; es por ello, que nos complace aportar para esta noble causa\u201d, puntualiz\u00f3 Miguel \u00c1ngel Guardado.<\/p>\n<p>Durante la \u00faltima noche, y como antesala de los festejos por las fiestas patrias, la Sinf\u00f3nica de Quintana Roo encant\u00f3 a los hu\u00e9spedes del Barcel\u00f3 Maya Grand Resort con la interpretaci\u00f3n del Danz\u00f3n No 2 y el Huapango de Moncayo; el tenor quintanarroense Joel Montero interpret\u00f3 B\u00e9same Mucho, y el famoso Cielito Lindo, invitando a los asistentes a entonar el coro de esta \u00faltima canci\u00f3n, tan enraizada en el gusto y la identidad mexicana.<\/p>\n<p>La Fundaci\u00f3n Barcel\u00f3 desde sus inicios ha desarrollado actividades en torno a las \u00e1reas de Salud, Educaci\u00f3n, Cultura y Arte, con el prop\u00f3sito permanente de contribuir con su trabajo a la mejora del tejido social, con la filosof\u00eda de apoyar a quien m\u00e1s lo necesite.<\/p>\n<p>&nbsp;<\/p>\n","protected":false},"excerpt":{"rendered":"<p>&nbsp; Riviera Maya.\u00a0La Fundaci\u00f3n Barcel\u00f3, a trav\u00e9s de Barcel\u00f3 Hotel Group y su director general en&hellip;<\/p>\n","protected":false},"author":2,"featured_media":29209,"comment_status":"open","ping_status":"open","sticky":false,"template":"","format":"standard","meta":{"_acf_changed":false,"_lmt_disableupdate":"","_lmt_disable":"","_mbp_gutenberg_autopost":false,"footnotes":""},"categories":[23,8],"tags":[],"class_list":["post-29202","post","type-post","status-publish","format-standard","has-post-thumbnail","hentry","category-noticias","category-turismo"],"acf":[],"_links":{"self":[{"href":"https:\/\/l21.mx\/index.php?rest_route=\/wp\/v2\/posts\/29202","targetHints":{"allow":["GET"]}}],"collection":[{"href":"https:\/\/l21.mx\/index.php?rest_route=\/wp\/v2\/posts"}],"about":[{"href":"https:\/\/l21.mx\/index.php?rest_route=\/wp\/v2\/types\/post"}],"author":[{"embeddable":true,"href":"https:\/\/l21.mx\/index.php?rest_route=\/wp\/v2\/users\/2"}],"replies":[{"embeddable":true,"href":"https:\/\/l21.mx\/index.php?rest_route=%2Fwp%2Fv2%2Fcomments&post=29202"}],"version-history":[{"count":0,"href":"https:\/\/l21.mx\/index.php?rest_route=\/wp\/v2\/posts\/29202\/revisions"}],"wp:featuredmedia":[{"embeddable":true,"href":"https:\/\/l21.mx\/index.php?rest_route=\/wp\/v2\/media\/29209"}],"wp:attachment":[{"href":"https:\/\/l21.mx\/index.php?rest_route=%2Fwp%2Fv2%2Fmedia&parent=29202"}],"wp:term":[{"taxonomy":"category","embeddable":true,"href":"https:\/\/l21.mx\/index.php?rest_route=%2Fwp%2Fv2%2Fcategories&post=29202"},{"taxonomy":"post_tag","embeddable":true,"href":"https:\/\/l21.mx\/index.php?rest_route=%2Fwp%2Fv2%2Ftags&post=29202"}],"curies":[{"name":"wp","href":"https:\/\/api.w.org\/{rel}","templated":true}]}}