{"id":29221,"date":"2017-09-22T13:01:39","date_gmt":"2017-09-22T18:01:39","guid":{"rendered":"http:\/\/innovatori.space\/lat21\/?p=29221"},"modified":"2017-09-22T13:01:39","modified_gmt":"2017-09-22T18:01:39","slug":"establece-wttc-grupo-de-trabajo-para-apoyar-a-damnificados-en-mexico","status":"publish","type":"post","link":"https:\/\/l21.mx\/?p=29221","title":{"rendered":"ESTABLECE WTTC GRUPO DE TRABAJO PARA APOYAR A DAMNIFICADOS EN MEXICO"},"content":{"rendered":"<p><a href=\"http:\/\/l21.mx\/wp-content\/uploads\/2017\/09\/wttc_0.jpg\" data-rel=\"penci-gallery-image-content\" ><img fetchpriority=\"high\" decoding=\"async\" class=\"aligncenter size-large wp-image-29222\" src=\"http:\/\/l21.mx\/wp-content\/uploads\/2017\/09\/wttc_0-1024x768.jpg\" alt=\"\" width=\"1024\" height=\"768\" srcset=\"https:\/\/l21.mx\/wp-content\/uploads\/2017\/09\/wttc_0-1024x768.jpg 1024w, https:\/\/l21.mx\/wp-content\/uploads\/2017\/09\/wttc_0-300x225.jpg 300w, https:\/\/l21.mx\/wp-content\/uploads\/2017\/09\/wttc_0-768x576.jpg 768w, https:\/\/l21.mx\/wp-content\/uploads\/2017\/09\/wttc_0-1170x878.jpg 1170w, https:\/\/l21.mx\/wp-content\/uploads\/2017\/09\/wttc_0-585x439.jpg 585w, https:\/\/l21.mx\/wp-content\/uploads\/2017\/09\/wttc_0.jpg 1200w\" sizes=\"(max-width: 1024px) 100vw, 1024px\" \/><\/a><\/p>\n<p><strong>Env\u00eda sus condolencias y solidaridad a los miles de damnificados<\/strong><\/p>\n<p>Ante la lamentable situaci\u00f3n que vive M\u00e9xico, el Consejo Mundial de Viajes y Turismo (WTTC por sus siglas en ingl\u00e9s) ha establecido un grupo de trabajo para coordinar los esfuerzos del sector privado tur\u00edstico mundial y as\u00ed apoyar a los miles de damnificados y a la recuperaci\u00f3n en las entidades afectadas.<\/p>\n<p>El Consejo Mundial de Viajes y Turismo env\u00eda sus condolencias y solidaridad a todos los afectados en la Ciudad de M\u00e9xico, Morelos y Puebla por el reciente terremoto, as\u00ed como a los damnificados en Oaxaca y Chiapas.<\/p>\n<p>Gloria Guevara, Presidenta y CEO del Consejo se\u00f1al\u00f3 que\u00a0 \u201cesto es una tragedia para M\u00e9xico, nuestros pensamientos y condolencias est\u00e1n con todos aquellos que han perdido a un ser querido o siguen en la b\u00fasqueda, y con los que perdieron su patrimonio.\u00a0 Como mexicana conozco de primera mano la fuerza de nuestro pa\u00eds y s\u00e9 que tenemos la capacidad para recuperarnos de una crisis como \u00e9sta\u201d.<\/p>\n<p>Lo que hemos visto como resultado del terremoto ha sido a la sociedad unida y sabemos que juntos podemos enfrentar esta tragedia, puntualiz\u00f3.<\/p>\n","protected":false},"excerpt":{"rendered":"<p>Env\u00eda sus condolencias y solidaridad a los miles de damnificados Ante la lamentable situaci\u00f3n que vive&hellip;<\/p>\n","protected":false},"author":2,"featured_media":29222,"comment_status":"open","ping_status":"open","sticky":false,"template":"","format":"standard","meta":{"_acf_changed":false,"_lmt_disableupdate":"","_lmt_disable":"","_mbp_gutenberg_autopost":false,"footnotes":""},"categories":[23,8],"tags":[],"class_list":["post-29221","post","type-post","status-publish","format-standard","has-post-thumbnail","hentry","category-noticias","category-turismo"],"acf":[],"_links":{"self":[{"href":"https:\/\/l21.mx\/index.php?rest_route=\/wp\/v2\/posts\/29221","targetHints":{"allow":["GET"]}}],"collection":[{"href":"https:\/\/l21.mx\/index.php?rest_route=\/wp\/v2\/posts"}],"about":[{"href":"https:\/\/l21.mx\/index.php?rest_route=\/wp\/v2\/types\/post"}],"author":[{"embeddable":true,"href":"https:\/\/l21.mx\/index.php?rest_route=\/wp\/v2\/users\/2"}],"replies":[{"embeddable":true,"href":"https:\/\/l21.mx\/index.php?rest_route=%2Fwp%2Fv2%2Fcomments&post=29221"}],"version-history":[{"count":0,"href":"https:\/\/l21.mx\/index.php?rest_route=\/wp\/v2\/posts\/29221\/revisions"}],"wp:featuredmedia":[{"embeddable":true,"href":"https:\/\/l21.mx\/index.php?rest_route=\/wp\/v2\/media\/29222"}],"wp:attachment":[{"href":"https:\/\/l21.mx\/index.php?rest_route=%2Fwp%2Fv2%2Fmedia&parent=29221"}],"wp:term":[{"taxonomy":"category","embeddable":true,"href":"https:\/\/l21.mx\/index.php?rest_route=%2Fwp%2Fv2%2Fcategories&post=29221"},{"taxonomy":"post_tag","embeddable":true,"href":"https:\/\/l21.mx\/index.php?rest_route=%2Fwp%2Fv2%2Ftags&post=29221"}],"curies":[{"name":"wp","href":"https:\/\/api.w.org\/{rel}","templated":true}]}}