{"id":29230,"date":"2017-09-25T18:43:18","date_gmt":"2017-09-25T23:43:18","guid":{"rendered":"http:\/\/innovatori.space\/lat21\/?p=29230"},"modified":"2017-09-25T18:43:18","modified_gmt":"2017-09-25T23:43:18","slug":"unifin-y-pro-quintana-roo-firman-convenio-de-colaboracion-para-consolidar-el-sector-empresarial-del-estado","status":"publish","type":"post","link":"https:\/\/l21.mx\/?p=29230","title":{"rendered":"UNIFIN y Pro Quintana Roo firman convenio de colaboraci\u00f3n para consolidar el sector empresarial del estado"},"content":{"rendered":"<p><a href=\"http:\/\/l21.mx\/wp-content\/uploads\/2016\/01\/unifin-int.jpg\" data-rel=\"penci-gallery-image-content\" ><img fetchpriority=\"high\" decoding=\"async\" class=\"aligncenter size-large wp-image-14336\" src=\"http:\/\/l21.mx\/wp-content\/uploads\/2016\/01\/unifin-int-1024x516.jpg\" alt=\"\" width=\"1024\" height=\"516\" srcset=\"https:\/\/l21.mx\/wp-content\/uploads\/2016\/01\/unifin-int-1024x516.jpg 1024w, https:\/\/l21.mx\/wp-content\/uploads\/2016\/01\/unifin-int-300x151.jpg 300w, https:\/\/l21.mx\/wp-content\/uploads\/2016\/01\/unifin-int-768x387.jpg 768w, https:\/\/l21.mx\/wp-content\/uploads\/2016\/01\/unifin-int-1170x590.jpg 1170w, https:\/\/l21.mx\/wp-content\/uploads\/2016\/01\/unifin-int-585x295.jpg 585w, https:\/\/l21.mx\/wp-content\/uploads\/2016\/01\/unifin-int.jpg 1200w\" sizes=\"(max-width: 1024px) 100vw, 1024px\" \/><\/a><\/p>\n<p><strong>\u00a0<\/strong><\/p>\n<p><strong>Canc\u00fan.\u00a0<\/strong>Unifin Financiera y el Instituto para el Desarrollo y Financiamiento de Quintana Roo, mejor conocido como Pro Quintana Roo, firmaron un convenio de colaboraci\u00f3n para promover e impulsar el desarrollo econ\u00f3mico mediante la promoci\u00f3n de estrategias de financiamiento para las PyMES de la entidad.<\/p>\n<p>A trav\u00e9s de la coordinaci\u00f3n de esfuerzos, Pro Quintana Roo y Unifin, buscar\u00e1n la atracci\u00f3n de capitales p\u00fablicos y privados a partir de esquemas de financiamiento atractivas que dinamicen de una manera ordenada, sustentable y equitativa la potencialidad con las que cuenta la entidad.<\/p>\n<p>La firma fue encabezada por Patricia Ochoa Altamirano, directora comercial Sureste de Unifin y Carlos Orva\u00f1anos Rea, director general de Pro Quintana Roo, quien destac\u00f3 que el convenio abre nuevas oportunidades para la consolidaci\u00f3n y crecimiento del sector empresarial del estado.<\/p>\n<p>Por su parte, Patricia Ochoa, expres\u00f3 que \u201cel financiamiento y arrendamiento puro constituyen un instrumento fundamental para el crecimiento, adem\u00e1s que permite mejores condiciones de productividad y competitividad.\u201d\u00a0Detall\u00f3 que\u00a0Unifin\u00a0busca socios comerciales para que Quintana Roo contin\u00fae como el estado con mayor crecimiento del Pa\u00eds.<\/p>\n<p>A la firma acudieron los representantes de Coparmex, Canaco, Canirac y Asociaci\u00f3n de Hoteles, entre otras.<\/p>\n<p>Los titulares de ambos organismos destacaron que el Convenio es muestra de la estrecha colaboraci\u00f3n que se tiene entre el sector privado y el p\u00fablico.<\/p>\n<p>&nbsp;<\/p>\n","protected":false},"excerpt":{"rendered":"<p>\u00a0 Canc\u00fan.\u00a0Unifin Financiera y el Instituto para el Desarrollo y Financiamiento de Quintana Roo, mejor conocido&hellip;<\/p>\n","protected":false},"author":2,"featured_media":0,"comment_status":"open","ping_status":"open","sticky":false,"template":"","format":"standard","meta":{"_acf_changed":false,"_lmt_disableupdate":"","_lmt_disable":"","_mbp_gutenberg_autopost":false,"footnotes":""},"categories":[4,23],"tags":[],"class_list":["post-29230","post","type-post","status-publish","format-standard","hentry","category-empresas-y-negocios","category-noticias"],"acf":[],"_links":{"self":[{"href":"https:\/\/l21.mx\/index.php?rest_route=\/wp\/v2\/posts\/29230","targetHints":{"allow":["GET"]}}],"collection":[{"href":"https:\/\/l21.mx\/index.php?rest_route=\/wp\/v2\/posts"}],"about":[{"href":"https:\/\/l21.mx\/index.php?rest_route=\/wp\/v2\/types\/post"}],"author":[{"embeddable":true,"href":"https:\/\/l21.mx\/index.php?rest_route=\/wp\/v2\/users\/2"}],"replies":[{"embeddable":true,"href":"https:\/\/l21.mx\/index.php?rest_route=%2Fwp%2Fv2%2Fcomments&post=29230"}],"version-history":[{"count":0,"href":"https:\/\/l21.mx\/index.php?rest_route=\/wp\/v2\/posts\/29230\/revisions"}],"wp:attachment":[{"href":"https:\/\/l21.mx\/index.php?rest_route=%2Fwp%2Fv2%2Fmedia&parent=29230"}],"wp:term":[{"taxonomy":"category","embeddable":true,"href":"https:\/\/l21.mx\/index.php?rest_route=%2Fwp%2Fv2%2Fcategories&post=29230"},{"taxonomy":"post_tag","embeddable":true,"href":"https:\/\/l21.mx\/index.php?rest_route=%2Fwp%2Fv2%2Ftags&post=29230"}],"curies":[{"name":"wp","href":"https:\/\/api.w.org\/{rel}","templated":true}]}}