{"id":29245,"date":"2017-09-27T12:47:51","date_gmt":"2017-09-27T17:47:51","guid":{"rendered":"http:\/\/innovatori.space\/lat21\/?p=29245"},"modified":"2017-09-27T17:28:57","modified_gmt":"2017-09-27T22:28:57","slug":"autoridades-sanitarias-del-caribe-alertan-sobre-brote-de-conjuntivitis","status":"publish","type":"post","link":"https:\/\/l21.mx\/?p=29245","title":{"rendered":"Autoridades sanitarias del Caribe alertan sobre brote de conjuntivitis"},"content":{"rendered":"<p><strong>Algunas medidas preventivas para evitar que se siga propagando son:<\/strong><\/p>\n<p><strong>Evitar tocarse los ojos, lavarse las manos varias veces al d\u00eda con agua y con jab\u00f3n, evitar el saludo de mano y en general evitar el contacto con personas contagiadas.<\/strong><\/p>\n<p><a href=\"http:\/\/l21.mx\/wp-content\/uploads\/2017\/09\/conjustivitis-infografia-580x627.jpg\"><br \/>\n<\/a><a href=\"http:\/\/l21.mx\/wp-content\/uploads\/2017\/09\/conjustivitis-.jpg\" data-rel=\"penci-gallery-image-content\" ><img fetchpriority=\"high\" decoding=\"async\" class=\"alignleft size-full wp-image-29247\" src=\"http:\/\/l21.mx\/wp-content\/uploads\/2017\/09\/conjustivitis-.jpg\" alt=\"\" width=\"300\" height=\"250\" \/><\/a><\/p>\n<p>La Agencia de Salud P\u00fablica del Caribe (CARPHA, por sus siglas en ingl\u00e9s) reiter\u00f3 la alerta por los brotes de conjuntivitis que afectan a varios pa\u00edses de la regi\u00f3n.<\/p>\n<p>La directora de Vigilancia, Prevenci\u00f3n y Control de Enfermedades de la entidad, Virginia Asin-Oostburg, asegur\u00f3 que la misma est\u00e1 monitoreando la situaci\u00f3n epidemiol\u00f3gica.<\/p>\n<p>Adem\u00e1s, inst\u00f3 a las personas a tomar las precauciones necesarias para prevenir y reducir la propagaci\u00f3n de esta enfermedad que enrojece los ojos.<\/p>\n<p>La experta record\u00f3 que<strong> las causas m\u00e1s comunes de la conjuntivitis son virus, bacterias y al\u00e9rgenos.<\/strong><\/p>\n<p>&nbsp;<\/p>\n<p><a href=\"http:\/\/l21.mx\/wp-content\/uploads\/2017\/09\/conjustivitis-infografia-580x627.jpg\" data-rel=\"penci-gallery-image-content\" ><img decoding=\"async\" class=\"aligncenter size-full wp-image-29246\" src=\"http:\/\/l21.mx\/wp-content\/uploads\/2017\/09\/conjustivitis-infografia-580x627.jpg\" alt=\"\" width=\"580\" height=\"627\" srcset=\"https:\/\/l21.mx\/wp-content\/uploads\/2017\/09\/conjustivitis-infografia-580x627.jpg 580w, https:\/\/l21.mx\/wp-content\/uploads\/2017\/09\/conjustivitis-infografia-580x627-278x300.jpg 278w\" sizes=\"(max-width: 580px) 100vw, 580px\" \/><\/a>Seg\u00fan la CARPHA, <strong>los s\u00edntomas oculares pueden incluir enrojecimiento, irritaci\u00f3n, comez\u00f3n, lagrimeo, supuraciones e hinchaz\u00f3n de los p\u00e1rpados<\/strong>.<\/p>\n<p>Asin-Oostburg enfatiz\u00f3 que el riesgo de contraer conjuntivitis o de extenderla a otra persona puede reducirse.<\/p>\n<p>En este sentido, recomend\u00f3 al p\u00fablico que practiquen algunos sencillos pasos de higiene que incluyen: evitar el contacto cercano con personas enfermas o con s\u00edntomas conjuntivales, asear las manos frecuentemente o mantenerlas si no han sido lavadas lejos de la cara y los ojos.<\/p>\n<p><strong>(Con informaci\u00f3n de Prensa Latina)<\/strong><\/p>\n","protected":false},"excerpt":{"rendered":"<p>Algunas medidas preventivas para evitar que se siga propagando son: Evitar tocarse los ojos, lavarse las&hellip;<\/p>\n","protected":false},"author":2,"featured_media":29247,"comment_status":"open","ping_status":"open","sticky":false,"template":"","format":"standard","meta":{"_acf_changed":false,"_lmt_disableupdate":"","_lmt_disable":"","_mbp_gutenberg_autopost":false,"footnotes":""},"categories":[23],"tags":[],"class_list":["post-29245","post","type-post","status-publish","format-standard","has-post-thumbnail","hentry","category-noticias"],"acf":[],"_links":{"self":[{"href":"https:\/\/l21.mx\/index.php?rest_route=\/wp\/v2\/posts\/29245","targetHints":{"allow":["GET"]}}],"collection":[{"href":"https:\/\/l21.mx\/index.php?rest_route=\/wp\/v2\/posts"}],"about":[{"href":"https:\/\/l21.mx\/index.php?rest_route=\/wp\/v2\/types\/post"}],"author":[{"embeddable":true,"href":"https:\/\/l21.mx\/index.php?rest_route=\/wp\/v2\/users\/2"}],"replies":[{"embeddable":true,"href":"https:\/\/l21.mx\/index.php?rest_route=%2Fwp%2Fv2%2Fcomments&post=29245"}],"version-history":[{"count":0,"href":"https:\/\/l21.mx\/index.php?rest_route=\/wp\/v2\/posts\/29245\/revisions"}],"wp:featuredmedia":[{"embeddable":true,"href":"https:\/\/l21.mx\/index.php?rest_route=\/wp\/v2\/media\/29247"}],"wp:attachment":[{"href":"https:\/\/l21.mx\/index.php?rest_route=%2Fwp%2Fv2%2Fmedia&parent=29245"}],"wp:term":[{"taxonomy":"category","embeddable":true,"href":"https:\/\/l21.mx\/index.php?rest_route=%2Fwp%2Fv2%2Fcategories&post=29245"},{"taxonomy":"post_tag","embeddable":true,"href":"https:\/\/l21.mx\/index.php?rest_route=%2Fwp%2Fv2%2Ftags&post=29245"}],"curies":[{"name":"wp","href":"https:\/\/api.w.org\/{rel}","templated":true}]}}