{"id":29262,"date":"2017-09-27T17:58:16","date_gmt":"2017-09-27T22:58:16","guid":{"rendered":"http:\/\/innovatori.space\/lat21\/?p=29262"},"modified":"2017-09-27T18:35:09","modified_gmt":"2017-09-27T23:35:09","slug":"con-mas-de-100-actividades-conmemoran-dia-mundial-del-turismo-en-quintana-roo","status":"publish","type":"post","link":"https:\/\/l21.mx\/?p=29262","title":{"rendered":"Con m\u00e1s de 100 actividades conmemoran D\u00eda Mundial del Turismo en Quintana Roo\u00a0"},"content":{"rendered":"<p><a href=\"http:\/\/l21.mx\/wp-content\/uploads\/2017\/05\/turismo-sustentable-junio-2017.jpg\" data-rel=\"penci-gallery-image-content\" ><img fetchpriority=\"high\" decoding=\"async\" class=\"aligncenter size-large wp-image-26328\" src=\"http:\/\/l21.mx\/wp-content\/uploads\/2017\/05\/turismo-sustentable-junio-2017-1024x683.jpg\" alt=\"\" width=\"1024\" height=\"683\" \/><\/a><\/p>\n<p><strong>*Nutrida agenda de actividades promueve valores de inclusi\u00f3n social, uso responsable de recursos naturales y compromiso con el entorno\u00a0<\/strong><\/p>\n<div data-sliderid=\"80063\" id=\"penci-post-gallery__80063\" class=\"penci-post-gallery-container justified column-2\" data-height=\"150\" data-margin=\"3\"><a class=\"penci-gallery-ite item-gallery-justified\" href=\"https:\/\/l21.mx\/wp-content\/uploads\/2017\/09\/D\u00eda-Mundial-del-Turismo-en-Quintana-Roo-.jpg\" data-rel=\"penci-gallery-image-content\" ><img decoding=\"async\" src=\"https:\/\/l21.mx\/wp-content\/uploads\/2017\/09\/D\u00eda-Mundial-del-Turismo-en-Quintana-Roo--585x585.jpg\" alt=\"\" title=\"D\u00eda Mundial del Turismo en Quintana Roo\u00a0\"><\/a><a class=\"penci-gallery-ite item-gallery-justified\" href=\"https:\/\/l21.mx\/wp-content\/uploads\/2017\/09\/D\u00eda-Mundial-del-Turismo-en-Quintana-Roo_.jpg\" data-rel=\"penci-gallery-image-content\" ><img decoding=\"async\" src=\"https:\/\/l21.mx\/wp-content\/uploads\/2017\/09\/D\u00eda-Mundial-del-Turismo-en-Quintana-Roo_.jpg\" alt=\"\" title=\"D\u00eda Mundial del Turismo en Quintana Roo_\"><\/a><a class=\"penci-gallery-ite item-gallery-justified\" href=\"https:\/\/l21.mx\/wp-content\/uploads\/2017\/09\/D\u00eda-Mundial-del-Turismo-en-Quintana-Roo-1-1.jpg\" data-rel=\"penci-gallery-image-content\" ><img decoding=\"async\" src=\"https:\/\/l21.mx\/wp-content\/uploads\/2017\/09\/D\u00eda-Mundial-del-Turismo-en-Quintana-Roo-1-1-585x439.jpg\" alt=\"\" title=\"D\u00eda Mundial del Turismo en Quintana Roo-\"><\/a><a class=\"penci-gallery-ite item-gallery-justified\" href=\"https:\/\/l21.mx\/wp-content\/uploads\/2017\/09\/D\u00eda-Mundial-del-Turismo-en-Quintana-Roo.jpg\" data-rel=\"penci-gallery-image-content\" ><img decoding=\"async\" src=\"https:\/\/l21.mx\/wp-content\/uploads\/2017\/09\/D\u00eda-Mundial-del-Turismo-en-Quintana-Roo-585x439.jpg\" alt=\"\" title=\"D\u00eda Mundial del Turismo en Quintana Roo\"><\/a><\/div>\n<p>CANC\u00daN. Con la intenci\u00f3n de promover la inclusi\u00f3n social y generar valores de orgullo y pertenencia, un grupo de j\u00f3venes del Centro Integral Juvenil visit\u00f3 la Isla de Holbox para conocer y disfrutar los atractivos naturales y culturales de Quintana Roo.<\/p>\n<p>A trav\u00e9s de la Ruta Canc\u00fan-Holbox del Programa Viajemos por Quintana Roo, el grupo de viajeros pudo interactuar con la naturaleza y disfrutar las bellezas de la paradis\u00edaca isla.<\/p>\n<p>Tambi\u00e9n en el marco del D\u00eda Mundial del Turismo, la Secretar\u00eda de Turismo inaugur\u00f3 el m\u00f3dulo de WIFI libre en el Pueblo M\u00e1gico de Bacalar; lo que convirti\u00f3 a este destino del Caribe Mexicano en el primero de 10 que, gracias a la gesti\u00f3n de recursos estatales y federales del Programa de Desarrollo Regional Tur\u00edstico (PRODERMAGICO), mejorar\u00e1n su competitividad tur\u00edstica.<\/p>\n<p>De manera oficial, la Secretar\u00eda de Turismo \u00a0y diversos actores del sector conmemoraron el D\u00eda Mundial del Turismo, mediante la firma de m\u00faltiples compromisos.<\/p>\n<p>Entre ellos, una mayor promoci\u00f3n de los productos elaborados por artesanos y productores forestales quintanarroenses, la integraci\u00f3n de acciones para el desarrollo de rutas tur\u00edsticas en el centro y sur de Quintana Roo, certificaci\u00f3n de pr\u00e1cticas tur\u00edstico-recreativas en cenotes y cavernas, promoci\u00f3n de la competitividad de empresas tur\u00edsticas a trav\u00e9s de programas y certificaciones, as\u00ed como la instalaci\u00f3n del grupo de trabajo estatal de la pol\u00edtica de fomento a la gastronom\u00eda nacional de Quintana Roo.<\/p>\n<p>A esto se suma que direcciones municipales, universidades p\u00fablicas y privadas, organizaciones no gubernamentales y empresarios se sumaron a la conmemoraci\u00f3n de actividades que buscan demostrar que, en Quintana Roo \u201cTurismo Somos Todos\u201d.<\/p>\n<p>La agenda de actividades incluy\u00f3 seminarios, foros de turismo, talleres, tours interactivos, limpieza de playas; entre otros. Con acciones como \u00e9stas, Quintana Roo muestra al mundo que \u201cTurismo Somos Todos\u201d, y juntos, sociedad y gobierno trabajan en pro de la sustentabilidad a trav\u00e9s de la inclusi\u00f3n social, el uso responsable de los recursos naturales, la protecci\u00f3n del entorno, la promoci\u00f3n de los valores culturales y el patrimonio.<\/p>\n","protected":false},"excerpt":{"rendered":"<p>*Nutrida agenda de actividades promueve valores de inclusi\u00f3n social, uso responsable de recursos naturales y compromiso&hellip;<\/p>\n","protected":false},"author":2,"featured_media":29268,"comment_status":"open","ping_status":"open","sticky":false,"template":"","format":"standard","meta":{"_acf_changed":false,"_lmt_disableupdate":"","_lmt_disable":"","_mbp_gutenberg_autopost":false,"footnotes":""},"categories":[23,8],"tags":[],"class_list":["post-29262","post","type-post","status-publish","format-standard","has-post-thumbnail","hentry","category-noticias","category-turismo"],"acf":[],"_links":{"self":[{"href":"https:\/\/l21.mx\/index.php?rest_route=\/wp\/v2\/posts\/29262","targetHints":{"allow":["GET"]}}],"collection":[{"href":"https:\/\/l21.mx\/index.php?rest_route=\/wp\/v2\/posts"}],"about":[{"href":"https:\/\/l21.mx\/index.php?rest_route=\/wp\/v2\/types\/post"}],"author":[{"embeddable":true,"href":"https:\/\/l21.mx\/index.php?rest_route=\/wp\/v2\/users\/2"}],"replies":[{"embeddable":true,"href":"https:\/\/l21.mx\/index.php?rest_route=%2Fwp%2Fv2%2Fcomments&post=29262"}],"version-history":[{"count":0,"href":"https:\/\/l21.mx\/index.php?rest_route=\/wp\/v2\/posts\/29262\/revisions"}],"wp:featuredmedia":[{"embeddable":true,"href":"https:\/\/l21.mx\/index.php?rest_route=\/wp\/v2\/media\/29268"}],"wp:attachment":[{"href":"https:\/\/l21.mx\/index.php?rest_route=%2Fwp%2Fv2%2Fmedia&parent=29262"}],"wp:term":[{"taxonomy":"category","embeddable":true,"href":"https:\/\/l21.mx\/index.php?rest_route=%2Fwp%2Fv2%2Fcategories&post=29262"},{"taxonomy":"post_tag","embeddable":true,"href":"https:\/\/l21.mx\/index.php?rest_route=%2Fwp%2Fv2%2Ftags&post=29262"}],"curies":[{"name":"wp","href":"https:\/\/api.w.org\/{rel}","templated":true}]}}