{"id":29283,"date":"2017-09-29T10:55:33","date_gmt":"2017-09-29T15:55:33","guid":{"rendered":"http:\/\/innovatori.space\/lat21\/?p=29283"},"modified":"2017-09-29T10:55:33","modified_gmt":"2017-09-29T15:55:33","slug":"pricetravel-holding-participa-en-la-feria-mas-importante-de-hoteleros-en-colombia","status":"publish","type":"post","link":"https:\/\/l21.mx\/?p=29283","title":{"rendered":"PRICETRAVEL HOLDING PARTICIPA EN LA FERIA M\u00c1S IMPORTANTE DE HOTELEROS EN COLOMBIA"},"content":{"rendered":"<p><a href=\"http:\/\/l21.mx\/wp-content\/uploads\/2016\/03\/price-travel-holding.jpg\" data-rel=\"penci-gallery-image-content\" ><img fetchpriority=\"high\" decoding=\"async\" class=\"aligncenter size-full wp-image-18649\" src=\"http:\/\/l21.mx\/wp-content\/uploads\/2016\/03\/price-travel-holding.jpg\" alt=\"\" width=\"489\" height=\"328\" srcset=\"https:\/\/l21.mx\/wp-content\/uploads\/2016\/03\/price-travel-holding.jpg 489w, https:\/\/l21.mx\/wp-content\/uploads\/2016\/03\/price-travel-holding-300x201.jpg 300w, https:\/\/l21.mx\/wp-content\/uploads\/2016\/03\/price-travel-holding-263x175.jpg 263w\" sizes=\"(max-width: 489px) 100vw, 489px\" \/><\/a><\/p>\n<p><em>Cali.\u00a0<\/em>Para continuar fortaleciendo su presencia en Colombia, PriceTravel Holding estuvo presente en\u00a0 ExpoCotelco, evento que se llev\u00f3 a cabo el 21 y 22 de septiembre, organizado por la Asociaci\u00f3n Hotelera y Tur\u00edstica de Colombia (Cotelco).<br \/>\nExpoCotelco constituye un evento en donde mayoristas y operadores de diversos pa\u00edses, se re\u00fanen con hoteleros de Colombia con el prop\u00f3sito de realizar citas de negocios pre-establecidas.<br \/>\nColombia es un mercado de gran importancia para PriceTravel Holding; por ello, la compa\u00f1\u00eda aprovech\u00f3 la oportunidad para reunirse con diferentes hoteleros e intercambiar puntos de vista para fortalecer la actividad tur\u00edstica del pa\u00eds.<br \/>\nEl crecimiento en cuartos noche durante el primer semestre de 2017 de PriceTravel Holding hacia el destino Colombia supera el 120% en comparaci\u00f3n con similar periodo del a\u00f1o anterior, mientras las ventas fueron impulsadas en destinos como Cartagena, San Andr\u00e9s, Santa Marta, Bogot\u00e1, Cali, Medell\u00edn y Barranquilla.<br \/>\n\u201cEn el marco de esta edici\u00f3n de ExpoCotelco, la delegaci\u00f3n de la compa\u00f1\u00eda que asisti\u00f3, atendi\u00f3 m\u00e1s de 30 reuniones con diversos hoteleros y logrando excelentes acuerdos.\u201d, coment\u00f3 Rosana Rachitoff, Directora de Relaci\u00f3n con Proveedores Sur Am\u00e9rica de PriceTravel Holding.<br \/>\nSin duda, la feria m\u00e1s importante de hoteleros en Colombia en la que se pueden sostener reuniones y hacer negocios de manera directa con las cadenas hoteleras de la regi\u00f3n; PriceTravel Holding aprovecha esta plataforma de negocios para continuar consolid\u00e1ndose y posicion\u00e1ndose en la industria del turismo como la empresa dedicada a la comercializaci\u00f3n de productos de viajes con un modelo de negocios multicanal.<\/p>\n","protected":false},"excerpt":{"rendered":"<p>Cali.\u00a0Para continuar fortaleciendo su presencia en Colombia, PriceTravel Holding estuvo presente en\u00a0 ExpoCotelco, evento que se&hellip;<\/p>\n","protected":false},"author":2,"featured_media":0,"comment_status":"open","ping_status":"open","sticky":false,"template":"","format":"standard","meta":{"_acf_changed":false,"_lmt_disableupdate":"","_lmt_disable":"","_mbp_gutenberg_autopost":false,"footnotes":""},"categories":[23,8],"tags":[],"class_list":["post-29283","post","type-post","status-publish","format-standard","hentry","category-noticias","category-turismo"],"acf":[],"_links":{"self":[{"href":"https:\/\/l21.mx\/index.php?rest_route=\/wp\/v2\/posts\/29283","targetHints":{"allow":["GET"]}}],"collection":[{"href":"https:\/\/l21.mx\/index.php?rest_route=\/wp\/v2\/posts"}],"about":[{"href":"https:\/\/l21.mx\/index.php?rest_route=\/wp\/v2\/types\/post"}],"author":[{"embeddable":true,"href":"https:\/\/l21.mx\/index.php?rest_route=\/wp\/v2\/users\/2"}],"replies":[{"embeddable":true,"href":"https:\/\/l21.mx\/index.php?rest_route=%2Fwp%2Fv2%2Fcomments&post=29283"}],"version-history":[{"count":0,"href":"https:\/\/l21.mx\/index.php?rest_route=\/wp\/v2\/posts\/29283\/revisions"}],"wp:attachment":[{"href":"https:\/\/l21.mx\/index.php?rest_route=%2Fwp%2Fv2%2Fmedia&parent=29283"}],"wp:term":[{"taxonomy":"category","embeddable":true,"href":"https:\/\/l21.mx\/index.php?rest_route=%2Fwp%2Fv2%2Fcategories&post=29283"},{"taxonomy":"post_tag","embeddable":true,"href":"https:\/\/l21.mx\/index.php?rest_route=%2Fwp%2Fv2%2Ftags&post=29283"}],"curies":[{"name":"wp","href":"https:\/\/api.w.org\/{rel}","templated":true}]}}