{"id":29324,"date":"2017-10-02T17:24:46","date_gmt":"2017-10-02T22:24:46","guid":{"rendered":"http:\/\/innovatori.space\/lat21\/?p=29324"},"modified":"2017-10-02T17:24:46","modified_gmt":"2017-10-02T22:24:46","slug":"andaz-mayakoba-celebra-su-inauguracion-oficial-con-exclusiva-fiesta","status":"publish","type":"post","link":"https:\/\/l21.mx\/?p=29324","title":{"rendered":"Andaz Mayakoba celebra su inauguraci\u00f3n oficial con exclusiva fiesta\u00a0"},"content":{"rendered":"<div data-sliderid=\"93221\" id=\"penci-post-gallery__93221\" class=\"penci-post-gallery-container justified column-3\" data-height=\"150\" data-margin=\"3\"><a class=\"penci-gallery-ite item-gallery-justified\" href=\"https:\/\/l21.mx\/wp-content\/uploads\/2017\/10\/andaz-mayakoba.jpg\" data-rel=\"penci-gallery-image-content\" ><img decoding=\"async\" src=\"https:\/\/l21.mx\/wp-content\/uploads\/2017\/10\/andaz-mayakoba-585x390.jpg\" alt=\"\" title=\"andaz-mayakoba\"><\/a><a class=\"penci-gallery-ite item-gallery-justified\" href=\"https:\/\/l21.mx\/wp-content\/uploads\/2017\/10\/andaz-mayakoba-.jpg\" data-rel=\"penci-gallery-image-content\" ><img decoding=\"async\" src=\"https:\/\/l21.mx\/wp-content\/uploads\/2017\/10\/andaz-mayakoba--585x390.jpg\" alt=\"\" title=\"andaz-mayakoba-\"><\/a><a class=\"penci-gallery-ite item-gallery-justified\" href=\"https:\/\/l21.mx\/wp-content\/uploads\/2017\/10\/andaz-mayakoba_.jpg\" data-rel=\"penci-gallery-image-content\" ><img decoding=\"async\" src=\"https:\/\/l21.mx\/wp-content\/uploads\/2017\/10\/andaz-mayakoba_-585x390.jpg\" alt=\"\" title=\"andaz-mayakoba_\"><\/a><\/div>\n<p>Hyatt Hotels Corporation se une al internacionalmente reconocido eco-destino Mayakoba Resort, ubicado frente al mar del Caribe, ofreciendo una emocionante experiencia que sumerge a los hu\u00e9spedes en un para\u00edso escondido con nueve kil\u00f3metros de canales de agua cristalina rodeados de manglares y lagunas, flora y fauna, as\u00ed como m\u00e1s de 200 especies de aves tropicales. El entorno transportar\u00e1 a los invitados a un exuberante entorno natural donde se dan vida a experiencias inspiradoras con cocina local y servicio personalizado.<\/p>\n<p><strong><em>Andaz Mayakoba Resort Riviera Maya<\/em><\/strong>\u00a0se estren\u00f3 el jueves 28 de septiembre como la primera propiedad de M\u00e9xico para la marca de estilo de vida del grupo con una fiesta inigualable donde invitados especiales e influenciadores internacionales disfrutaron de un momento sumamente especial.<\/p>\n<p>Por la tarde, se reuni\u00f3 a un grupo de medios internacionales en Casa Amate para degustar deliciosos cocteles mientras esperaban la llegada del Arquitecto Ronald Zurcher, quien platic\u00f3 con los invitados sobre el proceso creativo y de inspiraci\u00f3n que lo llev\u00f3 a construir Andaz Mayakoba Resort Riviera Maya.<\/p>\n<p>En punto de las 20:00 hrs, Cocina Milagro, uno de los restaurantes de\u00a0<strong><em>Andaz Mayakoba Resort Riviera Maya<\/em><\/strong>, se transform\u00f3 en una incre\u00edble jungla donde personajes m\u00edticos y hadas marinas daban la bienvenida a todos los invitados.<\/p>\n<p><strong><em>Andaz Mayakoba Resort Riviera Maya\u00a0<\/em><\/strong>ofreci\u00f3 emocionantes experiencias que sumergieron a los presentes en un para\u00edso escondido con happenings especiales que transcurrieron toda la noche. Los invitados tuvieron oportunidad de tomarse fotograf\u00edas en\u00a0<strong><em>\u201cEl closet de Frida\u00bb<\/em><\/strong>, un espacio dise\u00f1ado especialmente para la fiesta donde pudieron probarse ropa t\u00edpica de nuestra cultura mexicana y adaptarla a su gusto personal.<\/p>\n<p>Por otro lado, el muralista mexicano \u201cSenkoe\u201d estuvo pintando distintos lienzos para expresar la gr\u00e1fica mexicana donde retom\u00f3 la fauna de Mayakoba Resort aderezado con su ic\u00f3nico surrealismo, colores y formas geom\u00e9tricas.<\/p>\n<p>Adem\u00e1s, se reuni\u00f3 a un grupo de invitados especiales en Casa Amate para degustar deliciosos cocteles, mientras esperaban ansiosos la llegada del reconocido arquitecto Ronald Zucher, qui\u00e9n platic\u00f3 a detalle su inspiraci\u00f3n y proceso creativo para construir Andaz Mayakoba.<\/p>\n<p>En la fiesta todos los invitados disfrutaron de un happening sorpresa en el \u00e1rea de las albercas. Un ballet de nado sincronizado impresion\u00f3 a los asistentes pues la coordinaci\u00f3n y destreza de lo ocurrido marc\u00f3 la pauta para celebrar de este magn\u00edfico evento.<\/p>\n","protected":false},"excerpt":{"rendered":"<p>Hyatt Hotels Corporation se une al internacionalmente reconocido eco-destino Mayakoba Resort, ubicado frente al mar del&hellip;<\/p>\n","protected":false},"author":2,"featured_media":29328,"comment_status":"open","ping_status":"open","sticky":false,"template":"","format":"standard","meta":{"_acf_changed":false,"_lmt_disableupdate":"","_lmt_disable":"","_mbp_gutenberg_autopost":false,"footnotes":""},"categories":[23,8],"tags":[],"class_list":["post-29324","post","type-post","status-publish","format-standard","has-post-thumbnail","hentry","category-noticias","category-turismo"],"acf":[],"_links":{"self":[{"href":"https:\/\/l21.mx\/index.php?rest_route=\/wp\/v2\/posts\/29324","targetHints":{"allow":["GET"]}}],"collection":[{"href":"https:\/\/l21.mx\/index.php?rest_route=\/wp\/v2\/posts"}],"about":[{"href":"https:\/\/l21.mx\/index.php?rest_route=\/wp\/v2\/types\/post"}],"author":[{"embeddable":true,"href":"https:\/\/l21.mx\/index.php?rest_route=\/wp\/v2\/users\/2"}],"replies":[{"embeddable":true,"href":"https:\/\/l21.mx\/index.php?rest_route=%2Fwp%2Fv2%2Fcomments&post=29324"}],"version-history":[{"count":0,"href":"https:\/\/l21.mx\/index.php?rest_route=\/wp\/v2\/posts\/29324\/revisions"}],"wp:featuredmedia":[{"embeddable":true,"href":"https:\/\/l21.mx\/index.php?rest_route=\/wp\/v2\/media\/29328"}],"wp:attachment":[{"href":"https:\/\/l21.mx\/index.php?rest_route=%2Fwp%2Fv2%2Fmedia&parent=29324"}],"wp:term":[{"taxonomy":"category","embeddable":true,"href":"https:\/\/l21.mx\/index.php?rest_route=%2Fwp%2Fv2%2Fcategories&post=29324"},{"taxonomy":"post_tag","embeddable":true,"href":"https:\/\/l21.mx\/index.php?rest_route=%2Fwp%2Fv2%2Ftags&post=29324"}],"curies":[{"name":"wp","href":"https:\/\/api.w.org\/{rel}","templated":true}]}}