{"id":29342,"date":"2017-10-03T13:23:03","date_gmt":"2017-10-03T18:23:03","guid":{"rendered":"http:\/\/innovatori.space\/lat21\/?p=29342"},"modified":"2017-10-03T13:23:03","modified_gmt":"2017-10-03T18:23:03","slug":"fundacion-airbus-e-interjet-se-unen-en-apoyo-a-los-mexicanos","status":"publish","type":"post","link":"https:\/\/l21.mx\/?p=29342","title":{"rendered":"Fundaci\u00f3n Airbus e Interjet se unen en apoyo a los mexicanos"},"content":{"rendered":"<p><strong><a href=\"http:\/\/l21.mx\/wp-content\/uploads\/2017\/10\/INTERJET.jpg\" data-rel=\"penci-gallery-image-content\" ><img fetchpriority=\"high\" decoding=\"async\" class=\"alignleft size-medium wp-image-29343\" src=\"http:\/\/l21.mx\/wp-content\/uploads\/2017\/10\/INTERJET-300x200.jpg\" alt=\"\" width=\"300\" height=\"200\" srcset=\"https:\/\/l21.mx\/wp-content\/uploads\/2017\/10\/INTERJET-300x200.jpg 300w, https:\/\/l21.mx\/wp-content\/uploads\/2017\/10\/INTERJET-585x389.jpg 585w, https:\/\/l21.mx\/wp-content\/uploads\/2017\/10\/INTERJET-263x175.jpg 263w, https:\/\/l21.mx\/wp-content\/uploads\/2017\/10\/INTERJET.jpg 600w\" sizes=\"(max-width: 300px) 100vw, 300px\" \/><\/a>\u00a0<\/strong><\/p>\n<p><strong>\u00a0<\/strong><\/p>\n<p><strong>Ciudad de M\u00e9xico.<\/strong>\u00a0Tras los terremotos ocurridos en M\u00e9xico los pasados 7 y 19 de septiembre, que afectaron a diversos estados del pa\u00eds incluyendo a la capital, la Fundaci\u00f3n Airbus e Interjet, con el apoyo de Aviation Capital Group y GE Aviation\/CFM International se han unido para transportar a M\u00e9xico ayuda humanitaria.<br \/>\nUn nuevo avi\u00f3n A321 que la aerol\u00ednea recibi\u00f3 recientemente en arrendamiento a trav\u00e9s de Aviation Capital Group (ACG) arrib\u00f3 al Aeropuerto Internacional de Toluca el pasado 1\u00b0 de octubre proveniente de las instalaciones de Airbus en Hamburgo, Alemania, cargado con 6.2 toneladas de ayuda humanitaria, entre las cuales hay: carpas, colchones auto inflables, martillos de campamento, l\u00e1mparas de campamento y lonas resistente al agua.<br \/>\nDicha ayuda fue donada por Humedica, una organizaci\u00f3n alemana no gubernamental que ayuda a personas afectadas por desastres naturales y\/o en pobreza alrededor del mundo. Programa Prosigue, socio de Humedica en M\u00e9xico, ser\u00e1 el encargado de distribuir la ayuda mencionada.<\/p>\n","protected":false},"excerpt":{"rendered":"<p>\u00a0 \u00a0 Ciudad de M\u00e9xico.\u00a0Tras los terremotos ocurridos en M\u00e9xico los pasados 7 y 19 de&hellip;<\/p>\n","protected":false},"author":2,"featured_media":29343,"comment_status":"open","ping_status":"open","sticky":false,"template":"","format":"standard","meta":{"_acf_changed":false,"_lmt_disableupdate":"","_lmt_disable":"","_mbp_gutenberg_autopost":false,"footnotes":""},"categories":[23,35],"tags":[],"class_list":["post-29342","post","type-post","status-publish","format-standard","has-post-thumbnail","hentry","category-noticias","category-responsabilidad-social"],"acf":[],"_links":{"self":[{"href":"https:\/\/l21.mx\/index.php?rest_route=\/wp\/v2\/posts\/29342","targetHints":{"allow":["GET"]}}],"collection":[{"href":"https:\/\/l21.mx\/index.php?rest_route=\/wp\/v2\/posts"}],"about":[{"href":"https:\/\/l21.mx\/index.php?rest_route=\/wp\/v2\/types\/post"}],"author":[{"embeddable":true,"href":"https:\/\/l21.mx\/index.php?rest_route=\/wp\/v2\/users\/2"}],"replies":[{"embeddable":true,"href":"https:\/\/l21.mx\/index.php?rest_route=%2Fwp%2Fv2%2Fcomments&post=29342"}],"version-history":[{"count":0,"href":"https:\/\/l21.mx\/index.php?rest_route=\/wp\/v2\/posts\/29342\/revisions"}],"wp:featuredmedia":[{"embeddable":true,"href":"https:\/\/l21.mx\/index.php?rest_route=\/wp\/v2\/media\/29343"}],"wp:attachment":[{"href":"https:\/\/l21.mx\/index.php?rest_route=%2Fwp%2Fv2%2Fmedia&parent=29342"}],"wp:term":[{"taxonomy":"category","embeddable":true,"href":"https:\/\/l21.mx\/index.php?rest_route=%2Fwp%2Fv2%2Fcategories&post=29342"},{"taxonomy":"post_tag","embeddable":true,"href":"https:\/\/l21.mx\/index.php?rest_route=%2Fwp%2Fv2%2Ftags&post=29342"}],"curies":[{"name":"wp","href":"https:\/\/api.w.org\/{rel}","templated":true}]}}