{"id":29357,"date":"2017-10-04T10:53:46","date_gmt":"2017-10-04T15:53:46","guid":{"rendered":"http:\/\/innovatori.space\/lat21\/?p=29357"},"modified":"2017-10-04T10:54:13","modified_gmt":"2017-10-04T15:54:13","slug":"cakeland-cafe","status":"publish","type":"post","link":"https:\/\/l21.mx\/?p=29357","title":{"rendered":"\u2b06\u2b06 Cakeland Caf\u00e9"},"content":{"rendered":"<p><a href=\"http:\/\/l21.mx\/wp-content\/uploads\/2017\/10\/Cakeland-Cafe.jpg\" data-rel=\"penci-gallery-image-content\" ><img fetchpriority=\"high\" decoding=\"async\" class=\"alignleft size-medium wp-image-29358\" src=\"http:\/\/l21.mx\/wp-content\/uploads\/2017\/10\/Cakeland-Cafe-300x186.jpg\" alt=\"\" width=\"300\" height=\"186\" srcset=\"https:\/\/l21.mx\/wp-content\/uploads\/2017\/10\/Cakeland-Cafe-300x186.jpg 300w, https:\/\/l21.mx\/wp-content\/uploads\/2017\/10\/Cakeland-Cafe-585x362.jpg 585w, https:\/\/l21.mx\/wp-content\/uploads\/2017\/10\/Cakeland-Cafe.jpg 600w\" sizes=\"(max-width: 300px) 100vw, 300px\" \/><\/a><\/p>\n<p>El concepto de cafeter\u00eda y\u00a0 pasteler\u00eda fina inaugura su segunda sucursal en Canc\u00fan, brindando caf\u00e9 gourmet, bocadillos dulces y salados reci\u00e9n horneados, adem\u00e1s de una infinidad de postres. El lugar tiene capacidad para\u00a0 25 comensales. Superficie: 70 m2. Genera cinco empleos directos. Tel. (998) 285-04-06. Av. Huayac\u00e1n, Plaza Murano. Correo electr\u00f3nico: cakelandcafe@gmail.com.\u00a0 Facebook: Cakeland Caf\u00e9.<\/p>\n","protected":false},"excerpt":{"rendered":"<p>El concepto de cafeter\u00eda y\u00a0 pasteler\u00eda fina inaugura su segunda sucursal en Canc\u00fan, brindando caf\u00e9 gourmet,&hellip;<\/p>\n","protected":false},"author":2,"featured_media":29358,"comment_status":"open","ping_status":"open","sticky":false,"template":"","format":"standard","meta":{"_acf_changed":false,"_lmt_disableupdate":"","_lmt_disable":"","_mbp_gutenberg_autopost":false,"footnotes":""},"categories":[10],"tags":[],"class_list":["post-29357","post","type-post","status-publish","format-standard","has-post-thumbnail","hentry","category-sube-y-baja"],"acf":[],"_links":{"self":[{"href":"https:\/\/l21.mx\/index.php?rest_route=\/wp\/v2\/posts\/29357","targetHints":{"allow":["GET"]}}],"collection":[{"href":"https:\/\/l21.mx\/index.php?rest_route=\/wp\/v2\/posts"}],"about":[{"href":"https:\/\/l21.mx\/index.php?rest_route=\/wp\/v2\/types\/post"}],"author":[{"embeddable":true,"href":"https:\/\/l21.mx\/index.php?rest_route=\/wp\/v2\/users\/2"}],"replies":[{"embeddable":true,"href":"https:\/\/l21.mx\/index.php?rest_route=%2Fwp%2Fv2%2Fcomments&post=29357"}],"version-history":[{"count":0,"href":"https:\/\/l21.mx\/index.php?rest_route=\/wp\/v2\/posts\/29357\/revisions"}],"wp:featuredmedia":[{"embeddable":true,"href":"https:\/\/l21.mx\/index.php?rest_route=\/wp\/v2\/media\/29358"}],"wp:attachment":[{"href":"https:\/\/l21.mx\/index.php?rest_route=%2Fwp%2Fv2%2Fmedia&parent=29357"}],"wp:term":[{"taxonomy":"category","embeddable":true,"href":"https:\/\/l21.mx\/index.php?rest_route=%2Fwp%2Fv2%2Fcategories&post=29357"},{"taxonomy":"post_tag","embeddable":true,"href":"https:\/\/l21.mx\/index.php?rest_route=%2Fwp%2Fv2%2Ftags&post=29357"}],"curies":[{"name":"wp","href":"https:\/\/api.w.org\/{rel}","templated":true}]}}