{"id":29361,"date":"2017-10-04T11:01:34","date_gmt":"2017-10-04T16:01:34","guid":{"rendered":"http:\/\/innovatori.space\/lat21\/?p=29361"},"modified":"2017-10-04T11:01:47","modified_gmt":"2017-10-04T16:01:47","slug":"cafe-nader-2","status":"publish","type":"post","link":"https:\/\/l21.mx\/?p=29361","title":{"rendered":"\u2b06\u2b06 Caf\u00e9 Nader"},"content":{"rendered":"<p><a href=\"http:\/\/l21.mx\/wp-content\/uploads\/2017\/10\/cafe-nader-sube-cancun.jpg\" data-rel=\"penci-gallery-image-content\" ><img fetchpriority=\"high\" decoding=\"async\" class=\"alignleft size-medium wp-image-29362\" src=\"http:\/\/l21.mx\/wp-content\/uploads\/2017\/10\/cafe-nader-sube-cancun-300x186.jpg\" alt=\"\" width=\"300\" height=\"186\" srcset=\"https:\/\/l21.mx\/wp-content\/uploads\/2017\/10\/cafe-nader-sube-cancun-300x186.jpg 300w, https:\/\/l21.mx\/wp-content\/uploads\/2017\/10\/cafe-nader-sube-cancun-768x475.jpg 768w, https:\/\/l21.mx\/wp-content\/uploads\/2017\/10\/cafe-nader-sube-cancun-585x362.jpg 585w, https:\/\/l21.mx\/wp-content\/uploads\/2017\/10\/cafe-nader-sube-cancun.jpg 900w\" sizes=\"(max-width: 300px) 100vw, 300px\" \/><\/a><\/p>\n<p>Tambi\u00e9n conocido como \u2018la casa del lechero\u2019, operado por Grupo Nader, inaugur\u00f3 su quinta sucursal en Canc\u00fan y contin\u00faa con su expansi\u00f3n para brindar un amplio men\u00fa de la cocina mexicana. Este nuevo espacio tiene una superficie de 600 m2, cuenta con capacidad para 86 comensales e integra el concepto <i>drive thru<\/i> denominado Auto Nader. Genera 30 empleos directos y 15 indirectos. Blvd Luis Donaldo Colosio, Plaza Cumbres Tel: (998) 361-44-80 y 361-44-81. Correo electr\u00f3nico: Informacion@cafenader.com www.cafenader.com Facebook: Caf\u00e9 Nader.<\/p>\n","protected":false},"excerpt":{"rendered":"<p>Tambi\u00e9n conocido como \u2018la casa del lechero\u2019, operado por Grupo Nader, inaugur\u00f3 su quinta sucursal en&hellip;<\/p>\n","protected":false},"author":2,"featured_media":29362,"comment_status":"open","ping_status":"open","sticky":false,"template":"","format":"standard","meta":{"_acf_changed":false,"_lmt_disableupdate":"","_lmt_disable":"","_mbp_gutenberg_autopost":false,"footnotes":""},"categories":[10],"tags":[],"class_list":["post-29361","post","type-post","status-publish","format-standard","has-post-thumbnail","hentry","category-sube-y-baja"],"acf":[],"_links":{"self":[{"href":"https:\/\/l21.mx\/index.php?rest_route=\/wp\/v2\/posts\/29361","targetHints":{"allow":["GET"]}}],"collection":[{"href":"https:\/\/l21.mx\/index.php?rest_route=\/wp\/v2\/posts"}],"about":[{"href":"https:\/\/l21.mx\/index.php?rest_route=\/wp\/v2\/types\/post"}],"author":[{"embeddable":true,"href":"https:\/\/l21.mx\/index.php?rest_route=\/wp\/v2\/users\/2"}],"replies":[{"embeddable":true,"href":"https:\/\/l21.mx\/index.php?rest_route=%2Fwp%2Fv2%2Fcomments&post=29361"}],"version-history":[{"count":0,"href":"https:\/\/l21.mx\/index.php?rest_route=\/wp\/v2\/posts\/29361\/revisions"}],"wp:featuredmedia":[{"embeddable":true,"href":"https:\/\/l21.mx\/index.php?rest_route=\/wp\/v2\/media\/29362"}],"wp:attachment":[{"href":"https:\/\/l21.mx\/index.php?rest_route=%2Fwp%2Fv2%2Fmedia&parent=29361"}],"wp:term":[{"taxonomy":"category","embeddable":true,"href":"https:\/\/l21.mx\/index.php?rest_route=%2Fwp%2Fv2%2Fcategories&post=29361"},{"taxonomy":"post_tag","embeddable":true,"href":"https:\/\/l21.mx\/index.php?rest_route=%2Fwp%2Fv2%2Ftags&post=29361"}],"curies":[{"name":"wp","href":"https:\/\/api.w.org\/{rel}","templated":true}]}}