{"id":29389,"date":"2017-10-04T11:52:40","date_gmt":"2017-10-04T16:52:40","guid":{"rendered":"http:\/\/innovatori.space\/lat21\/?p=29389"},"modified":"2017-10-04T11:52:40","modified_gmt":"2017-10-04T16:52:40","slug":"refuerzan-en-eu-promocion-turistica-de-quintana-roo","status":"publish","type":"post","link":"https:\/\/l21.mx\/?p=29389","title":{"rendered":"Refuerzan en EU promoci\u00f3n tur\u00edstica de Quintana Roo\u00a0"},"content":{"rendered":"<p><a href=\"http:\/\/l21.mx\/wp-content\/uploads\/2017\/10\/Refuerzan-en-EU-promoci\u00f3n-tur\u00edstica-de-Quintana-Roo-.jpeg\" data-rel=\"penci-gallery-image-content\" ><img fetchpriority=\"high\" decoding=\"async\" class=\"aligncenter size-full wp-image-29390\" src=\"http:\/\/l21.mx\/wp-content\/uploads\/2017\/10\/Refuerzan-en-EU-promoci\u00f3n-tur\u00edstica-de-Quintana-Roo-.jpeg\" alt=\"\" width=\"960\" height=\"1280\" srcset=\"https:\/\/l21.mx\/wp-content\/uploads\/2017\/10\/Refuerzan-en-EU-promoci\u00f3n-tur\u00edstica-de-Quintana-Roo-.jpeg 960w, https:\/\/l21.mx\/wp-content\/uploads\/2017\/10\/Refuerzan-en-EU-promoci\u00f3n-tur\u00edstica-de-Quintana-Roo--225x300.jpeg 225w, https:\/\/l21.mx\/wp-content\/uploads\/2017\/10\/Refuerzan-en-EU-promoci\u00f3n-tur\u00edstica-de-Quintana-Roo--768x1024.jpeg 768w, https:\/\/l21.mx\/wp-content\/uploads\/2017\/10\/Refuerzan-en-EU-promoci\u00f3n-tur\u00edstica-de-Quintana-Roo--585x780.jpeg 585w\" sizes=\"(max-width: 960px) 100vw, 960px\" \/><\/a><\/p>\n<p>&nbsp;<\/p>\n<p><strong>NUEVA YORK.<\/strong> En el segundo d\u00eda de trabajo de la gira para posicionar <strong>Quintana Roo<\/strong> en <strong>Estados Unidos<\/strong>, se refuerza el tema de la promoci\u00f3n tur\u00edstica y se atiende de manera personal a socios mayoristas, agentes intermediarios, dependencias oficiales del gobierno norteamericano y medios de comunicaci\u00f3n.<\/p>\n<p>El gobernador<strong> Carlos Joaqu\u00edn<\/strong> y la secretaria de Turismo, <strong>Marisol Vanegas\u00a0<\/strong> sostuvieron una importante reuni\u00f3n de trabajo con los empresarios Alejandro Zozaya, Tim Mullen, Jeff Mullen, Peter Bowlen y Gonzalo del Pe\u00f3n de la mayorista Apple Vacation, y con altos ejecutivos de<strong> Sun Country Airlines<\/strong>.<\/p>\n<p>Posteriormente, se llev\u00f3 a cabo un encuentro con periodistas de medios de comunicaci\u00f3n de Estados Unidos; entre los que destacan New York Post, InStyle, Food &amp; Wine, Latina, InStyle, Marie Claire, Social Life Magazine y otros.<\/p>\n<p>El lunes, en el Departamento de Estado de Washington, la delegaci\u00f3n de Quintana Roo, sostuvo una reuni\u00f3n privada con el subsecretario adjunto para el Hemisferio Occidental John Creamer y la directora para M\u00e9xico del Departamento de Estado, Colleen Hoey; a esto se suman reuniones estrat\u00e9gicas con Peter Greenberg, editor de viajes de CBS News; y encuentros con empresas multinacionales y representantes de la industria tur\u00edstica incluyendo actores de reuniones y convenciones.<\/p>\n<p>Entre ellos: Juan Carlos Hartas\u00e1nchez, director senior, Albright Stonebridge Group; Tina Wehmeir CEO, AMC Institute; John Graham IV, Presidente y CEO de ASAE (organizaci\u00f3n para la gesti\u00f3n de asociaciones); Ned Cabot, manager de Digitalizaci\u00f3n Cisco; David Nelson, senior manager, CE; Eduardo Chaillo, CEO, Global Meetings and Tourism Specialists; Roberto Matus, vicepresidente Metlife; Geoffrey Jones, vicepresidente senior Monarch Global Strategies; entre otros.<\/p>\n<p>Durante los encuentros, se intercambia informaci\u00f3n sobre las estad\u00edsticas de delincuencia y los esfuerzos institucionales para frenar la delincuencia a fin de asegurar que los turistas que visiten Quintana Roo permanezcan seguros.<\/p>\n<p>Entre octubre de 2016 y julio de 2017, m\u00e1s de 9.4 millones de turistas internacionales visitaron Quintana Roo. Esto significa que m\u00e1s de un tercio de los turistas que viajaron a M\u00e9xico, visitaron los destinos tur\u00edsticos del Caribe Mexicano, donde la ocupaci\u00f3n promedio se situ\u00f3 en 82% y durante el verano alcanz\u00f3 un \u00edndice de 86%.<\/p>\n<p>A esto se suma que Cozumel es l\u00edder internacional en la industria de cruceros; en 2016 recibi\u00f3 m\u00e1s de cuatro millones de pasajeros, lo que represent\u00f3 cerca de 67% del turismo de cruceros en M\u00e9xico y, lo m\u00e1s importante, los \u00edndices de satisfacci\u00f3n de los destinos de Quintana Roo se ubican por encima del 95%, lo que se traduce en una repetici\u00f3n de viaje en el 52% de los casos.<\/p>\n","protected":false},"excerpt":{"rendered":"<p>&nbsp; NUEVA YORK. En el segundo d\u00eda de trabajo de la gira para posicionar Quintana Roo&hellip;<\/p>\n","protected":false},"author":2,"featured_media":29390,"comment_status":"open","ping_status":"open","sticky":false,"template":"","format":"standard","meta":{"_acf_changed":false,"_lmt_disableupdate":"","_lmt_disable":"","_mbp_gutenberg_autopost":false,"footnotes":""},"categories":[23,8],"tags":[],"class_list":["post-29389","post","type-post","status-publish","format-standard","has-post-thumbnail","hentry","category-noticias","category-turismo"],"acf":[],"_links":{"self":[{"href":"https:\/\/l21.mx\/index.php?rest_route=\/wp\/v2\/posts\/29389","targetHints":{"allow":["GET"]}}],"collection":[{"href":"https:\/\/l21.mx\/index.php?rest_route=\/wp\/v2\/posts"}],"about":[{"href":"https:\/\/l21.mx\/index.php?rest_route=\/wp\/v2\/types\/post"}],"author":[{"embeddable":true,"href":"https:\/\/l21.mx\/index.php?rest_route=\/wp\/v2\/users\/2"}],"replies":[{"embeddable":true,"href":"https:\/\/l21.mx\/index.php?rest_route=%2Fwp%2Fv2%2Fcomments&post=29389"}],"version-history":[{"count":0,"href":"https:\/\/l21.mx\/index.php?rest_route=\/wp\/v2\/posts\/29389\/revisions"}],"wp:featuredmedia":[{"embeddable":true,"href":"https:\/\/l21.mx\/index.php?rest_route=\/wp\/v2\/media\/29390"}],"wp:attachment":[{"href":"https:\/\/l21.mx\/index.php?rest_route=%2Fwp%2Fv2%2Fmedia&parent=29389"}],"wp:term":[{"taxonomy":"category","embeddable":true,"href":"https:\/\/l21.mx\/index.php?rest_route=%2Fwp%2Fv2%2Fcategories&post=29389"},{"taxonomy":"post_tag","embeddable":true,"href":"https:\/\/l21.mx\/index.php?rest_route=%2Fwp%2Fv2%2Ftags&post=29389"}],"curies":[{"name":"wp","href":"https:\/\/api.w.org\/{rel}","templated":true}]}}