{"id":2941,"date":"2013-06-04T13:31:54","date_gmt":"2013-06-04T18:31:54","guid":{"rendered":"http:\/\/innovatori.space\/lat21\/?p=2941"},"modified":"2013-06-05T12:21:37","modified_gmt":"2013-06-05T17:21:37","slug":"enlace-directo-cancun-bogota-con-avianca","status":"publish","type":"post","link":"https:\/\/l21.mx\/?p=2941","title":{"rendered":"Enlace directo Canc\u00fan-Bogot\u00e1 con Avianca"},"content":{"rendered":"<p><a href=\"http:\/\/l21.mx\/wp-content\/uploads\/2013\/06\/1812730.jpg\" data-rel=\"penci-gallery-image-content\" ><img fetchpriority=\"high\" decoding=\"async\" class=\"alignleft size-large wp-image-2942\" title=\"1812730\" src=\"http:\/\/l21.mx\/wp-content\/uploads\/2013\/06\/1812730-1024x740.jpg\" alt=\"\" width=\"1024\" height=\"740\" srcset=\"https:\/\/l21.mx\/wp-content\/uploads\/2013\/06\/1812730-1024x740.jpg 1024w, https:\/\/l21.mx\/wp-content\/uploads\/2013\/06\/1812730-300x217.jpg 300w, https:\/\/l21.mx\/wp-content\/uploads\/2013\/06\/1812730-117x85.jpg 117w, https:\/\/l21.mx\/wp-content\/uploads\/2013\/06\/1812730-600x434.jpg 600w, https:\/\/l21.mx\/wp-content\/uploads\/2013\/06\/1812730-167x120.jpg 167w, https:\/\/l21.mx\/wp-content\/uploads\/2013\/06\/1812730-80x57.jpg 80w, https:\/\/l21.mx\/wp-content\/uploads\/2013\/06\/1812730.jpg 1500w\" sizes=\"(max-width: 1024px) 100vw, 1024px\" \/><\/a><\/p>\n<p>La aerol\u00ednea Avianca pondr\u00e1 en operaci\u00f3n a partir del 15 de julio su nuevo vuelo directo Canc\u00fan-Bogot\u00e1-Canc\u00fan, con cuatro frecuencias semanales, lo cual podr\u00eda incrementar en un 40% la afluencia del turismo colombiano hacia el Caribe mexicano.<\/p>\n<p>Las cuatro frecuencias semanales operar\u00e1n los d\u00edas lunes, martes, jueves y s\u00e1bado. La duraci\u00f3n del viaje es en promedio de tres horas y la transportaci\u00f3n de los turistas se realizar\u00e1 con aeronaves Airbus 319 y 320, con capacidad para 120 y 150 pasajeros respectivamente.<\/p>\n<p>\u201cEstamos seguros que este vuelo tendr\u00e1 un gran \u00e9xito por la gran demanda que tienen como destino Canc\u00fan y en forma paralela Colombia. Los niveles de ocupaci\u00f3n desde ahora son bastante buenos, por arriba del 50%, coment\u00f3 Mois\u00e9s Pati\u00f1o, ejecutivo de Ventas para M\u00e9xico de Avianca.<\/p>\n<p>La aerol\u00ednea opera alrededor de 12 vuelos directos desde M\u00e9xico a diferentes partes de Sudam\u00e9rica, y desde Canc\u00fan, desde hace dos a\u00f1os, un vuelo diario a El Salvador, y actualmente mantiene una estrategia de crecimiento y apertura de nuevas rutas internacionales.<\/p>\n<div><\/div>\n","protected":false},"excerpt":{"rendered":"<p>La aerol\u00ednea Avianca pondr\u00e1 en operaci\u00f3n a partir del 15 de julio su nuevo vuelo directo&hellip;<\/p>\n","protected":false},"author":2,"featured_media":2943,"comment_status":"open","ping_status":"open","sticky":false,"template":"","format":"standard","meta":{"_acf_changed":false,"_lmt_disableupdate":"","_lmt_disable":"","_mbp_gutenberg_autopost":false,"footnotes":""},"categories":[4],"tags":[63,166,62,48,64,61],"class_list":["post-2941","post","type-post","status-publish","format-standard","has-post-thumbnail","hentry","category-empresas-y-negocios","tag-caribe-mexicano","tag-grupo-editorial-latitud21-revista-empresarial","tag-revista-latitud21","tag-cancun","tag-latitud-21","tag-latitud21"],"acf":[],"_links":{"self":[{"href":"https:\/\/l21.mx\/index.php?rest_route=\/wp\/v2\/posts\/2941","targetHints":{"allow":["GET"]}}],"collection":[{"href":"https:\/\/l21.mx\/index.php?rest_route=\/wp\/v2\/posts"}],"about":[{"href":"https:\/\/l21.mx\/index.php?rest_route=\/wp\/v2\/types\/post"}],"author":[{"embeddable":true,"href":"https:\/\/l21.mx\/index.php?rest_route=\/wp\/v2\/users\/2"}],"replies":[{"embeddable":true,"href":"https:\/\/l21.mx\/index.php?rest_route=%2Fwp%2Fv2%2Fcomments&post=2941"}],"version-history":[{"count":0,"href":"https:\/\/l21.mx\/index.php?rest_route=\/wp\/v2\/posts\/2941\/revisions"}],"wp:featuredmedia":[{"embeddable":true,"href":"https:\/\/l21.mx\/index.php?rest_route=\/wp\/v2\/media\/2943"}],"wp:attachment":[{"href":"https:\/\/l21.mx\/index.php?rest_route=%2Fwp%2Fv2%2Fmedia&parent=2941"}],"wp:term":[{"taxonomy":"category","embeddable":true,"href":"https:\/\/l21.mx\/index.php?rest_route=%2Fwp%2Fv2%2Fcategories&post=2941"},{"taxonomy":"post_tag","embeddable":true,"href":"https:\/\/l21.mx\/index.php?rest_route=%2Fwp%2Fv2%2Ftags&post=2941"}],"curies":[{"name":"wp","href":"https:\/\/api.w.org\/{rel}","templated":true}]}}