{"id":29457,"date":"2017-10-09T19:00:12","date_gmt":"2017-10-10T00:00:12","guid":{"rendered":"http:\/\/innovatori.space\/lat21\/?p=29457"},"modified":"2017-10-09T13:17:26","modified_gmt":"2017-10-09T18:17:26","slug":"interjet-tiene-mas-alas-para-cancun","status":"publish","type":"post","link":"https:\/\/l21.mx\/?p=29457","title":{"rendered":"Interjet tiene m\u00e1s alas para Canc\u00fan\u00a0"},"content":{"rendered":"<p><a href=\"http:\/\/l21.mx\/wp-content\/uploads\/2017\/10\/interjer-mas-alas-para-cancun.jpg\" data-rel=\"penci-gallery-image-content\" ><img fetchpriority=\"high\" decoding=\"async\" class=\"aligncenter size-full wp-image-29458\" src=\"http:\/\/l21.mx\/wp-content\/uploads\/2017\/10\/interjer-mas-alas-para-cancun.jpg\" alt=\"\" width=\"600\" height=\"399\" srcset=\"https:\/\/l21.mx\/wp-content\/uploads\/2017\/10\/interjer-mas-alas-para-cancun.jpg 600w, https:\/\/l21.mx\/wp-content\/uploads\/2017\/10\/interjer-mas-alas-para-cancun-300x200.jpg 300w, https:\/\/l21.mx\/wp-content\/uploads\/2017\/10\/interjer-mas-alas-para-cancun-585x389.jpg 585w, https:\/\/l21.mx\/wp-content\/uploads\/2017\/10\/interjer-mas-alas-para-cancun-263x175.jpg 263w\" sizes=\"(max-width: 600px) 100vw, 600px\" \/><\/a><\/p>\n<p>La aerol\u00ednea de bajo costo cerr\u00f3 el primer mes de operaciones de su ruta<strong> Canc\u00fan-Baj\u00edo<\/strong> con una ocupaci\u00f3n de 85%, la cual complementa su oferta a este destino tur\u00edstico.<\/p>\n<p><strong>Andr\u00e9s Mart\u00ednez<\/strong>, director de Mercadotecnia y Relaciones P\u00fablicas de <strong>Interjet<\/strong>, se\u00f1al\u00f3 que con una de las flotas m\u00e1s modernas se atiende este mercado que se suma a otros destinos nacionales e internacionales a los que llega desde Canc\u00fan, como son <strong>Bogot\u00e1<\/strong>, <strong>Ciudad de<\/strong> <strong>M\u00e9xico, Guadalajara, La Habana, Los \u00c1ngeles, Monterrey, Montreal, Nueva York, Toluca y Toronto.<\/strong><\/p>\n<p>La ruta<strong> Canc\u00fan-Baj\u00edo<\/strong> <strong>(Silao, Guanajuato<\/strong>) dispone de cuatro frecuencias a la semana, en aviones con capacidad para 150 pasajeros.<\/p>\n<p>Este a\u00f1o Interjet registra un crecimiento similar al de 2016, que fue de 12%, en el n\u00famero de pasajeros transportados; anualmente mueve siete millones de pasajeros, de los que 40% son hacia y desde Canc\u00fan, segundo destino natural de la aerol\u00ednea, es decir, alrededor de tres millones, en m\u00e1s de 50 operaciones diarias para 11 destinos.<\/p>\n<p>Recientemente tambi\u00e9n ampli\u00f3 sus horizontes con dos nuevas rutas a Toronto, Canad\u00e1, desde Canc\u00fan y la Ciudad de M\u00e9xico, con cuatro frecuencias a la semana.<\/p>\n<p>De esta forma la aerol\u00ednea atiende la creciente demanda del turismo canadiense, el cual de acuerdo con la Secretar\u00eda de Turismo (Sectur) aport\u00f3 569 mil 300 visitantes en el primer bimestre de 2017, seis por ciento m\u00e1s que en el mismo periodo de 2016.<\/p>\n","protected":false},"excerpt":{"rendered":"<p>La aerol\u00ednea de bajo costo cerr\u00f3 el primer mes de operaciones de su ruta Canc\u00fan-Baj\u00edo con&hellip;<\/p>\n","protected":false},"author":2,"featured_media":29458,"comment_status":"open","ping_status":"open","sticky":false,"template":"","format":"standard","meta":{"_acf_changed":false,"_lmt_disableupdate":"","_lmt_disable":"","_mbp_gutenberg_autopost":false,"footnotes":""},"categories":[4,19],"tags":[],"class_list":["post-29457","post","type-post","status-publish","format-standard","has-post-thumbnail","hentry","category-empresas-y-negocios","category-portada"],"acf":[],"_links":{"self":[{"href":"https:\/\/l21.mx\/index.php?rest_route=\/wp\/v2\/posts\/29457","targetHints":{"allow":["GET"]}}],"collection":[{"href":"https:\/\/l21.mx\/index.php?rest_route=\/wp\/v2\/posts"}],"about":[{"href":"https:\/\/l21.mx\/index.php?rest_route=\/wp\/v2\/types\/post"}],"author":[{"embeddable":true,"href":"https:\/\/l21.mx\/index.php?rest_route=\/wp\/v2\/users\/2"}],"replies":[{"embeddable":true,"href":"https:\/\/l21.mx\/index.php?rest_route=%2Fwp%2Fv2%2Fcomments&post=29457"}],"version-history":[{"count":0,"href":"https:\/\/l21.mx\/index.php?rest_route=\/wp\/v2\/posts\/29457\/revisions"}],"wp:featuredmedia":[{"embeddable":true,"href":"https:\/\/l21.mx\/index.php?rest_route=\/wp\/v2\/media\/29458"}],"wp:attachment":[{"href":"https:\/\/l21.mx\/index.php?rest_route=%2Fwp%2Fv2%2Fmedia&parent=29457"}],"wp:term":[{"taxonomy":"category","embeddable":true,"href":"https:\/\/l21.mx\/index.php?rest_route=%2Fwp%2Fv2%2Fcategories&post=29457"},{"taxonomy":"post_tag","embeddable":true,"href":"https:\/\/l21.mx\/index.php?rest_route=%2Fwp%2Fv2%2Ftags&post=29457"}],"curies":[{"name":"wp","href":"https:\/\/api.w.org\/{rel}","templated":true}]}}