{"id":2954,"date":"2013-06-04T13:59:35","date_gmt":"2013-06-04T18:59:35","guid":{"rendered":"http:\/\/innovatori.space\/lat21\/?p=2954"},"modified":"2013-06-05T12:21:35","modified_gmt":"2013-06-05T17:21:35","slug":"aumenta-air-france-vuelos-hacia-cancun","status":"publish","type":"post","link":"https:\/\/l21.mx\/?p=2954","title":{"rendered":"Aumenta Air France  vuelos hacia Canc\u00fan"},"content":{"rendered":"<p><a href=\"http:\/\/l21.mx\/wp-content\/uploads\/2013\/06\/AIR-FRANCE-NUEVO-VUELO-1.jpg\" data-rel=\"penci-gallery-image-content\" ><img fetchpriority=\"high\" decoding=\"async\" class=\"alignleft size-large wp-image-2955\" title=\"AIR FRANCE, NUEVO VUELO (1)\" src=\"http:\/\/l21.mx\/wp-content\/uploads\/2013\/06\/AIR-FRANCE-NUEVO-VUELO-1-1024x679.jpg\" alt=\"\" width=\"1024\" height=\"679\" srcset=\"https:\/\/l21.mx\/wp-content\/uploads\/2013\/06\/AIR-FRANCE-NUEVO-VUELO-1-1024x679.jpg 1024w, https:\/\/l21.mx\/wp-content\/uploads\/2013\/06\/AIR-FRANCE-NUEVO-VUELO-1-300x199.jpg 300w, https:\/\/l21.mx\/wp-content\/uploads\/2013\/06\/AIR-FRANCE-NUEVO-VUELO-1-128x85.jpg 128w, https:\/\/l21.mx\/wp-content\/uploads\/2013\/06\/AIR-FRANCE-NUEVO-VUELO-1-600x398.jpg 600w, https:\/\/l21.mx\/wp-content\/uploads\/2013\/06\/AIR-FRANCE-NUEVO-VUELO-1-167x110.jpg 167w, https:\/\/l21.mx\/wp-content\/uploads\/2013\/06\/AIR-FRANCE-NUEVO-VUELO-1-80x53.jpg 80w, https:\/\/l21.mx\/wp-content\/uploads\/2013\/06\/AIR-FRANCE-NUEVO-VUELO-1.jpg 1500w\" sizes=\"(max-width: 1024px) 100vw, 1024px\" \/><\/a><\/p>\n<p>Air France integrar\u00e1 una quinta frecuencia en la ruta Canc\u00fan- Par\u00eds durante la pr\u00f3xima temporada invernal, con el objetivo de continuar expandiendo su red de vuelos de larga distancia internacional.<\/p>\n<p>\u201cEstamos muy contentos con los resultados de la ruta entre ambos destinos, ya que ha sido uno de los vuelos m\u00e1s exitosos de Air France durante el invierno y arroj\u00f3 una importante derrama econ\u00f3mica a la regi\u00f3n al transportar dentro de nuestros aviones a personas de diversas nacionalidades del continente europeo, como franceses, alemanes, italianos, ucranianos, suizos holandeses e incluso ingleses\u201d, coment\u00f3 J\u00e9r\u00f4me Salemi, director general de Air France KLM para M\u00e9xico.<\/p>\n<p>De esta manera, el 18 de octubre la aerol\u00ednea reiniciar\u00e1 con cuatro vuelos por semana, y a partir del 3 de diciembre se integra la quinta frecuencia a bordo de un Boeing 777-300 de \u00faltima generaci\u00f3n, con 14 asientos en Business Class, 32 en Premium Economy y 422 plazas en clase econ\u00f3mica, que transportar\u00e1 a 468 pasajeros cada d\u00eda, para un total de dos mil 340 asientos semanales, lo que representa un 16% de incremento con respecto de la operaci\u00f3n del a\u00f1o pasado.<strong>\u00a0<\/strong><\/p>\n<div>\n<p>[editor]empresas-y-negocios[\/editor]<\/p>\n<div><\/div>\n<\/div>\n","protected":false},"excerpt":{"rendered":"<p>Air France integrar\u00e1 una quinta frecuencia en la ruta Canc\u00fan- Par\u00eds durante la pr\u00f3xima temporada invernal,&hellip;<\/p>\n","protected":false},"author":2,"featured_media":2956,"comment_status":"open","ping_status":"open","sticky":false,"template":"","format":"standard","meta":{"_acf_changed":false,"_lmt_disableupdate":"","_lmt_disable":"","_mbp_gutenberg_autopost":false,"footnotes":""},"categories":[4],"tags":[63,166,62,48,64,61],"class_list":["post-2954","post","type-post","status-publish","format-standard","has-post-thumbnail","hentry","category-empresas-y-negocios","tag-caribe-mexicano","tag-grupo-editorial-latitud21-revista-empresarial","tag-revista-latitud21","tag-cancun","tag-latitud-21","tag-latitud21"],"acf":[],"_links":{"self":[{"href":"https:\/\/l21.mx\/index.php?rest_route=\/wp\/v2\/posts\/2954","targetHints":{"allow":["GET"]}}],"collection":[{"href":"https:\/\/l21.mx\/index.php?rest_route=\/wp\/v2\/posts"}],"about":[{"href":"https:\/\/l21.mx\/index.php?rest_route=\/wp\/v2\/types\/post"}],"author":[{"embeddable":true,"href":"https:\/\/l21.mx\/index.php?rest_route=\/wp\/v2\/users\/2"}],"replies":[{"embeddable":true,"href":"https:\/\/l21.mx\/index.php?rest_route=%2Fwp%2Fv2%2Fcomments&post=2954"}],"version-history":[{"count":0,"href":"https:\/\/l21.mx\/index.php?rest_route=\/wp\/v2\/posts\/2954\/revisions"}],"wp:featuredmedia":[{"embeddable":true,"href":"https:\/\/l21.mx\/index.php?rest_route=\/wp\/v2\/media\/2956"}],"wp:attachment":[{"href":"https:\/\/l21.mx\/index.php?rest_route=%2Fwp%2Fv2%2Fmedia&parent=2954"}],"wp:term":[{"taxonomy":"category","embeddable":true,"href":"https:\/\/l21.mx\/index.php?rest_route=%2Fwp%2Fv2%2Fcategories&post=2954"},{"taxonomy":"post_tag","embeddable":true,"href":"https:\/\/l21.mx\/index.php?rest_route=%2Fwp%2Fv2%2Ftags&post=2954"}],"curies":[{"name":"wp","href":"https:\/\/api.w.org\/{rel}","templated":true}]}}