{"id":29560,"date":"2017-10-18T12:42:55","date_gmt":"2017-10-18T17:42:55","guid":{"rendered":"http:\/\/innovatori.space\/lat21\/?p=29560"},"modified":"2017-10-18T12:42:55","modified_gmt":"2017-10-18T17:42:55","slug":"iberostar-se-suma-al-dia-mundial-de-proteccion-a-la-naturaleza","status":"publish","type":"post","link":"https:\/\/l21.mx\/?p=29560","title":{"rendered":"IBEROSTAR SE SUMA AL D\u00cdA MUNDIAL DE PROTECCI\u00d3N A LA NATURALEZA"},"content":{"rendered":"<pre><a href=\"http:\/\/l21.mx\/wp-content\/uploads\/2017\/01\/Relevante-distinci\u00f3n-para-Iberostar.jpg\" data-rel=\"penci-gallery-image-content\" ><img fetchpriority=\"high\" decoding=\"async\" class=\"aligncenter size-full wp-image-24137\" src=\"http:\/\/l21.mx\/wp-content\/uploads\/2017\/01\/Relevante-distinci\u00f3n-para-Iberostar.jpg\" alt=\"\" width=\"1200\" height=\"792\" srcset=\"https:\/\/l21.mx\/wp-content\/uploads\/2017\/01\/Relevante-distinci\u00f3n-para-Iberostar.jpg 1200w, https:\/\/l21.mx\/wp-content\/uploads\/2017\/01\/Relevante-distinci\u00f3n-para-Iberostar-300x198.jpg 300w, https:\/\/l21.mx\/wp-content\/uploads\/2017\/01\/Relevante-distinci\u00f3n-para-Iberostar-1024x676.jpg 1024w, https:\/\/l21.mx\/wp-content\/uploads\/2017\/01\/Relevante-distinci\u00f3n-para-Iberostar-768x507.jpg 768w, https:\/\/l21.mx\/wp-content\/uploads\/2017\/01\/Relevante-distinci\u00f3n-para-Iberostar-1170x772.jpg 1170w, https:\/\/l21.mx\/wp-content\/uploads\/2017\/01\/Relevante-distinci\u00f3n-para-Iberostar-780x516.jpg 780w, https:\/\/l21.mx\/wp-content\/uploads\/2017\/01\/Relevante-distinci\u00f3n-para-Iberostar-585x386.jpg 585w, https:\/\/l21.mx\/wp-content\/uploads\/2017\/01\/Relevante-distinci\u00f3n-para-Iberostar-263x175.jpg 263w\" sizes=\"(max-width: 1200px) 100vw, 1200px\" \/><\/a>\r\n\r\nCiudad de M\u00e9xico. El presente a\u00f1o es para M\u00e9xico uno de los mejores en lo que a recepci\u00f3n de visitantes nacionales y extranjeros se refiere, lo que convierte a la industria tur\u00edstica en uno de los principales motores de la econom\u00eda nacional. De acuerdo con las cifras reportadas por la Secretar\u00eda de Turismo, de enero a julio la llegada de turistas extranjeros fue de 22.9 millones, cifra que supera, por dos millones 469 mil, la cifra de 2016, mientras que la ocupaci\u00f3n de cuartos de hotel por turistas nacionales fue de 34.1 millones.\r\n\r\nCon estas cifras como referente, el gobierno de M\u00e9xico ha puesto en marcha acciones que pretenden mantener e incrementar dichos n\u00fameros, sin dejar de lado la preservaci\u00f3n y protecci\u00f3n de la naturaleza en los diferentes destinos del pa\u00eds. M\u00e9xico es considerado un pa\u00eds megadiverso, el cual forma parte del grupo de naciones que poseen la mayor cantidad y diversidad de flora y fauna, casi 70% de la diversidad de especies.\r\n\r\nEn el marco del D\u00eda Mundial de Protecci\u00f3n a la Naturaleza, es importante hacer conciencia que el cuidado de la misma, en M\u00e9xico y todo el mundo, es primordial. Por esta raz\u00f3n la cadena\u00a0 IIberostar Hotels &amp; Resorts, desde el primer d\u00eda que inaugur\u00f3 su primer hotel en la Riviera Maya de M\u00e9xico, est\u00e1 comprometida con el entorno y ha puesto en pr\u00e1ctica diversas acciones alineadas con los Objetivos de Desarrollo Sostenible. A trav\u00e9s de \u00e9stos se busca beneficiar y preservar la diversidad de la fauna y flora de la regi\u00f3n, procurar el cuidado de los recursos energ\u00e9ticos y apoyar a la econom\u00eda local.\u00a0\r\n\r\nIIberostar Hotels &amp; Resorts contin\u00faa desarrollando proyectos en el marco de su Plan Estrat\u00e9gico de Responsabilidad Social Corporativa. El principal fue implementado en 2010, denominado \u201cPiensa Verde\u201d, con el que a trav\u00e9s de est\u00e1ndares de sostenibilidad en la operaci\u00f3n diaria de cada uno de los hoteles en M\u00e9xico se miden los impactos y se establecen m etas de mitigaci\u00f3n (manejo sostenible). Asimismo, en 2011 se puso en marcha el programa de conservaci\u00f3n de la tortuga marina, actividad que consiste en la conservaci\u00f3n y divulgaci\u00f3n de las medidas de protecci\u00f3n de las especies de tortugas que anidan en las playas de los hoteles. Tan solo entre 2015 y 2016 se liberaron m\u00e1s 117 mil tortugas en los hoteles de IIberostar en M\u00e9xico.\u00a0\r\n\r\nOtro de los grandes pilares para la cadena en materia de sustentabilidad es la conservaci\u00f3n de la biodiversidad. Los hoteles resguardan especies nativas y algunos cuentan con una colecci\u00f3n particular de exhibici\u00f3n de especies silvestres nacionales y ex\u00f3ticas, para lo cual IIberostar cuenta con autorizaciones legales y un equipo de profesionales que se ocupan del bienestar de los animales.\r\n\r\n\u201cConservamos los recursos naturales a trav\u00e9s del monitoreo de la flora y la fauna local, adem\u00e1s de contar con u na colecci\u00f3n particular de conservaci\u00f3n y exhibici\u00f3n de especies silvestres nacionales y ex\u00f3ticas. Adem\u00e1s contribuimos a las acciones de educaci\u00f3n ambiental, concienciando a nuestros hu\u00e9spedes y colaboradores sobre el cuidado de las especies\u201d, asegur\u00f3 Julieta Ruiz, Coordinadora de Desarrollo Sustentable de IIberostar M\u00e9xico.\u00a0\r\n\r\nLa cadena tambi\u00e9n participa en el Programa Internacional de Limpieza Internacional de Playas, que de 2015 a 2016 ha permitido limpiar m\u00e1s de 13 km de playas p\u00fablicas. En materia de optimizaci\u00f3n de recursos energ\u00e9ticos, IIberostar dispone de equipos de alta eficiencia energ\u00e9tica, plantas potabilizadoras y de tratamiento de agua, as\u00ed como sistemas de captaci\u00f3n pluvial para uso de riego. En cuanto al tratamiento de residuos, cada hotel en M\u00e9xico trabaja con un plan para el manejo de los mismos y se han instalado c\u00e1maras de reciclaje, sitios de almacenamiento de aceite usado de cocina y almac\u00e9n de residuos peligrosos.\u00a0\u00a0\r\n\r\nEn este d\u00eda, conmemorado desde 1972, IIberostar invita a la reflexi\u00f3n sobre nuestra huella ecol\u00f3gica y los da\u00f1os o potenciales riesgos que provocan en la naturaleza nuestras acciones y pr\u00e1cticas de consumo. La cadena ha mostrado un gran compromiso y un especial respeto por la biodiversidad del pa\u00eds, con acciones que se han reflejado en la reforestaci\u00f3n en distintos espacios tanto dentro como fuera de sus propiedades y la participaci\u00f3n a\u00f1o con a\u00f1o en la iniciativa de \u201cLa Hora del Planeta\u201d, adem\u00e1s de brindar educaci\u00f3n ambiental y cumplir con las reglamentaciones de protecci\u00f3n a los recursos naturales.<\/pre>\n<p>&nbsp;<\/p>\n","protected":false},"excerpt":{"rendered":"<p>Ciudad de M\u00e9xico. El presente a\u00f1o es para M\u00e9xico uno de los mejores en lo que&hellip;<\/p>\n","protected":false},"author":2,"featured_media":0,"comment_status":"open","ping_status":"open","sticky":false,"template":"","format":"standard","meta":{"_acf_changed":false,"_lmt_disableupdate":"","_lmt_disable":"","_mbp_gutenberg_autopost":false,"footnotes":""},"categories":[23,35],"tags":[],"class_list":["post-29560","post","type-post","status-publish","format-standard","hentry","category-noticias","category-responsabilidad-social"],"acf":[],"yoast_head":"<!-- This site is optimized with the Yoast SEO plugin v27.3 - https:\/\/yoast.com\/product\/yoast-seo-wordpress\/ -->\n<title>IBEROSTAR SE SUMA AL D\u00cdA MUNDIAL DE PROTECCI\u00d3N A LA NATURALEZA | Revista Latitud 21<\/title>\n<meta name=\"description\" content=\"L21, Emprendedores y Negocios en el Caribe Mexicano, es la revista l\u00edder entre el Sector Empresarial y Tur\u00edstico del Caribe Mexicano.\" \/>\n<meta name=\"robots\" content=\"index, follow, max-snippet:-1, max-image-preview:large, max-video-preview:-1\" \/>\n<link rel=\"canonical\" href=\"https:\/\/l21.mx\/?p=29560\" \/>\n<meta name=\"twitter:card\" content=\"summary_large_image\" \/>\n<meta name=\"twitter:title\" content=\"IBEROSTAR SE SUMA AL D\u00cdA MUNDIAL DE PROTECCI\u00d3N A LA NATURALEZA | Revista Latitud 21\" \/>\n<meta name=\"twitter:description\" content=\"L21, Emprendedores y Negocios en el Caribe Mexicano, es la revista l\u00edder entre el Sector Empresarial y Tur\u00edstico del Caribe Mexicano.\" \/>\n<meta name=\"twitter:creator\" content=\"@Latitud21mx\" \/>\n<meta name=\"twitter:site\" content=\"@Latitud21mx\" \/>\n<meta name=\"twitter:label1\" content=\"Escrito por\" \/>\n\t<meta name=\"twitter:data1\" content=\"Latitud21 Redacci\u00f3n\" \/>\n\t<meta name=\"twitter:label2\" content=\"Tiempo de lectura\" \/>\n\t<meta name=\"twitter:data2\" content=\"4 minutos\" \/>\n<script type=\"application\/ld+json\" class=\"yoast-schema-graph\">{\"@context\":\"https:\\\/\\\/schema.org\",\"@graph\":[{\"@type\":\"Article\",\"@id\":\"https:\\\/\\\/l21.mx\\\/?p=29560#article\",\"isPartOf\":{\"@id\":\"https:\\\/\\\/l21.mx\\\/?p=29560\"},\"author\":{\"name\":\"Latitud21 Redacci\u00f3n\",\"@id\":\"https:\\\/\\\/l21.mx\\\/#\\\/schema\\\/person\\\/4b571cc212089f95579f3b66253728f1\"},\"headline\":\"IBEROSTAR SE SUMA AL D\u00cdA MUNDIAL DE PROTECCI\u00d3N A LA NATURALEZA\",\"datePublished\":\"2017-10-18T17:42:55+00:00\",\"mainEntityOfPage\":{\"@id\":\"https:\\\/\\\/l21.mx\\\/?p=29560\"},\"wordCount\":14,\"commentCount\":0,\"publisher\":{\"@id\":\"https:\\\/\\\/l21.mx\\\/#organization\"},\"articleSection\":[\"Noticias\",\"Responsabilidad social\"],\"inLanguage\":\"es\",\"potentialAction\":[{\"@type\":\"CommentAction\",\"name\":\"Comment\",\"target\":[\"https:\\\/\\\/l21.mx\\\/?p=29560#respond\"]}]},{\"@type\":\"WebPage\",\"@id\":\"https:\\\/\\\/l21.mx\\\/?p=29560\",\"url\":\"https:\\\/\\\/l21.mx\\\/?p=29560\",\"name\":\"IBEROSTAR SE SUMA AL D\u00cdA MUNDIAL DE PROTECCI\u00d3N A LA NATURALEZA | Revista Latitud 21\",\"isPartOf\":{\"@id\":\"https:\\\/\\\/l21.mx\\\/#website\"},\"datePublished\":\"2017-10-18T17:42:55+00:00\",\"description\":\"L21, Emprendedores y Negocios en el Caribe Mexicano, es la revista l\u00edder entre el Sector Empresarial y Tur\u00edstico del Caribe Mexicano.\",\"breadcrumb\":{\"@id\":\"https:\\\/\\\/l21.mx\\\/?p=29560#breadcrumb\"},\"inLanguage\":\"es\",\"potentialAction\":[{\"@type\":\"ReadAction\",\"target\":[\"https:\\\/\\\/l21.mx\\\/?p=29560\"]}]},{\"@type\":\"BreadcrumbList\",\"@id\":\"https:\\\/\\\/l21.mx\\\/?p=29560#breadcrumb\",\"itemListElement\":[{\"@type\":\"ListItem\",\"position\":1,\"name\":\"Portada\",\"item\":\"https:\\\/\\\/l21.mx\\\/\"},{\"@type\":\"ListItem\",\"position\":2,\"name\":\"IBEROSTAR SE SUMA AL D\u00cdA MUNDIAL DE PROTECCI\u00d3N A LA NATURALEZA\"}]},{\"@type\":\"WebSite\",\"@id\":\"https:\\\/\\\/l21.mx\\\/#website\",\"url\":\"https:\\\/\\\/l21.mx\\\/\",\"name\":\"Revista Latitud 21\",\"description\":\"Emprendedores  y negocios en el Caribe Mexicano\",\"publisher\":{\"@id\":\"https:\\\/\\\/l21.mx\\\/#organization\"},\"potentialAction\":[{\"@type\":\"SearchAction\",\"target\":{\"@type\":\"EntryPoint\",\"urlTemplate\":\"https:\\\/\\\/l21.mx\\\/?s={search_term_string}\"},\"query-input\":{\"@type\":\"PropertyValueSpecification\",\"valueRequired\":true,\"valueName\":\"search_term_string\"}}],\"inLanguage\":\"es\"},{\"@type\":\"Organization\",\"@id\":\"https:\\\/\\\/l21.mx\\\/#organization\",\"name\":\"Grupo Editorial Latitud 21 SA de CV\",\"url\":\"https:\\\/\\\/l21.mx\\\/\",\"logo\":{\"@type\":\"ImageObject\",\"inLanguage\":\"es\",\"@id\":\"https:\\\/\\\/l21.mx\\\/#\\\/schema\\\/logo\\\/image\\\/\",\"url\":\"https:\\\/\\\/l21.mx\\\/wp-content\\\/uploads\\\/2020\\\/10\\\/logo-l21-baja.jpg\",\"contentUrl\":\"https:\\\/\\\/l21.mx\\\/wp-content\\\/uploads\\\/2020\\\/10\\\/logo-l21-baja.jpg\",\"width\":250,\"height\":250,\"caption\":\"Grupo Editorial Latitud 21 SA de CV\"},\"image\":{\"@id\":\"https:\\\/\\\/l21.mx\\\/#\\\/schema\\\/logo\\\/image\\\/\"},\"sameAs\":[\"https:\\\/\\\/www.facebook.com\\\/RevistaLatitud21\\\/\",\"https:\\\/\\\/x.com\\\/Latitud21mx\"]},{\"@type\":\"Person\",\"@id\":\"https:\\\/\\\/l21.mx\\\/#\\\/schema\\\/person\\\/4b571cc212089f95579f3b66253728f1\",\"name\":\"Latitud21 Redacci\u00f3n\",\"url\":\"https:\\\/\\\/l21.mx\\\/?author=2\"}]}<\/script>\n<!-- \/ Yoast SEO plugin. -->","yoast_head_json":{"title":"IBEROSTAR SE SUMA AL D\u00cdA MUNDIAL DE PROTECCI\u00d3N A LA NATURALEZA | Revista Latitud 21","description":"L21, Emprendedores y Negocios en el Caribe Mexicano, es la revista l\u00edder entre el Sector Empresarial y Tur\u00edstico del Caribe Mexicano.","robots":{"index":"index","follow":"follow","max-snippet":"max-snippet:-1","max-image-preview":"max-image-preview:large","max-video-preview":"max-video-preview:-1"},"canonical":"https:\/\/l21.mx\/?p=29560","twitter_card":"summary_large_image","twitter_title":"IBEROSTAR SE SUMA AL D\u00cdA MUNDIAL DE PROTECCI\u00d3N A LA NATURALEZA | Revista Latitud 21","twitter_description":"L21, Emprendedores y Negocios en el Caribe Mexicano, es la revista l\u00edder entre el Sector Empresarial y Tur\u00edstico del Caribe Mexicano.","twitter_creator":"@Latitud21mx","twitter_site":"@Latitud21mx","twitter_misc":{"Escrito por":"Latitud21 Redacci\u00f3n","Tiempo de lectura":"4 minutos"},"schema":{"@context":"https:\/\/schema.org","@graph":[{"@type":"Article","@id":"https:\/\/l21.mx\/?p=29560#article","isPartOf":{"@id":"https:\/\/l21.mx\/?p=29560"},"author":{"name":"Latitud21 Redacci\u00f3n","@id":"https:\/\/l21.mx\/#\/schema\/person\/4b571cc212089f95579f3b66253728f1"},"headline":"IBEROSTAR SE SUMA AL D\u00cdA MUNDIAL DE PROTECCI\u00d3N A LA NATURALEZA","datePublished":"2017-10-18T17:42:55+00:00","mainEntityOfPage":{"@id":"https:\/\/l21.mx\/?p=29560"},"wordCount":14,"commentCount":0,"publisher":{"@id":"https:\/\/l21.mx\/#organization"},"articleSection":["Noticias","Responsabilidad social"],"inLanguage":"es","potentialAction":[{"@type":"CommentAction","name":"Comment","target":["https:\/\/l21.mx\/?p=29560#respond"]}]},{"@type":"WebPage","@id":"https:\/\/l21.mx\/?p=29560","url":"https:\/\/l21.mx\/?p=29560","name":"IBEROSTAR SE SUMA AL D\u00cdA MUNDIAL DE PROTECCI\u00d3N A LA NATURALEZA | Revista Latitud 21","isPartOf":{"@id":"https:\/\/l21.mx\/#website"},"datePublished":"2017-10-18T17:42:55+00:00","description":"L21, Emprendedores y Negocios en el Caribe Mexicano, es la revista l\u00edder entre el Sector Empresarial y Tur\u00edstico del Caribe Mexicano.","breadcrumb":{"@id":"https:\/\/l21.mx\/?p=29560#breadcrumb"},"inLanguage":"es","potentialAction":[{"@type":"ReadAction","target":["https:\/\/l21.mx\/?p=29560"]}]},{"@type":"BreadcrumbList","@id":"https:\/\/l21.mx\/?p=29560#breadcrumb","itemListElement":[{"@type":"ListItem","position":1,"name":"Portada","item":"https:\/\/l21.mx\/"},{"@type":"ListItem","position":2,"name":"IBEROSTAR SE SUMA AL D\u00cdA MUNDIAL DE PROTECCI\u00d3N A LA NATURALEZA"}]},{"@type":"WebSite","@id":"https:\/\/l21.mx\/#website","url":"https:\/\/l21.mx\/","name":"Revista Latitud 21","description":"Emprendedores  y negocios en el Caribe Mexicano","publisher":{"@id":"https:\/\/l21.mx\/#organization"},"potentialAction":[{"@type":"SearchAction","target":{"@type":"EntryPoint","urlTemplate":"https:\/\/l21.mx\/?s={search_term_string}"},"query-input":{"@type":"PropertyValueSpecification","valueRequired":true,"valueName":"search_term_string"}}],"inLanguage":"es"},{"@type":"Organization","@id":"https:\/\/l21.mx\/#organization","name":"Grupo Editorial Latitud 21 SA de CV","url":"https:\/\/l21.mx\/","logo":{"@type":"ImageObject","inLanguage":"es","@id":"https:\/\/l21.mx\/#\/schema\/logo\/image\/","url":"https:\/\/l21.mx\/wp-content\/uploads\/2020\/10\/logo-l21-baja.jpg","contentUrl":"https:\/\/l21.mx\/wp-content\/uploads\/2020\/10\/logo-l21-baja.jpg","width":250,"height":250,"caption":"Grupo Editorial Latitud 21 SA de CV"},"image":{"@id":"https:\/\/l21.mx\/#\/schema\/logo\/image\/"},"sameAs":["https:\/\/www.facebook.com\/RevistaLatitud21\/","https:\/\/x.com\/Latitud21mx"]},{"@type":"Person","@id":"https:\/\/l21.mx\/#\/schema\/person\/4b571cc212089f95579f3b66253728f1","name":"Latitud21 Redacci\u00f3n","url":"https:\/\/l21.mx\/?author=2"}]}},"amp_enabled":true,"_links":{"self":[{"href":"https:\/\/l21.mx\/index.php?rest_route=\/wp\/v2\/posts\/29560","targetHints":{"allow":["GET"]}}],"collection":[{"href":"https:\/\/l21.mx\/index.php?rest_route=\/wp\/v2\/posts"}],"about":[{"href":"https:\/\/l21.mx\/index.php?rest_route=\/wp\/v2\/types\/post"}],"author":[{"embeddable":true,"href":"https:\/\/l21.mx\/index.php?rest_route=\/wp\/v2\/users\/2"}],"replies":[{"embeddable":true,"href":"https:\/\/l21.mx\/index.php?rest_route=%2Fwp%2Fv2%2Fcomments&post=29560"}],"version-history":[{"count":0,"href":"https:\/\/l21.mx\/index.php?rest_route=\/wp\/v2\/posts\/29560\/revisions"}],"wp:attachment":[{"href":"https:\/\/l21.mx\/index.php?rest_route=%2Fwp%2Fv2%2Fmedia&parent=29560"}],"wp:term":[{"taxonomy":"category","embeddable":true,"href":"https:\/\/l21.mx\/index.php?rest_route=%2Fwp%2Fv2%2Fcategories&post=29560"},{"taxonomy":"post_tag","embeddable":true,"href":"https:\/\/l21.mx\/index.php?rest_route=%2Fwp%2Fv2%2Ftags&post=29560"}],"curies":[{"name":"wp","href":"https:\/\/api.w.org\/{rel}","templated":true}]}}