{"id":29573,"date":"2017-10-23T12:05:02","date_gmt":"2017-10-23T17:05:02","guid":{"rendered":"http:\/\/innovatori.space\/lat21\/?p=29573"},"modified":"2017-10-23T12:05:02","modified_gmt":"2017-10-23T17:05:02","slug":"registra-interjet-solido-crecimiento-en-pasajeros-transportados","status":"publish","type":"post","link":"https:\/\/l21.mx\/?p=29573","title":{"rendered":"REGISTRA INTERJET S\u00d3LIDO CRECIMIENTO\u00a0EN PASAJEROS TRANSPORTADOS"},"content":{"rendered":"<p><a href=\"http:\/\/l21.mx\/wp-content\/uploads\/2014\/07\/CRECE-LA-CONECTIVIDAD-DE-INTERJET-CON-SUDAM\u00c9RICA.jpg\" data-rel=\"penci-gallery-image-content\" ><img decoding=\"async\" class=\"alignleft size-thumbnail wp-image-7664\" src=\"http:\/\/l21.mx\/wp-content\/uploads\/2014\/07\/CRECE-LA-CONECTIVIDAD-DE-INTERJET-CON-SUDAM\u00c9RICA-150x150.jpg\" alt=\"\" width=\"150\" height=\"150\" \/><\/a><\/p>\n<p>Ciudad de M\u00e9xico.<strong> Interjet<\/strong> registr\u00f3 en el tercer trimestre de este a\u00f1o un Ciudad s\u00f3lido crecimiento en el n\u00famero de pasajeros transportados. De acuerdo con la<strong> Direcci\u00f3n General de Aeron\u00e1utica Civil<\/strong>, agosto fue el mejor mes de este periodo, ya que el n\u00famero de pasajeros transportados a nivel internacional creci\u00f3 34% y 18% en el mercado\u00a0 nacional, con respecto al mismo mes del a\u00f1o pasado.<br \/>\nEstos resultados han sido gracias a la renovada estrategia comercial de la empresa, la optimizaci\u00f3n de sus operaciones y un estricto control de gastos.<br \/>\nEn el tercer trimestre de 2017, Interjet transport\u00f3 a m\u00e1s de dos millones 520 mil pasajeros en vuelos nacionales, cifra superior en ocho por ciento a los dos millones 317 mil que transport\u00f3 en el mismo periodo del 2016.<br \/>\nEn tanto que en vuelos internacionales, Interjet llev\u00f3 a m\u00e1s de 733 mil pasajeros durante julio, agosto y septiembre de este a\u00f1o, lo cual representa un incremento de m\u00e1s de 168 mil pasajeros, 23% m\u00e1s en comparaci\u00f3n con el tercer trimestre del a\u00f1o anterior.<br \/>\nSobre la participaci\u00f3n de mercado, de acuerdo con la informaci\u00f3n de este tercer trimestre, en vuelos nacionales Interjet tiene 22% y en internacionales es de 18 puntos porcentuales.<br \/>\nInterjet posee la segunda flota m\u00e1s grande del pa\u00eds. Actualmente, la empresa opera 77 aeronaves, compuestas por 48 Airbus A320, 4 A321 y tres\u00a0 A320NEO, adem\u00e1s de 22 SuperJet 100.<\/p>\n","protected":false},"excerpt":{"rendered":"<p>Ciudad de M\u00e9xico. Interjet registr\u00f3 en el tercer trimestre de este a\u00f1o un Ciudad s\u00f3lido crecimiento&hellip;<\/p>\n","protected":false},"author":2,"featured_media":0,"comment_status":"open","ping_status":"open","sticky":false,"template":"","format":"standard","meta":{"_acf_changed":false,"_lmt_disableupdate":"","_lmt_disable":"","_mbp_gutenberg_autopost":false,"footnotes":""},"categories":[23,8],"tags":[],"class_list":["post-29573","post","type-post","status-publish","format-standard","hentry","category-noticias","category-turismo"],"acf":[],"_links":{"self":[{"href":"https:\/\/l21.mx\/index.php?rest_route=\/wp\/v2\/posts\/29573","targetHints":{"allow":["GET"]}}],"collection":[{"href":"https:\/\/l21.mx\/index.php?rest_route=\/wp\/v2\/posts"}],"about":[{"href":"https:\/\/l21.mx\/index.php?rest_route=\/wp\/v2\/types\/post"}],"author":[{"embeddable":true,"href":"https:\/\/l21.mx\/index.php?rest_route=\/wp\/v2\/users\/2"}],"replies":[{"embeddable":true,"href":"https:\/\/l21.mx\/index.php?rest_route=%2Fwp%2Fv2%2Fcomments&post=29573"}],"version-history":[{"count":0,"href":"https:\/\/l21.mx\/index.php?rest_route=\/wp\/v2\/posts\/29573\/revisions"}],"wp:attachment":[{"href":"https:\/\/l21.mx\/index.php?rest_route=%2Fwp%2Fv2%2Fmedia&parent=29573"}],"wp:term":[{"taxonomy":"category","embeddable":true,"href":"https:\/\/l21.mx\/index.php?rest_route=%2Fwp%2Fv2%2Fcategories&post=29573"},{"taxonomy":"post_tag","embeddable":true,"href":"https:\/\/l21.mx\/index.php?rest_route=%2Fwp%2Fv2%2Ftags&post=29573"}],"curies":[{"name":"wp","href":"https:\/\/api.w.org\/{rel}","templated":true}]}}