{"id":29612,"date":"2017-10-26T01:40:28","date_gmt":"2017-10-26T06:40:28","guid":{"rendered":"http:\/\/innovatori.space\/lat21\/?p=29612"},"modified":"2017-10-26T11:40:51","modified_gmt":"2017-10-26T16:40:51","slug":"inicia-interjet-vuelos-a-vancouver-canada","status":"publish","type":"post","link":"https:\/\/l21.mx\/?p=29612","title":{"rendered":"INICIA INTERJET VUELOS A VANCOUVER, CANAD\u00c1"},"content":{"rendered":"<p>&nbsp;<\/p>\n<p><a href=\"http:\/\/l21.mx\/wp-content\/uploads\/2017\/04\/A320neo-MSN7523-Interjet-take-off-012.jpg\" data-rel=\"penci-gallery-image-content\" ><img fetchpriority=\"high\" decoding=\"async\" class=\"alignleft size-large wp-image-25475\" src=\"http:\/\/l21.mx\/wp-content\/uploads\/2017\/04\/A320neo-MSN7523-Interjet-take-off-012-1024x712.jpg\" alt=\"\" width=\"1024\" height=\"712\" \/><\/a><\/p>\n<p><strong>Ciudad de M\u00e9xico.-\u00a0Interjet<\/strong> dio inicio a un nuevo servicio sin escalas entre las ciudades de<strong> M\u00e9xico y Canc\u00fan hacia Vancouver, Canad\u00e1;<\/strong> la tercera ciudad m\u00e1s grande de esa naci\u00f3n, utilizando su moderna flota de aviones<strong> Airbus A320<\/strong>, los cuales tendr\u00e1n los siguientes horarios:<\/p>\n<div class=\"pcrstb-wrap\"><table width=\"810\">\n<tbody>\n<tr>\n<td colspan=\"6\" width=\"810\"><strong>M\u00c9XICO &#8211; VANCOUVER &#8211; M\u00c9XICO<\/strong><\/td>\n<\/tr>\n<tr>\n<td width=\"84\"><strong>Vuelo<\/strong><\/td>\n<td width=\"120\"><strong>Desde<\/strong><\/td>\n<td width=\"120\"><strong>Hacia<\/strong><\/td>\n<td width=\"120\"><strong>Sale<\/strong><\/td>\n<td width=\"120\"><strong>Llega<\/strong><\/td>\n<td width=\"246\"><strong>Frecuencias<\/strong><\/td>\n<\/tr>\n<tr>\n<td width=\"84\">2850<\/td>\n<td width=\"120\">MEX<\/td>\n<td width=\"120\">YVR<\/td>\n<td width=\"120\">00:35<\/td>\n<td width=\"120\">04:50<\/td>\n<td width=\"246\">Lun, Jue, Vie y Dom<\/td>\n<\/tr>\n<tr>\n<td width=\"84\">2851<\/td>\n<td width=\"120\">YVR<\/td>\n<td width=\"120\">MEX<\/td>\n<td width=\"120\">21:30<\/td>\n<td width=\"120\">05:15<\/td>\n<td width=\"246\">Lun, Jue, Vie y Dom<\/td>\n<\/tr>\n<\/tbody>\n<\/table><\/div>\n<p>&nbsp;<\/p>\n<p>&nbsp;<\/p>\n<div class=\"pcrstb-wrap\"><table width=\"812\">\n<tbody>\n<tr>\n<td colspan=\"6\" width=\"812\"><strong>CANC\u00daN &#8211; VANCOUVER &#8211; CANC\u00daN<\/strong><\/td>\n<\/tr>\n<tr>\n<td width=\"92\"><strong>Vuelo<\/strong><\/td>\n<td width=\"120\"><strong>Desde<\/strong><\/td>\n<td width=\"120\"><strong>Hacia<\/strong><\/td>\n<td width=\"120\"><strong>Sale<\/strong><\/td>\n<td width=\"120\"><strong>Llega<\/strong><\/td>\n<td width=\"240\"><strong>Frecuencias<\/strong><\/td>\n<\/tr>\n<tr>\n<td width=\"92\">2860<\/td>\n<td width=\"120\">CUN<\/td>\n<td width=\"120\">YVR<\/td>\n<td width=\"120\">15:00<\/td>\n<td width=\"120\">20:15<\/td>\n<td width=\"240\">Lun, Jue, Vie y Dom<\/td>\n<\/tr>\n<tr>\n<td width=\"92\">2861<\/td>\n<td width=\"120\">YVR<\/td>\n<td width=\"120\">CUN<\/td>\n<td width=\"120\">0:50<\/td>\n<td width=\"120\">14:05<\/td>\n<td width=\"240\">Lun, Jue, Vie y Dom<\/td>\n<\/tr>\n<\/tbody>\n<\/table><\/div>\n<p>&nbsp;<\/p>\n<p>De acuerdo con informaci\u00f3n de la Secretar\u00eda de Comunicaciones y Transportes, el flujo de pasajeros entre Canad\u00e1 y nuestro pa\u00eds aument\u00f3 en 442 mil 162 personas, lo que representa un 21.6 % m\u00e1s de enero a julio de este a\u00f1o en comparaci\u00f3n con el mismo periodo de 2016.<\/p>\n<p>Jos\u00e9 Luis Garza, director general de Interjet, coment\u00f3: \u201cAhora, con esta ruta, Interjet ofrece vuelos directos a las tres ciudades m\u00e1s importantes de Canad\u00e1: Vancouver, Montreal y Toronto, adem\u00e1s la apertura de esta ruta contribuye al crecimiento y desarrollo econ\u00f3mico entre los dos pa\u00edses, ofreciendo m\u00e1s y mejores alternativas para pasajeros en viajes de negocios, as\u00ed como para aquellos que viajan de placer con el deseo de descubrir la historia en ciudades arqueol\u00f3gicas y coloniales, o los destinos de playa, as\u00ed como otros aspectos culturales.\u201d<br \/>\nEn su oportunidad, Craig Richmond, presidente y CEO de la Autoridad del Aeropuerto de Vancouver, afirm\u00f3: \u201cEstamos emocionados por el inicio oficial de operaciones de Interjet en el Aeropuerto de Vancouver. Es impresionante que hayan iniciado dos rutas hacia M\u00e9xico y esperamos recibir a\u00fan m\u00e1s destinos de Interjet en el futuro. Esto ofrece a los viajeros la posibilidad de elegir un gran servicio a populares destinos de placer y negocios. La red de rutas de Interjet tambi\u00e9n provee a los clientes m\u00e1s opciones para viajar a trav\u00e9s de M\u00e9xico y Am\u00e9rica Latina.\u201d<br \/>\nPara el turista mexicano, Vancouver ofrece una gama de actividades en un ambiente natural, incluyendo actividades de monta\u00f1a, ya que los turistas podr\u00e1n acercarse a los diferentes restaurantes de talla internacional, recorrer la ciudad a trav\u00e9s de Aquabus o ferries en las aguas del Oc\u00e9ano Pac\u00edfico o visitar la monta\u00f1a Grouse a trav\u00e9s de su telef\u00e9rico, sin olvidar las actividades culturales que ofrece el destino, como por ejemplo: el festival de cine latinoamericano que se realiza cada a\u00f1o.<br \/>\nInterjet es la aerol\u00ednea mexicana que brinda una experiencia de vuelo completa: amplio espacio entre asientos, servicio de snacks y bebidas sin costo, as\u00ed como la facilidad de poder llevar hasta 50 kilogramos de equipaje (en tarifa Priority) sin cargo extra. Atiende 54 destinos, 36 en la Rep\u00fablica Mexicana y 19 internacionales. En Estados Unidos: Chicago, Dallas- Fort Worth, Houston, Las Vegas, Los \u00c1ngeles, Miami, Nueva York, San Antonio y Orlando-Sanford; en Canad\u00e1: Montreal, Toronto y Vancouver; en Cuba: La Habana, Santa Clara y Varadero, as\u00ed como Bogot\u00e1, San Jos\u00e9 de Costa Rica, Guatemala y Lima.<\/p>\n","protected":false},"excerpt":{"rendered":"<p>&nbsp; Ciudad de M\u00e9xico.-\u00a0Interjet dio inicio a un nuevo servicio sin escalas entre las ciudades de&hellip;<\/p>\n","protected":false},"author":2,"featured_media":0,"comment_status":"open","ping_status":"open","sticky":false,"template":"","format":"standard","meta":{"_acf_changed":false,"_lmt_disableupdate":"","_lmt_disable":"","_mbp_gutenberg_autopost":false,"footnotes":""},"categories":[23,8],"tags":[],"class_list":["post-29612","post","type-post","status-publish","format-standard","hentry","category-noticias","category-turismo"],"acf":[],"_links":{"self":[{"href":"https:\/\/l21.mx\/index.php?rest_route=\/wp\/v2\/posts\/29612","targetHints":{"allow":["GET"]}}],"collection":[{"href":"https:\/\/l21.mx\/index.php?rest_route=\/wp\/v2\/posts"}],"about":[{"href":"https:\/\/l21.mx\/index.php?rest_route=\/wp\/v2\/types\/post"}],"author":[{"embeddable":true,"href":"https:\/\/l21.mx\/index.php?rest_route=\/wp\/v2\/users\/2"}],"replies":[{"embeddable":true,"href":"https:\/\/l21.mx\/index.php?rest_route=%2Fwp%2Fv2%2Fcomments&post=29612"}],"version-history":[{"count":0,"href":"https:\/\/l21.mx\/index.php?rest_route=\/wp\/v2\/posts\/29612\/revisions"}],"wp:attachment":[{"href":"https:\/\/l21.mx\/index.php?rest_route=%2Fwp%2Fv2%2Fmedia&parent=29612"}],"wp:term":[{"taxonomy":"category","embeddable":true,"href":"https:\/\/l21.mx\/index.php?rest_route=%2Fwp%2Fv2%2Fcategories&post=29612"},{"taxonomy":"post_tag","embeddable":true,"href":"https:\/\/l21.mx\/index.php?rest_route=%2Fwp%2Fv2%2Ftags&post=29612"}],"curies":[{"name":"wp","href":"https:\/\/api.w.org\/{rel}","templated":true}]}}