{"id":29617,"date":"2017-10-27T17:25:44","date_gmt":"2017-10-27T22:25:44","guid":{"rendered":"http:\/\/innovatori.space\/lat21\/?p=29617"},"modified":"2017-10-27T17:25:44","modified_gmt":"2017-10-27T22:25:44","slug":"ofrece-asur-open-house-por-la-terminal-4-del-aeropuerto-de-cancun","status":"publish","type":"post","link":"https:\/\/l21.mx\/?p=29617","title":{"rendered":"Ofrece Asur \u2018open house\u2019 por la Terminal 4 del aeropuerto de Canc\u00fan"},"content":{"rendered":"<div data-sliderid=\"61071\" id=\"penci-post-gallery__61071\" class=\"penci-post-gallery-container justified column-3\" data-height=\"150\" data-margin=\"3\"><a class=\"penci-gallery-ite item-gallery-justified\" href=\"https:\/\/l21.mx\/wp-content\/uploads\/2017\/10\/asur-terminal-4-e.jpg\" data-rel=\"penci-gallery-image-content\" ><img decoding=\"async\" src=\"https:\/\/l21.mx\/wp-content\/uploads\/2017\/10\/asur-terminal-4-e-585x390.jpg\" alt=\"\" title=\"asur-terminal-4-e\"><\/a><a class=\"penci-gallery-ite item-gallery-justified\" href=\"https:\/\/l21.mx\/wp-content\/uploads\/2017\/10\/asur-terminal-4-d.jpg\" data-rel=\"penci-gallery-image-content\" ><img decoding=\"async\" src=\"https:\/\/l21.mx\/wp-content\/uploads\/2017\/10\/asur-terminal-4-d-585x390.jpg\" alt=\"\" title=\"asur-terminal-4-d\"><\/a><a class=\"penci-gallery-ite item-gallery-justified\" href=\"https:\/\/l21.mx\/wp-content\/uploads\/2017\/10\/asur-terminal-4-c.jpg\" data-rel=\"penci-gallery-image-content\" ><img decoding=\"async\" src=\"https:\/\/l21.mx\/wp-content\/uploads\/2017\/10\/asur-terminal-4-c-585x390.jpg\" alt=\"\" title=\"asur-terminal-4-c\"><\/a><a class=\"penci-gallery-ite item-gallery-justified\" href=\"https:\/\/l21.mx\/wp-content\/uploads\/2017\/10\/asur-terminal-4-b.jpg\" data-rel=\"penci-gallery-image-content\" ><img decoding=\"async\" src=\"https:\/\/l21.mx\/wp-content\/uploads\/2017\/10\/asur-terminal-4-b-585x390.jpg\" alt=\"\" title=\"asur-terminal-4-b\"><\/a><a class=\"penci-gallery-ite item-gallery-justified\" href=\"https:\/\/l21.mx\/wp-content\/uploads\/2017\/10\/asur-terminal-4-.jpg\" data-rel=\"penci-gallery-image-content\" ><img decoding=\"async\" src=\"https:\/\/l21.mx\/wp-content\/uploads\/2017\/10\/asur-terminal-4--585x390.jpg\" alt=\"\" title=\"asur-terminal-4-\"><\/a><a class=\"penci-gallery-ite item-gallery-justified\" href=\"https:\/\/l21.mx\/wp-content\/uploads\/2017\/10\/asur-terminal-4.jpg\" data-rel=\"penci-gallery-image-content\" ><img decoding=\"async\" src=\"https:\/\/l21.mx\/wp-content\/uploads\/2017\/10\/asur-terminal-4-585x390.jpg\" alt=\"\" title=\"asur-terminal-4\"><\/a><\/div>\n<p>A pocos d\u00edas de la inauguraci\u00f3n y posterior puesta en marcha de la<strong> terminal 4<\/strong> del <strong>Aeropuerto Internacional de Canc\u00fan<\/strong>, Grupo<strong> Asu<\/strong>r realiz\u00f3 un \u2018open house\u2019, en el que todos los asistentes tuvieron la oportunidad de recorrer las nuevas instalaciones, as\u00ed como disfrutar de divertidos juegos y actividades para toda la familia.<\/p>\n<p>Es la primera vez que <strong>Aeropuertos del Sureste<\/strong> (Asur) realiza una actividad de este tipo, a la que asistieron cientos de personas, que no perdieron la oportunidad de conocer la terminal y todos los servicios que ofrecer\u00e1 en breve.<\/p>\n<p>Al respecto, <strong>Eduardo Rivadeneyra,<\/strong> vocero del aeropuerto coment\u00f3 la <strong>Terminal 4<\/strong> entrar\u00e1 en operaci\u00f3n a partir del 1 de noviembre, un d\u00eda despu\u00e9s de la inauguraci\u00f3n oficial por parte del presidente<strong> Enrique Pe\u00f1a Nieto.<\/strong><\/p>\n<p>Dicha terminal que se empez\u00f3 a construir hace casi dos a\u00f1os permitir\u00e1 crecer en nueve millones anuales el n\u00famero de pasajeros movilizados a trav\u00e9s del <strong>aeropuerto de Canc\u00fan<\/strong>, que con eso llegar\u00e1 a una capacidad de entre 33 y 34 millones de viajeros al a\u00f1o. El monto de inversi\u00f3n, seg\u00fan se dio a conocer durante el desarrollo del proyecto, fue de 200 mdd.<\/p>\n<p>En la nueva terminal operar\u00e1n las aerol\u00edneas nacionales <strong>Aerom\u00e9xico e Interjet,<\/strong> as\u00ed como las internacionales <strong>Air France, Lufthansa, Air Europa, Air Canada y Southwest,<\/strong> entre otras. <strong>(Antonia Rusca)<\/strong><\/p>\n","protected":false},"excerpt":{"rendered":"<p>A pocos d\u00edas de la inauguraci\u00f3n y posterior puesta en marcha de la terminal 4 del&hellip;<\/p>\n","protected":false},"author":2,"featured_media":29623,"comment_status":"open","ping_status":"open","sticky":false,"template":"","format":"standard","meta":{"_acf_changed":false,"_lmt_disableupdate":"","_lmt_disable":"","_mbp_gutenberg_autopost":false,"footnotes":""},"categories":[23,1,8],"tags":[],"class_list":["post-29617","post","type-post","status-publish","format-standard","has-post-thumbnail","hentry","category-noticias","category-sin-categoria","category-turismo"],"acf":[],"_links":{"self":[{"href":"https:\/\/l21.mx\/index.php?rest_route=\/wp\/v2\/posts\/29617","targetHints":{"allow":["GET"]}}],"collection":[{"href":"https:\/\/l21.mx\/index.php?rest_route=\/wp\/v2\/posts"}],"about":[{"href":"https:\/\/l21.mx\/index.php?rest_route=\/wp\/v2\/types\/post"}],"author":[{"embeddable":true,"href":"https:\/\/l21.mx\/index.php?rest_route=\/wp\/v2\/users\/2"}],"replies":[{"embeddable":true,"href":"https:\/\/l21.mx\/index.php?rest_route=%2Fwp%2Fv2%2Fcomments&post=29617"}],"version-history":[{"count":0,"href":"https:\/\/l21.mx\/index.php?rest_route=\/wp\/v2\/posts\/29617\/revisions"}],"wp:featuredmedia":[{"embeddable":true,"href":"https:\/\/l21.mx\/index.php?rest_route=\/wp\/v2\/media\/29623"}],"wp:attachment":[{"href":"https:\/\/l21.mx\/index.php?rest_route=%2Fwp%2Fv2%2Fmedia&parent=29617"}],"wp:term":[{"taxonomy":"category","embeddable":true,"href":"https:\/\/l21.mx\/index.php?rest_route=%2Fwp%2Fv2%2Fcategories&post=29617"},{"taxonomy":"post_tag","embeddable":true,"href":"https:\/\/l21.mx\/index.php?rest_route=%2Fwp%2Fv2%2Ftags&post=29617"}],"curies":[{"name":"wp","href":"https:\/\/api.w.org\/{rel}","templated":true}]}}