{"id":29637,"date":"2017-10-30T12:40:03","date_gmt":"2017-10-30T17:40:03","guid":{"rendered":"http:\/\/innovatori.space\/lat21\/?p=29637"},"modified":"2017-10-30T12:40:13","modified_gmt":"2017-10-30T17:40:13","slug":"tendenza-hair-studio-salon","status":"publish","type":"post","link":"https:\/\/l21.mx\/?p=29637","title":{"rendered":"\u2b06\u2b06 Tendenza\u00a0Hair Studio Sal\u00f3n"},"content":{"rendered":"<p><a href=\"http:\/\/l21.mx\/wp-content\/uploads\/2017\/10\/tendeza.jpg\" data-rel=\"penci-gallery-image-content\" ><img fetchpriority=\"high\" decoding=\"async\" class=\"alignleft size-large wp-image-29632\" src=\"http:\/\/l21.mx\/wp-content\/uploads\/2017\/10\/tendeza-1024x683.jpg\" alt=\"\" width=\"1024\" height=\"683\" srcset=\"https:\/\/l21.mx\/wp-content\/uploads\/2017\/10\/tendeza-1024x683.jpg 1024w, https:\/\/l21.mx\/wp-content\/uploads\/2017\/10\/tendeza-300x200.jpg 300w, https:\/\/l21.mx\/wp-content\/uploads\/2017\/10\/tendeza-768x512.jpg 768w, https:\/\/l21.mx\/wp-content\/uploads\/2017\/10\/tendeza-1170x780.jpg 1170w, https:\/\/l21.mx\/wp-content\/uploads\/2017\/10\/tendeza-585x390.jpg 585w, https:\/\/l21.mx\/wp-content\/uploads\/2017\/10\/tendeza-263x175.jpg 263w, https:\/\/l21.mx\/wp-content\/uploads\/2017\/10\/tendeza.jpg 1200w\" sizes=\"(max-width: 1024px) 100vw, 1024px\" \/><\/a><\/p>\n<p>Inicia operaciones con m\u00faltiples servicios de atenci\u00f3n a la belleza, cosm\u00e9tica y cuidado personal, los cuales se enfocan en depilaci\u00f3n, tratamientos capilares, pedicura y manicura. Superficie, 50 m2. Genera cinco empleos directos. Av. Huayac\u00e1n, lote 8, local 4, Mza. 134, SM 313, entre las calles Tulipanes y Girasoles. Plaza Punto Vieira. Tel. (998) 179-38-39. Facebook: Tendenza hair studio salon<\/p>\n","protected":false},"excerpt":{"rendered":"<p>Inicia operaciones con m\u00faltiples servicios de atenci\u00f3n a la belleza, cosm\u00e9tica y cuidado personal, los cuales&hellip;<\/p>\n","protected":false},"author":2,"featured_media":0,"comment_status":"open","ping_status":"open","sticky":false,"template":"","format":"standard","meta":{"_acf_changed":false,"_lmt_disableupdate":"","_lmt_disable":"","_mbp_gutenberg_autopost":false,"footnotes":""},"categories":[10],"tags":[],"class_list":["post-29637","post","type-post","status-publish","format-standard","hentry","category-sube-y-baja"],"acf":[],"_links":{"self":[{"href":"https:\/\/l21.mx\/index.php?rest_route=\/wp\/v2\/posts\/29637","targetHints":{"allow":["GET"]}}],"collection":[{"href":"https:\/\/l21.mx\/index.php?rest_route=\/wp\/v2\/posts"}],"about":[{"href":"https:\/\/l21.mx\/index.php?rest_route=\/wp\/v2\/types\/post"}],"author":[{"embeddable":true,"href":"https:\/\/l21.mx\/index.php?rest_route=\/wp\/v2\/users\/2"}],"replies":[{"embeddable":true,"href":"https:\/\/l21.mx\/index.php?rest_route=%2Fwp%2Fv2%2Fcomments&post=29637"}],"version-history":[{"count":0,"href":"https:\/\/l21.mx\/index.php?rest_route=\/wp\/v2\/posts\/29637\/revisions"}],"wp:attachment":[{"href":"https:\/\/l21.mx\/index.php?rest_route=%2Fwp%2Fv2%2Fmedia&parent=29637"}],"wp:term":[{"taxonomy":"category","embeddable":true,"href":"https:\/\/l21.mx\/index.php?rest_route=%2Fwp%2Fv2%2Fcategories&post=29637"},{"taxonomy":"post_tag","embeddable":true,"href":"https:\/\/l21.mx\/index.php?rest_route=%2Fwp%2Fv2%2Ftags&post=29637"}],"curies":[{"name":"wp","href":"https:\/\/api.w.org\/{rel}","templated":true}]}}