{"id":2972,"date":"2013-06-05T12:07:55","date_gmt":"2013-06-05T17:07:55","guid":{"rendered":"http:\/\/innovatori.space\/lat21\/?p=2972"},"modified":"2013-08-01T10:43:31","modified_gmt":"2013-08-01T15:43:31","slug":"nace-no-renace","status":"publish","type":"post","link":"https:\/\/l21.mx\/?p=2972","title":{"rendered":"Nace, no renace"},"content":{"rendered":"<p><strong>Canc\u00fan iTips Riviera\u00a0Maya &amp; Yucat\u00e1n es\u00a0la nueva propuesta de\u00a0Grupo Editorial Latitud 21 (GEL), gu\u00eda tur\u00edstica\u00a0biling\u00fce cuyo ingreso\u00a0se registra a partir del\u00a0mes de mayo pasado<\/strong><\/p>\n<p><a href=\"http:\/\/l21.mx\/wp-content\/uploads\/2013\/06\/forro.jpg\" data-rel=\"penci-gallery-image-content\" ><img fetchpriority=\"high\" decoding=\"async\" class=\"alignleft size-medium wp-image-2976\" title=\"forro\" src=\"http:\/\/l21.mx\/wp-content\/uploads\/2013\/06\/forro-220x300.jpg\" alt=\"\" width=\"220\" height=\"300\" srcset=\"https:\/\/l21.mx\/wp-content\/uploads\/2013\/06\/forro-220x300.jpg 220w, https:\/\/l21.mx\/wp-content\/uploads\/2013\/06\/forro-62x85.jpg 62w, https:\/\/l21.mx\/wp-content\/uploads\/2013\/06\/forro-600x816.jpg 600w, https:\/\/l21.mx\/wp-content\/uploads\/2013\/06\/forro-167x227.jpg 167w, https:\/\/l21.mx\/wp-content\/uploads\/2013\/06\/forro-80x108.jpg 80w, https:\/\/l21.mx\/wp-content\/uploads\/2013\/06\/forro.jpg 744w\" sizes=\"(max-width: 220px) 100vw, 220px\" \/><\/a>\u201cTras 10 a\u00f1os en la industria editorial, Grupo Editorial Latitud21 (GEL) concibe un producto para posicionarlo como la gu\u00eda oficial del turista en el Caribe mexicano, y difundir sus multidestinos entre los visitantes nacionales e internacionales, haciendo sinergia con el vecino estado de Yucat\u00e1n, a trav\u00e9s de una amplia red de distribuci\u00f3n conformada por hoteles, agencias de viajes, transportadoras y centros de consumo, asegurando as\u00ed que durante su estad\u00eda sea para el turista su mejor punto de referencia, incrementando de esta manera las ventas de anunciantes\u201d, refiere Mariana Orea, directora ejecutiva del grupo editorial.<\/p>\n<p>Entre sus objetivos, <em>Canc\u00fan iTips Riviera Maya &amp; Yucat\u00e1<\/em>n busca descubrir de cada destino su personalidad y atractivos a trav\u00e9s de mapas que permiten al turista ubicarlos f\u00e1cilmente y al mismo tiempo expandir su visi\u00f3n en torno a la geograf\u00eda de la regi\u00f3n a fin de complementar su estad\u00eda con la visita de sitios de inter\u00e9s, ya que la oferta es tan vasta que no s\u00f3lo se enfoca al turismo de sol y playa, sino tambi\u00e9n al de aventura, compras, golf y cultural.<\/p>\n<p><a href=\"http:\/\/l21.mx\/wp-content\/uploads\/2013\/06\/tips77.jpg\" data-rel=\"penci-gallery-image-content\" ><img decoding=\"async\" class=\"alignleft size-medium wp-image-2977\" title=\"tips77\" src=\"http:\/\/l21.mx\/wp-content\/uploads\/2013\/06\/tips77-220x300.jpg\" alt=\"\" width=\"220\" height=\"300\" srcset=\"https:\/\/l21.mx\/wp-content\/uploads\/2013\/06\/tips77-220x300.jpg 220w, https:\/\/l21.mx\/wp-content\/uploads\/2013\/06\/tips77-751x1024.jpg 751w, https:\/\/l21.mx\/wp-content\/uploads\/2013\/06\/tips77-62x85.jpg 62w, https:\/\/l21.mx\/wp-content\/uploads\/2013\/06\/tips77-600x818.jpg 600w, https:\/\/l21.mx\/wp-content\/uploads\/2013\/06\/tips77-167x227.jpg 167w, https:\/\/l21.mx\/wp-content\/uploads\/2013\/06\/tips77-80x109.jpg 80w, https:\/\/l21.mx\/wp-content\/uploads\/2013\/06\/tips77.jpg 1500w\" sizes=\"(max-width: 220px) 100vw, 220px\" \/><\/a>Asimismo, Mariana Orea afirma: \u201c<em>Canc\u00fan iTips Riviera Maya &amp; Yucat\u00e1n<\/em> pretende promover y reforzar los m\u00e1s importantes clubes de producto a trav\u00e9s de rutas que muestran la extraordinaria gastronom\u00eda, los 13 campos de golf de dise\u00f1ador con sus desaf\u00edos, delfinarios, restaurantes, discotecas, playas y parques tem\u00e1ticos con los que cuenta el destino, as\u00ed como los vestigios de la cultura maya, incluyendo la Ruta Puuc, de tal forma que se potencializa la diversidad de la zona\u201d.<\/p>\n<p>Finalmente, la ejecutiva comenta que se proyecta en fases posteriores una expansi\u00f3n \u201cen un inicio peninsular, que incluya Campeche, una entidad que actualmente tiene un crecimiento importante, y que tiene sed de empezar a desarrollar su vocaci\u00f3n tur\u00edstica, como Yucat\u00e1n hace un sexenio, con el apoyo de Quintana Roo, que genera casi el 90 por ciento de tr\u00e1fico tur\u00edstico. Posteriormente la intenci\u00f3n es integrar a Centroam\u00e9rica a trav\u00e9s del Mundo Maya\u201d.<\/p>\n<p><a href=\"http:\/\/l21.mx\/wp-content\/uploads\/2013\/06\/tips90.jpg\" data-rel=\"penci-gallery-image-content\" ><img decoding=\"async\" class=\"alignleft size-medium wp-image-2978\" title=\"tips90\" src=\"http:\/\/l21.mx\/wp-content\/uploads\/2013\/06\/tips90-300x204.jpg\" alt=\"\" width=\"300\" height=\"204\" srcset=\"https:\/\/l21.mx\/wp-content\/uploads\/2013\/06\/tips90-300x204.jpg 300w, https:\/\/l21.mx\/wp-content\/uploads\/2013\/06\/tips90-1024x698.jpg 1024w, https:\/\/l21.mx\/wp-content\/uploads\/2013\/06\/tips90-124x85.jpg 124w, https:\/\/l21.mx\/wp-content\/uploads\/2013\/06\/tips90-600x409.jpg 600w, https:\/\/l21.mx\/wp-content\/uploads\/2013\/06\/tips90-167x113.jpg 167w, https:\/\/l21.mx\/wp-content\/uploads\/2013\/06\/tips90-80x54.jpg 80w\" sizes=\"(max-width: 300px) 100vw, 300px\" \/><\/a><\/p>\n<p>&nbsp;<\/p>\n<p>&nbsp;<\/p>\n<p>&nbsp;<\/p>\n<p>&nbsp;<\/p>\n<p>&nbsp;<\/p>\n<p>&nbsp;<\/p>\n<p>[editor]empresas-y-negocios[\/editor]<\/p>\n<div><\/div>\n","protected":false},"excerpt":{"rendered":"<p>Canc\u00fan iTips Riviera\u00a0Maya &amp; Yucat\u00e1n es\u00a0la nueva propuesta de\u00a0Grupo Editorial Latitud 21 (GEL), gu\u00eda tur\u00edstica\u00a0biling\u00fce cuyo&hellip;<\/p>\n","protected":false},"author":69,"featured_media":2979,"comment_status":"open","ping_status":"open","sticky":false,"template":"","format":"standard","meta":{"_acf_changed":false,"_lmt_disableupdate":"","_lmt_disable":"","_mbp_gutenberg_autopost":false,"footnotes":""},"categories":[4,8],"tags":[63,65,166,62,48,64,61],"class_list":["post-2972","post","type-post","status-publish","format-standard","has-post-thumbnail","hentry","category-empresas-y-negocios","category-turismo","tag-caribe-mexicano","tag-grupo-editorial-latitud21","tag-grupo-editorial-latitud21-revista-empresarial","tag-revista-latitud21","tag-cancun","tag-latitud-21","tag-latitud21"],"acf":[],"yoast_head":"<!-- This site is optimized with the Yoast SEO plugin v27.5 - https:\/\/yoast.com\/product\/yoast-seo-wordpress\/ -->\n<title>Nace, no renace | Revista Latitud 21<\/title>\n<meta name=\"description\" content=\"L21, Emprendedores y Negocios en el Caribe Mexicano, es la revista l\u00edder entre el Sector Empresarial y Tur\u00edstico del Caribe Mexicano.\" \/>\n<meta name=\"robots\" content=\"index, follow, max-snippet:-1, max-image-preview:large, max-video-preview:-1\" \/>\n<link rel=\"canonical\" href=\"https:\/\/l21.mx\/?p=2972\" \/>\n<meta name=\"twitter:card\" content=\"summary_large_image\" \/>\n<meta name=\"twitter:title\" content=\"Nace, no renace | Revista Latitud 21\" \/>\n<meta name=\"twitter:description\" content=\"L21, Emprendedores y Negocios en el Caribe Mexicano, es la revista l\u00edder entre el Sector Empresarial y Tur\u00edstico del Caribe Mexicano.\" \/>\n<meta name=\"twitter:image\" content=\"https:\/\/l21.mx\/wp-content\/uploads\/2013\/06\/cancun-itips1.jpg\" \/>\n<meta name=\"twitter:creator\" content=\"@Latitud21mx\" \/>\n<meta name=\"twitter:site\" content=\"@Latitud21mx\" \/>\n<meta name=\"twitter:label1\" content=\"Escrito por\" \/>\n\t<meta name=\"twitter:data1\" content=\"Redacci\u00f3n\" \/>\n\t<meta name=\"twitter:label2\" content=\"Tiempo de lectura\" \/>\n\t<meta name=\"twitter:data2\" content=\"2 minutos\" \/>\n<script type=\"application\/ld+json\" class=\"yoast-schema-graph\">{\"@context\":\"https:\\\/\\\/schema.org\",\"@graph\":[{\"@type\":\"Article\",\"@id\":\"https:\\\/\\\/l21.mx\\\/?p=2972#article\",\"isPartOf\":{\"@id\":\"https:\\\/\\\/l21.mx\\\/?p=2972\"},\"author\":{\"name\":\"Redacci\u00f3n\",\"@id\":\"https:\\\/\\\/l21.mx\\\/#\\\/schema\\\/person\\\/066641669c6ee7227953da2a023ebcde\"},\"headline\":\"Nace, no renace\",\"datePublished\":\"2013-06-05T17:07:55+00:00\",\"dateModified\":\"2013-08-01T15:43:31+00:00\",\"mainEntityOfPage\":{\"@id\":\"https:\\\/\\\/l21.mx\\\/?p=2972\"},\"wordCount\":400,\"commentCount\":0,\"publisher\":{\"@id\":\"https:\\\/\\\/l21.mx\\\/#organization\"},\"image\":{\"@id\":\"https:\\\/\\\/l21.mx\\\/?p=2972#primaryimage\"},\"thumbnailUrl\":\"https:\\\/\\\/l21.mx\\\/wp-content\\\/uploads\\\/2013\\\/06\\\/cancun-itips1.jpg\",\"keywords\":[\"\\\"Caribe Mexicano\\\"\",\"\\\"Grupo editorial Latitud21\\\"\",\"\\\"Grupo editorial Latitud21\\\" revista empresarial\",\"\\\"revista latitud21\\\"\",\"Cancun\",\"latitud 21\",\"latitud21\"],\"articleSection\":[\"Empresas y Negocios\",\"Turismo\"],\"inLanguage\":\"es\",\"potentialAction\":[{\"@type\":\"CommentAction\",\"name\":\"Comment\",\"target\":[\"https:\\\/\\\/l21.mx\\\/?p=2972#respond\"]}]},{\"@type\":\"WebPage\",\"@id\":\"https:\\\/\\\/l21.mx\\\/?p=2972\",\"url\":\"https:\\\/\\\/l21.mx\\\/?p=2972\",\"name\":\"Nace, no renace | Revista Latitud 21\",\"isPartOf\":{\"@id\":\"https:\\\/\\\/l21.mx\\\/#website\"},\"primaryImageOfPage\":{\"@id\":\"https:\\\/\\\/l21.mx\\\/?p=2972#primaryimage\"},\"image\":{\"@id\":\"https:\\\/\\\/l21.mx\\\/?p=2972#primaryimage\"},\"thumbnailUrl\":\"https:\\\/\\\/l21.mx\\\/wp-content\\\/uploads\\\/2013\\\/06\\\/cancun-itips1.jpg\",\"datePublished\":\"2013-06-05T17:07:55+00:00\",\"dateModified\":\"2013-08-01T15:43:31+00:00\",\"description\":\"L21, Emprendedores y Negocios en el Caribe Mexicano, es la revista l\u00edder entre el Sector Empresarial y Tur\u00edstico del Caribe Mexicano.\",\"breadcrumb\":{\"@id\":\"https:\\\/\\\/l21.mx\\\/?p=2972#breadcrumb\"},\"inLanguage\":\"es\",\"potentialAction\":[{\"@type\":\"ReadAction\",\"target\":[\"https:\\\/\\\/l21.mx\\\/?p=2972\"]}]},{\"@type\":\"ImageObject\",\"inLanguage\":\"es\",\"@id\":\"https:\\\/\\\/l21.mx\\\/?p=2972#primaryimage\",\"url\":\"https:\\\/\\\/l21.mx\\\/wp-content\\\/uploads\\\/2013\\\/06\\\/cancun-itips1.jpg\",\"contentUrl\":\"https:\\\/\\\/l21.mx\\\/wp-content\\\/uploads\\\/2013\\\/06\\\/cancun-itips1.jpg\",\"width\":\"167\",\"height\":\"108\"},{\"@type\":\"BreadcrumbList\",\"@id\":\"https:\\\/\\\/l21.mx\\\/?p=2972#breadcrumb\",\"itemListElement\":[{\"@type\":\"ListItem\",\"position\":1,\"name\":\"Portada\",\"item\":\"https:\\\/\\\/l21.mx\\\/\"},{\"@type\":\"ListItem\",\"position\":2,\"name\":\"Nace, no renace\"}]},{\"@type\":\"WebSite\",\"@id\":\"https:\\\/\\\/l21.mx\\\/#website\",\"url\":\"https:\\\/\\\/l21.mx\\\/\",\"name\":\"Revista Latitud 21\",\"description\":\"Emprendedores  y negocios en el Caribe Mexicano\",\"publisher\":{\"@id\":\"https:\\\/\\\/l21.mx\\\/#organization\"},\"potentialAction\":[{\"@type\":\"SearchAction\",\"target\":{\"@type\":\"EntryPoint\",\"urlTemplate\":\"https:\\\/\\\/l21.mx\\\/?s={search_term_string}\"},\"query-input\":{\"@type\":\"PropertyValueSpecification\",\"valueRequired\":true,\"valueName\":\"search_term_string\"}}],\"inLanguage\":\"es\"},{\"@type\":\"Organization\",\"@id\":\"https:\\\/\\\/l21.mx\\\/#organization\",\"name\":\"Grupo Editorial Latitud 21 SA de CV\",\"url\":\"https:\\\/\\\/l21.mx\\\/\",\"logo\":{\"@type\":\"ImageObject\",\"inLanguage\":\"es\",\"@id\":\"https:\\\/\\\/l21.mx\\\/#\\\/schema\\\/logo\\\/image\\\/\",\"url\":\"https:\\\/\\\/l21.mx\\\/wp-content\\\/uploads\\\/2020\\\/10\\\/logo-l21-baja.jpg\",\"contentUrl\":\"https:\\\/\\\/l21.mx\\\/wp-content\\\/uploads\\\/2020\\\/10\\\/logo-l21-baja.jpg\",\"width\":250,\"height\":250,\"caption\":\"Grupo Editorial Latitud 21 SA de CV\"},\"image\":{\"@id\":\"https:\\\/\\\/l21.mx\\\/#\\\/schema\\\/logo\\\/image\\\/\"},\"sameAs\":[\"https:\\\/\\\/www.facebook.com\\\/RevistaLatitud21\\\/\",\"https:\\\/\\\/x.com\\\/Latitud21mx\"]},{\"@type\":\"Person\",\"@id\":\"https:\\\/\\\/l21.mx\\\/#\\\/schema\\\/person\\\/066641669c6ee7227953da2a023ebcde\",\"name\":\"Redacci\u00f3n\",\"url\":\"https:\\\/\\\/l21.mx\\\/?author=69\"}]}<\/script>\n<!-- \/ Yoast SEO plugin. -->","yoast_head_json":{"title":"Nace, no renace | Revista Latitud 21","description":"L21, Emprendedores y Negocios en el Caribe Mexicano, es la revista l\u00edder entre el Sector Empresarial y Tur\u00edstico del Caribe Mexicano.","robots":{"index":"index","follow":"follow","max-snippet":"max-snippet:-1","max-image-preview":"max-image-preview:large","max-video-preview":"max-video-preview:-1"},"canonical":"https:\/\/l21.mx\/?p=2972","twitter_card":"summary_large_image","twitter_title":"Nace, no renace | Revista Latitud 21","twitter_description":"L21, Emprendedores y Negocios en el Caribe Mexicano, es la revista l\u00edder entre el Sector Empresarial y Tur\u00edstico del Caribe Mexicano.","twitter_image":"https:\/\/l21.mx\/wp-content\/uploads\/2013\/06\/cancun-itips1.jpg","twitter_creator":"@Latitud21mx","twitter_site":"@Latitud21mx","twitter_misc":{"Escrito por":"Redacci\u00f3n","Tiempo de lectura":"2 minutos"},"schema":{"@context":"https:\/\/schema.org","@graph":[{"@type":"Article","@id":"https:\/\/l21.mx\/?p=2972#article","isPartOf":{"@id":"https:\/\/l21.mx\/?p=2972"},"author":{"name":"Redacci\u00f3n","@id":"https:\/\/l21.mx\/#\/schema\/person\/066641669c6ee7227953da2a023ebcde"},"headline":"Nace, no renace","datePublished":"2013-06-05T17:07:55+00:00","dateModified":"2013-08-01T15:43:31+00:00","mainEntityOfPage":{"@id":"https:\/\/l21.mx\/?p=2972"},"wordCount":400,"commentCount":0,"publisher":{"@id":"https:\/\/l21.mx\/#organization"},"image":{"@id":"https:\/\/l21.mx\/?p=2972#primaryimage"},"thumbnailUrl":"https:\/\/l21.mx\/wp-content\/uploads\/2013\/06\/cancun-itips1.jpg","keywords":["\"Caribe Mexicano\"","\"Grupo editorial Latitud21\"","\"Grupo editorial Latitud21\" revista empresarial","\"revista latitud21\"","Cancun","latitud 21","latitud21"],"articleSection":["Empresas y Negocios","Turismo"],"inLanguage":"es","potentialAction":[{"@type":"CommentAction","name":"Comment","target":["https:\/\/l21.mx\/?p=2972#respond"]}]},{"@type":"WebPage","@id":"https:\/\/l21.mx\/?p=2972","url":"https:\/\/l21.mx\/?p=2972","name":"Nace, no renace | Revista Latitud 21","isPartOf":{"@id":"https:\/\/l21.mx\/#website"},"primaryImageOfPage":{"@id":"https:\/\/l21.mx\/?p=2972#primaryimage"},"image":{"@id":"https:\/\/l21.mx\/?p=2972#primaryimage"},"thumbnailUrl":"https:\/\/l21.mx\/wp-content\/uploads\/2013\/06\/cancun-itips1.jpg","datePublished":"2013-06-05T17:07:55+00:00","dateModified":"2013-08-01T15:43:31+00:00","description":"L21, Emprendedores y Negocios en el Caribe Mexicano, es la revista l\u00edder entre el Sector Empresarial y Tur\u00edstico del Caribe Mexicano.","breadcrumb":{"@id":"https:\/\/l21.mx\/?p=2972#breadcrumb"},"inLanguage":"es","potentialAction":[{"@type":"ReadAction","target":["https:\/\/l21.mx\/?p=2972"]}]},{"@type":"ImageObject","inLanguage":"es","@id":"https:\/\/l21.mx\/?p=2972#primaryimage","url":"https:\/\/l21.mx\/wp-content\/uploads\/2013\/06\/cancun-itips1.jpg","contentUrl":"https:\/\/l21.mx\/wp-content\/uploads\/2013\/06\/cancun-itips1.jpg","width":"167","height":"108"},{"@type":"BreadcrumbList","@id":"https:\/\/l21.mx\/?p=2972#breadcrumb","itemListElement":[{"@type":"ListItem","position":1,"name":"Portada","item":"https:\/\/l21.mx\/"},{"@type":"ListItem","position":2,"name":"Nace, no renace"}]},{"@type":"WebSite","@id":"https:\/\/l21.mx\/#website","url":"https:\/\/l21.mx\/","name":"Revista Latitud 21","description":"Emprendedores  y negocios en el Caribe Mexicano","publisher":{"@id":"https:\/\/l21.mx\/#organization"},"potentialAction":[{"@type":"SearchAction","target":{"@type":"EntryPoint","urlTemplate":"https:\/\/l21.mx\/?s={search_term_string}"},"query-input":{"@type":"PropertyValueSpecification","valueRequired":true,"valueName":"search_term_string"}}],"inLanguage":"es"},{"@type":"Organization","@id":"https:\/\/l21.mx\/#organization","name":"Grupo Editorial Latitud 21 SA de CV","url":"https:\/\/l21.mx\/","logo":{"@type":"ImageObject","inLanguage":"es","@id":"https:\/\/l21.mx\/#\/schema\/logo\/image\/","url":"https:\/\/l21.mx\/wp-content\/uploads\/2020\/10\/logo-l21-baja.jpg","contentUrl":"https:\/\/l21.mx\/wp-content\/uploads\/2020\/10\/logo-l21-baja.jpg","width":250,"height":250,"caption":"Grupo Editorial Latitud 21 SA de CV"},"image":{"@id":"https:\/\/l21.mx\/#\/schema\/logo\/image\/"},"sameAs":["https:\/\/www.facebook.com\/RevistaLatitud21\/","https:\/\/x.com\/Latitud21mx"]},{"@type":"Person","@id":"https:\/\/l21.mx\/#\/schema\/person\/066641669c6ee7227953da2a023ebcde","name":"Redacci\u00f3n","url":"https:\/\/l21.mx\/?author=69"}]}},"amp_enabled":true,"_links":{"self":[{"href":"https:\/\/l21.mx\/index.php?rest_route=\/wp\/v2\/posts\/2972","targetHints":{"allow":["GET"]}}],"collection":[{"href":"https:\/\/l21.mx\/index.php?rest_route=\/wp\/v2\/posts"}],"about":[{"href":"https:\/\/l21.mx\/index.php?rest_route=\/wp\/v2\/types\/post"}],"author":[{"embeddable":true,"href":"https:\/\/l21.mx\/index.php?rest_route=\/wp\/v2\/users\/69"}],"replies":[{"embeddable":true,"href":"https:\/\/l21.mx\/index.php?rest_route=%2Fwp%2Fv2%2Fcomments&post=2972"}],"version-history":[{"count":0,"href":"https:\/\/l21.mx\/index.php?rest_route=\/wp\/v2\/posts\/2972\/revisions"}],"wp:featuredmedia":[{"embeddable":true,"href":"https:\/\/l21.mx\/index.php?rest_route=\/wp\/v2\/media\/2979"}],"wp:attachment":[{"href":"https:\/\/l21.mx\/index.php?rest_route=%2Fwp%2Fv2%2Fmedia&parent=2972"}],"wp:term":[{"taxonomy":"category","embeddable":true,"href":"https:\/\/l21.mx\/index.php?rest_route=%2Fwp%2Fv2%2Fcategories&post=2972"},{"taxonomy":"post_tag","embeddable":true,"href":"https:\/\/l21.mx\/index.php?rest_route=%2Fwp%2Fv2%2Ftags&post=2972"}],"curies":[{"name":"wp","href":"https:\/\/api.w.org\/{rel}","templated":true}]}}