{"id":29732,"date":"2017-10-31T19:20:11","date_gmt":"2017-11-01T00:20:11","guid":{"rendered":"http:\/\/innovatori.space\/lat21\/?p=29732"},"modified":"2017-10-31T19:20:11","modified_gmt":"2017-11-01T00:20:11","slug":"interjet-cancela-rutas-a-cuatro-destinos","status":"publish","type":"post","link":"https:\/\/l21.mx\/?p=29732","title":{"rendered":"INTERJET CANCELA RUTAS A CUATRO DESTINOS"},"content":{"rendered":"<p>&nbsp;<\/p>\n<p><a href=\"http:\/\/l21.mx\/wp-content\/uploads\/2017\/04\/A320neo-MSN7523-Interjet-take-off-012.jpg\" data-rel=\"penci-gallery-image-content\" ><img fetchpriority=\"high\" decoding=\"async\" class=\"aligncenter size-large wp-image-25475\" src=\"http:\/\/l21.mx\/wp-content\/uploads\/2017\/04\/A320neo-MSN7523-Interjet-take-off-012-1024x712.jpg\" alt=\"\" width=\"1024\" height=\"712\" \/><\/a><\/p>\n<p>Ciudad de M\u00e9xico. La aerol\u00ednea Interjet inform\u00f3 que a partir del 1 de noviembre dejar\u00e1 de prestar servicio en las rutas entre la Ciudad de M\u00e9xico y Aguascalientes, Campeche, La Paz, Minatitl\u00e1n y Reynosa.<br \/>\nPrecis\u00f3 que esta situaci\u00f3n obedece exclusivamente a una reducci\u00f3n en el n\u00famero de slots en el Aeropuerto Internacional de la Ciudad de M\u00e9xico, comparado contra los que oper\u00f3 el a\u00f1o pasado. La administraci\u00f3n del AICM confirm\u00f3 a Interjet que como resultado del proceso de reordenamiento de los slots, deber\u00e1 reducir sus operaciones desde y hacia ese aeropuerto.<br \/>\nInterjet entr\u00f3 a estas rutas hace entre 3 y 4 a\u00f1os; invirti\u00f3 sumas considerables en los procesos de apertura de mercados, abri\u00f3 la competencia, redujo los precios y elev\u00f3 la calidad en el servicio.<\/p>\n<p>Esta regresi\u00f3n dejar\u00e1 al p\u00fablico usuario en condiciones de nula o m\u00ednima competencia; circunstancia que ya hab\u00edamos superado en beneficio del p\u00fablico usuario.<br \/>\nDe no habrt tal reducci\u00f3n de slots, el p\u00fablico continuar\u00eda disfrutando de nuestro servicio sin afectaci\u00f3n alguna.<\/p>\n<p>&nbsp;<\/p>\n","protected":false},"excerpt":{"rendered":"<p>&nbsp; Ciudad de M\u00e9xico. La aerol\u00ednea Interjet inform\u00f3 que a partir del 1 de noviembre dejar\u00e1&hellip;<\/p>\n","protected":false},"author":2,"featured_media":0,"comment_status":"open","ping_status":"open","sticky":false,"template":"","format":"standard","meta":{"_acf_changed":false,"_lmt_disableupdate":"","_lmt_disable":"","_mbp_gutenberg_autopost":false,"footnotes":""},"categories":[23,8],"tags":[],"class_list":["post-29732","post","type-post","status-publish","format-standard","hentry","category-noticias","category-turismo"],"acf":[],"_links":{"self":[{"href":"https:\/\/l21.mx\/index.php?rest_route=\/wp\/v2\/posts\/29732","targetHints":{"allow":["GET"]}}],"collection":[{"href":"https:\/\/l21.mx\/index.php?rest_route=\/wp\/v2\/posts"}],"about":[{"href":"https:\/\/l21.mx\/index.php?rest_route=\/wp\/v2\/types\/post"}],"author":[{"embeddable":true,"href":"https:\/\/l21.mx\/index.php?rest_route=\/wp\/v2\/users\/2"}],"replies":[{"embeddable":true,"href":"https:\/\/l21.mx\/index.php?rest_route=%2Fwp%2Fv2%2Fcomments&post=29732"}],"version-history":[{"count":0,"href":"https:\/\/l21.mx\/index.php?rest_route=\/wp\/v2\/posts\/29732\/revisions"}],"wp:attachment":[{"href":"https:\/\/l21.mx\/index.php?rest_route=%2Fwp%2Fv2%2Fmedia&parent=29732"}],"wp:term":[{"taxonomy":"category","embeddable":true,"href":"https:\/\/l21.mx\/index.php?rest_route=%2Fwp%2Fv2%2Fcategories&post=29732"},{"taxonomy":"post_tag","embeddable":true,"href":"https:\/\/l21.mx\/index.php?rest_route=%2Fwp%2Fv2%2Ftags&post=29732"}],"curies":[{"name":"wp","href":"https:\/\/api.w.org\/{rel}","templated":true}]}}