{"id":29764,"date":"2017-11-06T13:16:18","date_gmt":"2017-11-06T18:16:18","guid":{"rendered":"http:\/\/innovatori.space\/lat21\/?p=29764"},"modified":"2017-11-06T13:20:44","modified_gmt":"2017-11-06T18:20:44","slug":"unifin-y-pro-quintana-roo-firman-convenio-de-colaboracion","status":"publish","type":"post","link":"https:\/\/l21.mx\/?p=29764","title":{"rendered":"Unifin y Pro Quintana Roo firman convenio de colaboraci\u00f3n"},"content":{"rendered":"<p><a href=\"http:\/\/l21.mx\/wp-content\/uploads\/2017\/11\/Unifin-y-Pro-Quintana-Roo-firman-convenio-de-colaboracion_.jpg\" data-rel=\"penci-gallery-image-content\" ><img fetchpriority=\"high\" decoding=\"async\" class=\"aligncenter size-large wp-image-29769\" src=\"http:\/\/l21.mx\/wp-content\/uploads\/2017\/11\/Unifin-y-Pro-Quintana-Roo-firman-convenio-de-colaboracion_-1024x683.jpg\" alt=\"\" width=\"1024\" height=\"683\" srcset=\"https:\/\/l21.mx\/wp-content\/uploads\/2017\/11\/Unifin-y-Pro-Quintana-Roo-firman-convenio-de-colaboracion_-1024x683.jpg 1024w, https:\/\/l21.mx\/wp-content\/uploads\/2017\/11\/Unifin-y-Pro-Quintana-Roo-firman-convenio-de-colaboracion_-300x200.jpg 300w, https:\/\/l21.mx\/wp-content\/uploads\/2017\/11\/Unifin-y-Pro-Quintana-Roo-firman-convenio-de-colaboracion_-768x512.jpg 768w, https:\/\/l21.mx\/wp-content\/uploads\/2017\/11\/Unifin-y-Pro-Quintana-Roo-firman-convenio-de-colaboracion_-1170x780.jpg 1170w, https:\/\/l21.mx\/wp-content\/uploads\/2017\/11\/Unifin-y-Pro-Quintana-Roo-firman-convenio-de-colaboracion_-585x390.jpg 585w, https:\/\/l21.mx\/wp-content\/uploads\/2017\/11\/Unifin-y-Pro-Quintana-Roo-firman-convenio-de-colaboracion_-263x175.jpg 263w, https:\/\/l21.mx\/wp-content\/uploads\/2017\/11\/Unifin-y-Pro-Quintana-Roo-firman-convenio-de-colaboracion_.jpg 1200w\" sizes=\"(max-width: 1024px) 100vw, 1024px\" \/><\/a> <a href=\"http:\/\/l21.mx\/wp-content\/uploads\/2017\/11\/Unifin-y-Pro-Quintana-Roo-firman-convenio-de-colaboracion.jpg\" data-rel=\"penci-gallery-image-content\" ><img decoding=\"async\" class=\"aligncenter size-large wp-image-29770\" src=\"http:\/\/l21.mx\/wp-content\/uploads\/2017\/11\/Unifin-y-Pro-Quintana-Roo-firman-convenio-de-colaboracion-1024x664.jpg\" alt=\"\" width=\"1024\" height=\"664\" srcset=\"https:\/\/l21.mx\/wp-content\/uploads\/2017\/11\/Unifin-y-Pro-Quintana-Roo-firman-convenio-de-colaboracion-1024x664.jpg 1024w, https:\/\/l21.mx\/wp-content\/uploads\/2017\/11\/Unifin-y-Pro-Quintana-Roo-firman-convenio-de-colaboracion-300x195.jpg 300w, https:\/\/l21.mx\/wp-content\/uploads\/2017\/11\/Unifin-y-Pro-Quintana-Roo-firman-convenio-de-colaboracion-768x498.jpg 768w, https:\/\/l21.mx\/wp-content\/uploads\/2017\/11\/Unifin-y-Pro-Quintana-Roo-firman-convenio-de-colaboracion-1170x759.jpg 1170w, https:\/\/l21.mx\/wp-content\/uploads\/2017\/11\/Unifin-y-Pro-Quintana-Roo-firman-convenio-de-colaboracion-585x379.jpg 585w, https:\/\/l21.mx\/wp-content\/uploads\/2017\/11\/Unifin-y-Pro-Quintana-Roo-firman-convenio-de-colaboracion.jpg 1200w\" sizes=\"(max-width: 1024px) 100vw, 1024px\" \/><\/a><\/p>\n<p>&nbsp;<\/p>\n<p>Bajo la premisa de promover e impulsar el desarrollo econ\u00f3mico mediante la promoci\u00f3n de estrategias de financiamiento para las Pymes de la entidad, Unifin Financiera y el Instituto para el Desarrollo y Financiamiento de Quintana Roo, mejor conocido como Pro Quintana Roo, firmaron un convenio de colaboraci\u00f3n.<\/p>\n<p>A trav\u00e9s de la coordinaci\u00f3n de esfuerzos Pro Quintana Roo y Unifin buscar\u00e1n la atracci\u00f3n de capitales p\u00fablicos y privados y a partir de esquemas de financiamiento atractivos que dinamicen de una manera ordena, sustentable y equitativa la potencialidad con la que cuenta la entidad.<\/p>\n<p>Al respecto, el director general de negocios de Unifin, Gerardo Tietzsch se\u00f1al\u00f3 que cuentan con un techo financiero de 10 mil millones de pesos para otorgar cr\u00e9ditos en el estado en los pr\u00f3ximos 18 meses.<\/p>\n<p>El directivo dej\u00f3 en claro que \u201cel financiamiento y arrendamiento puro constituyen un instrumento fundamental para el crecimiento, adem\u00e1s de que permite mejores condiciones de productividad y competitividad. (Antonia Rusca)<\/p>\n","protected":false},"excerpt":{"rendered":"<p>&nbsp; Bajo la premisa de promover e impulsar el desarrollo econ\u00f3mico mediante la promoci\u00f3n de estrategias&hellip;<\/p>\n","protected":false},"author":2,"featured_media":29770,"comment_status":"open","ping_status":"open","sticky":false,"template":"","format":"standard","meta":{"_acf_changed":false,"_lmt_disableupdate":"","_lmt_disable":"","_mbp_gutenberg_autopost":false,"footnotes":""},"categories":[4,23],"tags":[],"class_list":["post-29764","post","type-post","status-publish","format-standard","has-post-thumbnail","hentry","category-empresas-y-negocios","category-noticias"],"acf":[],"_links":{"self":[{"href":"https:\/\/l21.mx\/index.php?rest_route=\/wp\/v2\/posts\/29764","targetHints":{"allow":["GET"]}}],"collection":[{"href":"https:\/\/l21.mx\/index.php?rest_route=\/wp\/v2\/posts"}],"about":[{"href":"https:\/\/l21.mx\/index.php?rest_route=\/wp\/v2\/types\/post"}],"author":[{"embeddable":true,"href":"https:\/\/l21.mx\/index.php?rest_route=\/wp\/v2\/users\/2"}],"replies":[{"embeddable":true,"href":"https:\/\/l21.mx\/index.php?rest_route=%2Fwp%2Fv2%2Fcomments&post=29764"}],"version-history":[{"count":0,"href":"https:\/\/l21.mx\/index.php?rest_route=\/wp\/v2\/posts\/29764\/revisions"}],"wp:featuredmedia":[{"embeddable":true,"href":"https:\/\/l21.mx\/index.php?rest_route=\/wp\/v2\/media\/29770"}],"wp:attachment":[{"href":"https:\/\/l21.mx\/index.php?rest_route=%2Fwp%2Fv2%2Fmedia&parent=29764"}],"wp:term":[{"taxonomy":"category","embeddable":true,"href":"https:\/\/l21.mx\/index.php?rest_route=%2Fwp%2Fv2%2Fcategories&post=29764"},{"taxonomy":"post_tag","embeddable":true,"href":"https:\/\/l21.mx\/index.php?rest_route=%2Fwp%2Fv2%2Ftags&post=29764"}],"curies":[{"name":"wp","href":"https:\/\/api.w.org\/{rel}","templated":true}]}}