{"id":29787,"date":"2017-11-07T12:57:10","date_gmt":"2017-11-07T17:57:10","guid":{"rendered":"http:\/\/innovatori.space\/lat21\/?p=29787"},"modified":"2017-11-07T10:57:34","modified_gmt":"2017-11-07T15:57:34","slug":"papa-noel-llega-a-la-riviera-maya-en-parapente","status":"publish","type":"post","link":"https:\/\/l21.mx\/?p=29787","title":{"rendered":"PAP\u00c1 NO\u00cbL LLEGA A LA RIVIERA MAYA EN PARAPENTE"},"content":{"rendered":"<p><a href=\"http:\/\/l21.mx\/wp-content\/uploads\/2017\/11\/papa-noel-en-la-riviera-maya.jpg\" data-rel=\"penci-gallery-image-content\" ><img fetchpriority=\"high\" decoding=\"async\" class=\"aligncenter size-large wp-image-29788\" src=\"http:\/\/l21.mx\/wp-content\/uploads\/2017\/11\/papa-noel-en-la-riviera-maya-1024x679.jpg\" alt=\"\" width=\"1024\" height=\"679\" srcset=\"https:\/\/l21.mx\/wp-content\/uploads\/2017\/11\/papa-noel-en-la-riviera-maya-1024x679.jpg 1024w, https:\/\/l21.mx\/wp-content\/uploads\/2017\/11\/papa-noel-en-la-riviera-maya-300x199.jpg 300w, https:\/\/l21.mx\/wp-content\/uploads\/2017\/11\/papa-noel-en-la-riviera-maya-768x509.jpg 768w, https:\/\/l21.mx\/wp-content\/uploads\/2017\/11\/papa-noel-en-la-riviera-maya-1170x776.jpg 1170w, https:\/\/l21.mx\/wp-content\/uploads\/2017\/11\/papa-noel-en-la-riviera-maya-780x516.jpg 780w, https:\/\/l21.mx\/wp-content\/uploads\/2017\/11\/papa-noel-en-la-riviera-maya-585x388.jpg 585w, https:\/\/l21.mx\/wp-content\/uploads\/2017\/11\/papa-noel-en-la-riviera-maya-263x175.jpg 263w, https:\/\/l21.mx\/wp-content\/uploads\/2017\/11\/papa-noel-en-la-riviera-maya.jpg 1280w\" sizes=\"(max-width: 1024px) 100vw, 1024px\" \/><\/a><\/p>\n<p><strong>\u00a0<\/strong><\/p>\n<p>Riviera Maya. Celebrar la\u00a0<strong>Navidad<\/strong>\u00a0en el\u00a0<strong>Caribe<\/strong>\u00a0es mucho m\u00e1s que una placentera\u00a0<strong>experiencia\u00a0<\/strong>bajo el\u00a0<strong>sol<\/strong>, al menos si lo haces en el hotel\u00a0<em>s\u00f3lo para adultos<\/em>\u00a0<a href=\"http:\/\/www.valentinmaya.com\/\" target=\"_blank\" rel=\"noopener\">Valentin Imperial, Riviera Maya<\/a>. El exclusivo resort, que este a\u00f1o cumple\u00a0<strong>10 a\u00f1os<\/strong>, ha organizado un interesante\u00a0<strong>programa navide\u00f1o<\/strong>\u00a0que har\u00e1 las delicias de su exigente clientela. Uno de\u00a0<strong>los puntos \u00e1lgidos<\/strong>\u00a0de la propuesta ser\u00e1 la\u00a0<strong>llegada\u00a0<\/strong>de\u00a0<strong>Santa Claus<\/strong>\u00a0el d\u00eda\u00a0<strong>24 de diciembre<\/strong>. Sobre las\u00a0<strong>14:00 horas<\/strong>\u00a0Pap\u00e1 No\u00ebl se aproximar\u00e1 a la playa del hotel en\u00a0<strong>parapente\u00a0<\/strong>y amerizar\u00e1 a bordo de una\u00a0<strong>moto acu\u00e1tica<\/strong>\u00a0que lo acercar\u00e1 a la orilla. Una vez all\u00ed\u00a0<strong>saludar\u00e1<\/strong>\u00a0a los\u00a0<strong>clientes,<\/strong>\u00a0haci\u00e9ndose\u00a0<strong>fotos<\/strong>\u00a0con ellos y, sigilosamente, dejar\u00e1 los\u00a0<strong>regalos<\/strong>\u00a0en sus habitaciones.<\/p>\n<p>Esa noche los clientes podr\u00e1n disfrutar de una\u00a0<strong>noche m\u00e1gica<\/strong>\u00a0repleta de\u00a0<strong>momentos \u00edntimos<\/strong>\u00a0como la\u00a0<strong>Misa del Gallo<\/strong>, pero tambi\u00e9n de una amplia y variada\u00a0<strong>oferta gastron\u00f3mica<\/strong>\u00a0y de distintas\u00a0<strong>actuaciones musicales<\/strong>\u00a0con\u00a0<strong>espect\u00e1culos\u00a0<\/strong>en directo, \u2018<strong>shows\u2019\u00a0<\/strong>en los que tambi\u00e9n participar\u00e1\u00a0<strong>Pap\u00e1 No\u00ebl<\/strong>\u00a0y varios\u00a0<strong>DJ\u2019s<\/strong>. El otro\u00a0<strong>plato fuerte<\/strong>\u00a0de la propuesta tendr\u00e1 lugar el d\u00eda\u00a0<strong>25 de diciembre<\/strong>, cuando los hu\u00e9spedes del hotel podr\u00e1n observar y degustar el espectacular\u00a0<strong>buf\u00e9 de esculturas de hielo<\/strong>\u00a0que se servir\u00e1 en el almuerzo.<\/p>\n","protected":false},"excerpt":{"rendered":"<p>\u00a0 Riviera Maya. Celebrar la\u00a0Navidad\u00a0en el\u00a0Caribe\u00a0es mucho m\u00e1s que una placentera\u00a0experiencia\u00a0bajo el\u00a0sol, al menos si lo&hellip;<\/p>\n","protected":false},"author":2,"featured_media":29788,"comment_status":"open","ping_status":"open","sticky":false,"template":"","format":"standard","meta":{"_acf_changed":false,"_lmt_disableupdate":"","_lmt_disable":"","_mbp_gutenberg_autopost":false,"footnotes":""},"categories":[23,8],"tags":[],"class_list":["post-29787","post","type-post","status-publish","format-standard","has-post-thumbnail","hentry","category-noticias","category-turismo"],"acf":[],"_links":{"self":[{"href":"https:\/\/l21.mx\/index.php?rest_route=\/wp\/v2\/posts\/29787","targetHints":{"allow":["GET"]}}],"collection":[{"href":"https:\/\/l21.mx\/index.php?rest_route=\/wp\/v2\/posts"}],"about":[{"href":"https:\/\/l21.mx\/index.php?rest_route=\/wp\/v2\/types\/post"}],"author":[{"embeddable":true,"href":"https:\/\/l21.mx\/index.php?rest_route=\/wp\/v2\/users\/2"}],"replies":[{"embeddable":true,"href":"https:\/\/l21.mx\/index.php?rest_route=%2Fwp%2Fv2%2Fcomments&post=29787"}],"version-history":[{"count":0,"href":"https:\/\/l21.mx\/index.php?rest_route=\/wp\/v2\/posts\/29787\/revisions"}],"wp:featuredmedia":[{"embeddable":true,"href":"https:\/\/l21.mx\/index.php?rest_route=\/wp\/v2\/media\/29788"}],"wp:attachment":[{"href":"https:\/\/l21.mx\/index.php?rest_route=%2Fwp%2Fv2%2Fmedia&parent=29787"}],"wp:term":[{"taxonomy":"category","embeddable":true,"href":"https:\/\/l21.mx\/index.php?rest_route=%2Fwp%2Fv2%2Fcategories&post=29787"},{"taxonomy":"post_tag","embeddable":true,"href":"https:\/\/l21.mx\/index.php?rest_route=%2Fwp%2Fv2%2Ftags&post=29787"}],"curies":[{"name":"wp","href":"https:\/\/api.w.org\/{rel}","templated":true}]}}