{"id":29872,"date":"2017-11-16T14:12:28","date_gmt":"2017-11-16T19:12:28","guid":{"rendered":"http:\/\/innovatori.space\/lat21\/?p=29872"},"modified":"2017-11-16T12:13:29","modified_gmt":"2017-11-16T17:13:29","slug":"club-med-anuncia-la-apertura-de-su-primer-resort-de-nieve-en-america","status":"publish","type":"post","link":"https:\/\/l21.mx\/?p=29872","title":{"rendered":"CLUB MED ANUNCIA LA APERTURA DE SU PRIMER RESORT DE NIEVE  EN AM\u00c9RICA"},"content":{"rendered":"<p><em><a href=\"http:\/\/l21.mx\/wp-content\/uploads\/2017\/11\/VMOC-642x336.jpg\" data-rel=\"penci-gallery-image-content\" ><img fetchpriority=\"high\" decoding=\"async\" class=\"aligncenter size-full wp-image-29873\" src=\"http:\/\/l21.mx\/wp-content\/uploads\/2017\/11\/VMOC-642x336.jpg\" alt=\"\" width=\"642\" height=\"336\" srcset=\"https:\/\/l21.mx\/wp-content\/uploads\/2017\/11\/VMOC-642x336.jpg 642w, https:\/\/l21.mx\/wp-content\/uploads\/2017\/11\/VMOC-642x336-300x157.jpg 300w, https:\/\/l21.mx\/wp-content\/uploads\/2017\/11\/VMOC-642x336-585x306.jpg 585w\" sizes=\"(max-width: 642px) 100vw, 642px\" \/><\/a>\u00a0<\/em><\/p>\n<p>Ciudad de M\u00e9xico. <strong>Club Med<\/strong>, el pionero y especialista en la f\u00f3rmula <strong>All Inclusive<\/strong>, dio a conocer la apertura de su primer <strong>resort de nieve en Am\u00e9rica<\/strong> el cual estar\u00e1 ubicado al <strong>norte del continente<\/strong>, en<strong> Canad\u00e1,<\/strong> lo que reafirma su liderazgo mundial en destinos de nieve.<\/p>\n<p>La apertura est\u00e1 prevista para el 2020 y estar\u00e1 situado en la regi\u00f3n de esqu\u00ed de <strong>Le Massif de Charlevoix en Qu\u00e9bec<\/strong>. El anuncio estuvo a cargo Xavier Mufraggi, presidente y CEO de Club Med Norteam\u00e9rica y Daniel Gauthier, presidente de la junta directiva de Groupe Le Massif, durante una conferencia de prensa realizada en la sede del Groupe Le Massif en Qu\u00e9bec.<\/p>\n<p>Dicha apertura forma parte de una estrategia de crecimiento de <strong>Club Med<\/strong> alrededor del mundo, que planea abrir 15 nuevos resorts a lo largo del 2019 -se prev\u00e9 que cada a\u00f1o se inauguren de uno a dos centros de esqu\u00ed-, as\u00ed como mejorar o expandir nueve de los resorts ya existentes.<\/p>\n<p>\u201cClub Med es el l\u00edder global en resorts de nieve bajo la f\u00f3rmula Premium All-inclusive. Contamos con 24 resorts en Francia, Italia, Suiza, Jap\u00f3n y China, y nos entusiasma agregar Canad\u00e1 a esta lista. Cada temporada revelar\u00e1 las maravillas de esta sede natural, ofreciendo a nuestros clientes internacionales un lugar para descubrir su belleza a lo largo del a\u00f1o,\u201d coment\u00f3 Mufraggi. \u201cA menudo se dice que s\u00f3lo encontrar\u00e1s un complejo Club Med en los destinos m\u00e1s bellos del mundo. Dicho esto, es un honor y un privilegio estar entre quienes crean una conciencia mundial para Charlevoix, una parte realmente espectacular de Canad\u00e1.\u00bb<\/p>\n<p>\u00abEste anuncio va en l\u00ednea con el desarrollo de este importante proyecto que posicionar\u00e1 a Le Massif de Charlevoix como uno de los mejores destinos internacionales\u201d, afirma Gauthier, cofundador de la compa\u00f1\u00eda l\u00edder de entretenimiento, e iniciador del proyecto. \u201cClub Med es una marca reconocida mundialmente, que promueve la convivencia en familia y un estilo de vida activo. Gracias a los valores compartidos de ambas compa\u00f1\u00edas, la asociaci\u00f3n entre Club Med y Le Massif de Charlevoix representa autenticidad pura.\u201d<\/p>\n<p>El proyecto representa una inversi\u00f3n millonaria para desarrollar un complejo de 300 habitaciones, que incluye un \u00e1rea estilo hotel boutique de 5 Tridentes, con comodidades y suites exclusivas, situada en el punto m\u00e1s alto del este de Canad\u00e1, que incluye una experiencia de nieve \u00fanica con las vistas m\u00e1s espectaculares al r\u00edo Saint Laurence. El complejo promete ser un refugio para vacaciones familiares y en pareja, as\u00ed como para grupos y convenciones, con espacios dise\u00f1ados para albergar seminarios y eventos especiales.<\/p>\n<p>Este magn\u00edfico resort estar\u00e1 edificado con base en el desarrollo de turismo sustentable en una de las zonas m\u00e1s populares de Qu\u00e9bec, designada desde 1989 por la UNESCO como una reserva de la bi\u00f3sfera.<\/p>\n<p>El proyecto Massif de Charlevoix se lanz\u00f3 por primera vez en 2002 por el desarrollador de Qu\u00e9bec, Daniel Gauthier. Siendo el primer Club Med de monta\u00f1a en Canad\u00e1, en Le Massif de Charlevoix se combinar\u00e1 creatividad, autenticidad y cultura para prometer un destino de vacaciones impresionante con un entorno pintoresco, una excelente selecci\u00f3n de actividades, comida aut\u00e9ntica y una reputaci\u00f3n inigualable de servicio.<\/p>\n<p>&nbsp;<\/p>\n","protected":false},"excerpt":{"rendered":"<p>\u00a0 Ciudad de M\u00e9xico. Club Med, el pionero y especialista en la f\u00f3rmula All Inclusive, dio&hellip;<\/p>\n","protected":false},"author":2,"featured_media":29873,"comment_status":"open","ping_status":"open","sticky":false,"template":"","format":"standard","meta":{"_acf_changed":false,"_lmt_disableupdate":"","_lmt_disable":"","_mbp_gutenberg_autopost":false,"footnotes":""},"categories":[23,8],"tags":[],"class_list":["post-29872","post","type-post","status-publish","format-standard","has-post-thumbnail","hentry","category-noticias","category-turismo"],"acf":[],"yoast_head":"<!-- This site is optimized with the Yoast SEO plugin v27.3 - https:\/\/yoast.com\/product\/yoast-seo-wordpress\/ -->\n<title>CLUB MED ANUNCIA LA APERTURA DE SU PRIMER RESORT DE NIEVE EN AM\u00c9RICA | Revista Latitud 21<\/title>\n<meta name=\"description\" content=\"L21, Emprendedores y Negocios en el Caribe Mexicano, es la revista l\u00edder entre el Sector Empresarial y Tur\u00edstico del Caribe Mexicano.\" \/>\n<meta name=\"robots\" content=\"index, follow, max-snippet:-1, max-image-preview:large, max-video-preview:-1\" \/>\n<link rel=\"canonical\" href=\"https:\/\/l21.mx\/?p=29872\" \/>\n<meta name=\"twitter:card\" content=\"summary_large_image\" \/>\n<meta name=\"twitter:title\" content=\"CLUB MED ANUNCIA LA APERTURA DE SU PRIMER RESORT DE NIEVE EN AM\u00c9RICA | Revista Latitud 21\" \/>\n<meta name=\"twitter:description\" content=\"L21, Emprendedores y Negocios en el Caribe Mexicano, es la revista l\u00edder entre el Sector Empresarial y Tur\u00edstico del Caribe Mexicano.\" \/>\n<meta name=\"twitter:image\" content=\"https:\/\/l21.mx\/wp-content\/uploads\/2017\/11\/VMOC-642x336.jpg\" \/>\n<meta name=\"twitter:creator\" content=\"@Latitud21mx\" \/>\n<meta name=\"twitter:site\" content=\"@Latitud21mx\" \/>\n<meta name=\"twitter:label1\" content=\"Escrito por\" \/>\n\t<meta name=\"twitter:data1\" content=\"Latitud21 Redacci\u00f3n\" \/>\n\t<meta name=\"twitter:label2\" content=\"Tiempo de lectura\" \/>\n\t<meta name=\"twitter:data2\" content=\"3 minutos\" \/>\n<script type=\"application\/ld+json\" class=\"yoast-schema-graph\">{\"@context\":\"https:\\\/\\\/schema.org\",\"@graph\":[{\"@type\":\"Article\",\"@id\":\"https:\\\/\\\/l21.mx\\\/?p=29872#article\",\"isPartOf\":{\"@id\":\"https:\\\/\\\/l21.mx\\\/?p=29872\"},\"author\":{\"name\":\"Latitud21 Redacci\u00f3n\",\"@id\":\"https:\\\/\\\/l21.mx\\\/#\\\/schema\\\/person\\\/4b571cc212089f95579f3b66253728f1\"},\"headline\":\"CLUB MED ANUNCIA LA APERTURA DE SU PRIMER RESORT DE NIEVE EN AM\u00c9RICA\",\"datePublished\":\"2017-11-16T19:12:28+00:00\",\"mainEntityOfPage\":{\"@id\":\"https:\\\/\\\/l21.mx\\\/?p=29872\"},\"wordCount\":562,\"commentCount\":0,\"publisher\":{\"@id\":\"https:\\\/\\\/l21.mx\\\/#organization\"},\"image\":{\"@id\":\"https:\\\/\\\/l21.mx\\\/?p=29872#primaryimage\"},\"thumbnailUrl\":\"https:\\\/\\\/l21.mx\\\/wp-content\\\/uploads\\\/2017\\\/11\\\/VMOC-642x336.jpg\",\"articleSection\":[\"Noticias\",\"Turismo\"],\"inLanguage\":\"es\",\"potentialAction\":[{\"@type\":\"CommentAction\",\"name\":\"Comment\",\"target\":[\"https:\\\/\\\/l21.mx\\\/?p=29872#respond\"]}]},{\"@type\":\"WebPage\",\"@id\":\"https:\\\/\\\/l21.mx\\\/?p=29872\",\"url\":\"https:\\\/\\\/l21.mx\\\/?p=29872\",\"name\":\"CLUB MED ANUNCIA LA APERTURA DE SU PRIMER RESORT DE NIEVE EN AM\u00c9RICA | Revista Latitud 21\",\"isPartOf\":{\"@id\":\"https:\\\/\\\/l21.mx\\\/#website\"},\"primaryImageOfPage\":{\"@id\":\"https:\\\/\\\/l21.mx\\\/?p=29872#primaryimage\"},\"image\":{\"@id\":\"https:\\\/\\\/l21.mx\\\/?p=29872#primaryimage\"},\"thumbnailUrl\":\"https:\\\/\\\/l21.mx\\\/wp-content\\\/uploads\\\/2017\\\/11\\\/VMOC-642x336.jpg\",\"datePublished\":\"2017-11-16T19:12:28+00:00\",\"description\":\"L21, Emprendedores y Negocios en el Caribe Mexicano, es la revista l\u00edder entre el Sector Empresarial y Tur\u00edstico del Caribe Mexicano.\",\"breadcrumb\":{\"@id\":\"https:\\\/\\\/l21.mx\\\/?p=29872#breadcrumb\"},\"inLanguage\":\"es\",\"potentialAction\":[{\"@type\":\"ReadAction\",\"target\":[\"https:\\\/\\\/l21.mx\\\/?p=29872\"]}]},{\"@type\":\"ImageObject\",\"inLanguage\":\"es\",\"@id\":\"https:\\\/\\\/l21.mx\\\/?p=29872#primaryimage\",\"url\":\"https:\\\/\\\/l21.mx\\\/wp-content\\\/uploads\\\/2017\\\/11\\\/VMOC-642x336.jpg\",\"contentUrl\":\"https:\\\/\\\/l21.mx\\\/wp-content\\\/uploads\\\/2017\\\/11\\\/VMOC-642x336.jpg\",\"width\":642,\"height\":336},{\"@type\":\"BreadcrumbList\",\"@id\":\"https:\\\/\\\/l21.mx\\\/?p=29872#breadcrumb\",\"itemListElement\":[{\"@type\":\"ListItem\",\"position\":1,\"name\":\"Portada\",\"item\":\"https:\\\/\\\/l21.mx\\\/\"},{\"@type\":\"ListItem\",\"position\":2,\"name\":\"CLUB MED ANUNCIA LA APERTURA DE SU PRIMER RESORT DE NIEVE EN AM\u00c9RICA\"}]},{\"@type\":\"WebSite\",\"@id\":\"https:\\\/\\\/l21.mx\\\/#website\",\"url\":\"https:\\\/\\\/l21.mx\\\/\",\"name\":\"Revista Latitud 21\",\"description\":\"Emprendedores  y negocios en el Caribe Mexicano\",\"publisher\":{\"@id\":\"https:\\\/\\\/l21.mx\\\/#organization\"},\"potentialAction\":[{\"@type\":\"SearchAction\",\"target\":{\"@type\":\"EntryPoint\",\"urlTemplate\":\"https:\\\/\\\/l21.mx\\\/?s={search_term_string}\"},\"query-input\":{\"@type\":\"PropertyValueSpecification\",\"valueRequired\":true,\"valueName\":\"search_term_string\"}}],\"inLanguage\":\"es\"},{\"@type\":\"Organization\",\"@id\":\"https:\\\/\\\/l21.mx\\\/#organization\",\"name\":\"Grupo Editorial Latitud 21 SA de CV\",\"url\":\"https:\\\/\\\/l21.mx\\\/\",\"logo\":{\"@type\":\"ImageObject\",\"inLanguage\":\"es\",\"@id\":\"https:\\\/\\\/l21.mx\\\/#\\\/schema\\\/logo\\\/image\\\/\",\"url\":\"https:\\\/\\\/l21.mx\\\/wp-content\\\/uploads\\\/2020\\\/10\\\/logo-l21-baja.jpg\",\"contentUrl\":\"https:\\\/\\\/l21.mx\\\/wp-content\\\/uploads\\\/2020\\\/10\\\/logo-l21-baja.jpg\",\"width\":250,\"height\":250,\"caption\":\"Grupo Editorial Latitud 21 SA de CV\"},\"image\":{\"@id\":\"https:\\\/\\\/l21.mx\\\/#\\\/schema\\\/logo\\\/image\\\/\"},\"sameAs\":[\"https:\\\/\\\/www.facebook.com\\\/RevistaLatitud21\\\/\",\"https:\\\/\\\/x.com\\\/Latitud21mx\"]},{\"@type\":\"Person\",\"@id\":\"https:\\\/\\\/l21.mx\\\/#\\\/schema\\\/person\\\/4b571cc212089f95579f3b66253728f1\",\"name\":\"Latitud21 Redacci\u00f3n\",\"url\":\"https:\\\/\\\/l21.mx\\\/?author=2\"}]}<\/script>\n<!-- \/ Yoast SEO plugin. -->","yoast_head_json":{"title":"CLUB MED ANUNCIA LA APERTURA DE SU PRIMER RESORT DE NIEVE EN AM\u00c9RICA | Revista Latitud 21","description":"L21, Emprendedores y Negocios en el Caribe Mexicano, es la revista l\u00edder entre el Sector Empresarial y Tur\u00edstico del Caribe Mexicano.","robots":{"index":"index","follow":"follow","max-snippet":"max-snippet:-1","max-image-preview":"max-image-preview:large","max-video-preview":"max-video-preview:-1"},"canonical":"https:\/\/l21.mx\/?p=29872","twitter_card":"summary_large_image","twitter_title":"CLUB MED ANUNCIA LA APERTURA DE SU PRIMER RESORT DE NIEVE EN AM\u00c9RICA | Revista Latitud 21","twitter_description":"L21, Emprendedores y Negocios en el Caribe Mexicano, es la revista l\u00edder entre el Sector Empresarial y Tur\u00edstico del Caribe Mexicano.","twitter_image":"https:\/\/l21.mx\/wp-content\/uploads\/2017\/11\/VMOC-642x336.jpg","twitter_creator":"@Latitud21mx","twitter_site":"@Latitud21mx","twitter_misc":{"Escrito por":"Latitud21 Redacci\u00f3n","Tiempo de lectura":"3 minutos"},"schema":{"@context":"https:\/\/schema.org","@graph":[{"@type":"Article","@id":"https:\/\/l21.mx\/?p=29872#article","isPartOf":{"@id":"https:\/\/l21.mx\/?p=29872"},"author":{"name":"Latitud21 Redacci\u00f3n","@id":"https:\/\/l21.mx\/#\/schema\/person\/4b571cc212089f95579f3b66253728f1"},"headline":"CLUB MED ANUNCIA LA APERTURA DE SU PRIMER RESORT DE NIEVE EN AM\u00c9RICA","datePublished":"2017-11-16T19:12:28+00:00","mainEntityOfPage":{"@id":"https:\/\/l21.mx\/?p=29872"},"wordCount":562,"commentCount":0,"publisher":{"@id":"https:\/\/l21.mx\/#organization"},"image":{"@id":"https:\/\/l21.mx\/?p=29872#primaryimage"},"thumbnailUrl":"https:\/\/l21.mx\/wp-content\/uploads\/2017\/11\/VMOC-642x336.jpg","articleSection":["Noticias","Turismo"],"inLanguage":"es","potentialAction":[{"@type":"CommentAction","name":"Comment","target":["https:\/\/l21.mx\/?p=29872#respond"]}]},{"@type":"WebPage","@id":"https:\/\/l21.mx\/?p=29872","url":"https:\/\/l21.mx\/?p=29872","name":"CLUB MED ANUNCIA LA APERTURA DE SU PRIMER RESORT DE NIEVE EN AM\u00c9RICA | Revista Latitud 21","isPartOf":{"@id":"https:\/\/l21.mx\/#website"},"primaryImageOfPage":{"@id":"https:\/\/l21.mx\/?p=29872#primaryimage"},"image":{"@id":"https:\/\/l21.mx\/?p=29872#primaryimage"},"thumbnailUrl":"https:\/\/l21.mx\/wp-content\/uploads\/2017\/11\/VMOC-642x336.jpg","datePublished":"2017-11-16T19:12:28+00:00","description":"L21, Emprendedores y Negocios en el Caribe Mexicano, es la revista l\u00edder entre el Sector Empresarial y Tur\u00edstico del Caribe Mexicano.","breadcrumb":{"@id":"https:\/\/l21.mx\/?p=29872#breadcrumb"},"inLanguage":"es","potentialAction":[{"@type":"ReadAction","target":["https:\/\/l21.mx\/?p=29872"]}]},{"@type":"ImageObject","inLanguage":"es","@id":"https:\/\/l21.mx\/?p=29872#primaryimage","url":"https:\/\/l21.mx\/wp-content\/uploads\/2017\/11\/VMOC-642x336.jpg","contentUrl":"https:\/\/l21.mx\/wp-content\/uploads\/2017\/11\/VMOC-642x336.jpg","width":642,"height":336},{"@type":"BreadcrumbList","@id":"https:\/\/l21.mx\/?p=29872#breadcrumb","itemListElement":[{"@type":"ListItem","position":1,"name":"Portada","item":"https:\/\/l21.mx\/"},{"@type":"ListItem","position":2,"name":"CLUB MED ANUNCIA LA APERTURA DE SU PRIMER RESORT DE NIEVE EN AM\u00c9RICA"}]},{"@type":"WebSite","@id":"https:\/\/l21.mx\/#website","url":"https:\/\/l21.mx\/","name":"Revista Latitud 21","description":"Emprendedores  y negocios en el Caribe Mexicano","publisher":{"@id":"https:\/\/l21.mx\/#organization"},"potentialAction":[{"@type":"SearchAction","target":{"@type":"EntryPoint","urlTemplate":"https:\/\/l21.mx\/?s={search_term_string}"},"query-input":{"@type":"PropertyValueSpecification","valueRequired":true,"valueName":"search_term_string"}}],"inLanguage":"es"},{"@type":"Organization","@id":"https:\/\/l21.mx\/#organization","name":"Grupo Editorial Latitud 21 SA de CV","url":"https:\/\/l21.mx\/","logo":{"@type":"ImageObject","inLanguage":"es","@id":"https:\/\/l21.mx\/#\/schema\/logo\/image\/","url":"https:\/\/l21.mx\/wp-content\/uploads\/2020\/10\/logo-l21-baja.jpg","contentUrl":"https:\/\/l21.mx\/wp-content\/uploads\/2020\/10\/logo-l21-baja.jpg","width":250,"height":250,"caption":"Grupo Editorial Latitud 21 SA de CV"},"image":{"@id":"https:\/\/l21.mx\/#\/schema\/logo\/image\/"},"sameAs":["https:\/\/www.facebook.com\/RevistaLatitud21\/","https:\/\/x.com\/Latitud21mx"]},{"@type":"Person","@id":"https:\/\/l21.mx\/#\/schema\/person\/4b571cc212089f95579f3b66253728f1","name":"Latitud21 Redacci\u00f3n","url":"https:\/\/l21.mx\/?author=2"}]}},"amp_enabled":true,"_links":{"self":[{"href":"https:\/\/l21.mx\/index.php?rest_route=\/wp\/v2\/posts\/29872","targetHints":{"allow":["GET"]}}],"collection":[{"href":"https:\/\/l21.mx\/index.php?rest_route=\/wp\/v2\/posts"}],"about":[{"href":"https:\/\/l21.mx\/index.php?rest_route=\/wp\/v2\/types\/post"}],"author":[{"embeddable":true,"href":"https:\/\/l21.mx\/index.php?rest_route=\/wp\/v2\/users\/2"}],"replies":[{"embeddable":true,"href":"https:\/\/l21.mx\/index.php?rest_route=%2Fwp%2Fv2%2Fcomments&post=29872"}],"version-history":[{"count":0,"href":"https:\/\/l21.mx\/index.php?rest_route=\/wp\/v2\/posts\/29872\/revisions"}],"wp:featuredmedia":[{"embeddable":true,"href":"https:\/\/l21.mx\/index.php?rest_route=\/wp\/v2\/media\/29873"}],"wp:attachment":[{"href":"https:\/\/l21.mx\/index.php?rest_route=%2Fwp%2Fv2%2Fmedia&parent=29872"}],"wp:term":[{"taxonomy":"category","embeddable":true,"href":"https:\/\/l21.mx\/index.php?rest_route=%2Fwp%2Fv2%2Fcategories&post=29872"},{"taxonomy":"post_tag","embeddable":true,"href":"https:\/\/l21.mx\/index.php?rest_route=%2Fwp%2Fv2%2Ftags&post=29872"}],"curies":[{"name":"wp","href":"https:\/\/api.w.org\/{rel}","templated":true}]}}