{"id":29876,"date":"2017-11-16T15:16:28","date_gmt":"2017-11-16T20:16:28","guid":{"rendered":"http:\/\/innovatori.space\/lat21\/?p=29876"},"modified":"2017-11-16T12:17:39","modified_gmt":"2017-11-16T17:17:39","slug":"american-airlines-celebra-aniversario-en-puebla","status":"publish","type":"post","link":"https:\/\/l21.mx\/?p=29876","title":{"rendered":"AMERICAN AIRLINES CELEBRA ANIVERSARIO EN PUEBLA"},"content":{"rendered":"<p><a href=\"http:\/\/l21.mx\/wp-content\/uploads\/2017\/11\/18017737_R-CpbP1wGXhC-WMF50LHXlSlS-jx7vTTingbjv1U9EI.jpg\" data-rel=\"penci-gallery-image-content\" ><img fetchpriority=\"high\" decoding=\"async\" class=\"aligncenter size-full wp-image-29877\" src=\"http:\/\/l21.mx\/wp-content\/uploads\/2017\/11\/18017737_R-CpbP1wGXhC-WMF50LHXlSlS-jx7vTTingbjv1U9EI.jpg\" alt=\"\" width=\"600\" height=\"600\" srcset=\"https:\/\/l21.mx\/wp-content\/uploads\/2017\/11\/18017737_R-CpbP1wGXhC-WMF50LHXlSlS-jx7vTTingbjv1U9EI.jpg 600w, https:\/\/l21.mx\/wp-content\/uploads\/2017\/11\/18017737_R-CpbP1wGXhC-WMF50LHXlSlS-jx7vTTingbjv1U9EI-300x300.jpg 300w, https:\/\/l21.mx\/wp-content\/uploads\/2017\/11\/18017737_R-CpbP1wGXhC-WMF50LHXlSlS-jx7vTTingbjv1U9EI-150x150.jpg 150w, https:\/\/l21.mx\/wp-content\/uploads\/2017\/11\/18017737_R-CpbP1wGXhC-WMF50LHXlSlS-jx7vTTingbjv1U9EI-585x585.jpg 585w\" sizes=\"(max-width: 600px) 100vw, 600px\" \/><\/a><\/p>\n<p><strong>Ciudad de M\u00e9xico.<\/strong> <strong>American Airlines<\/strong> cumple cinco a\u00f1os brindando servicio ininterrumpido entre el <strong>Aeropuerto Internacional Hermanos Serd\u00e1n en la ciudad de Puebla (PBC)<\/strong> y el<strong> Aeropuerto Internacional de Dallas\/Fort Worth (DFW)<\/strong>, con un vuelo diario operado por su socio regional <strong>American Eagle<\/strong> a trav\u00e9s de<strong> Envoy Air.<\/strong><\/p>\n<p>El 15 de noviembre de 2012, dio inicio el servicio entre ambas ciudades utilizando un jet <strong>Embraer ERJ-135<\/strong>, con capacidad para 37 pasajeros. En la actualidad, y como parte de las mejoras que American ha realizado para poder ofrecer un mejor servicio y\u00a0experiencia de viaje a sus pasajeros, la ruta utiliza un Embraer 140 con 44 plazas.<\/p>\n<p>\u201cEstamos muy orgullosos de celebrar cinco a\u00f1os de servicio en Puebla, que es un destino muy importante y estrat\u00e9gico para la red de American\u201d, coment\u00f3 Rodrigo Garc\u00eda de Le\u00f3n, Gerente de Operaci\u00f3n Regional de American Airlines en M\u00e9xico.<\/p>\n<div class=\"pcrstb-wrap\"><table width=\"100%\">\n<tbody>\n<tr>\n<td width=\"19%\"><strong>Vuelo<\/strong><\/td>\n<td width=\"20%\"><strong>Desde<\/strong><\/td>\n<td width=\"17%\"><strong>Hacia<\/strong><\/td>\n<td width=\"21%\"><strong>Salida<\/strong><\/td>\n<td width=\"20%\"><strong>Llegada<\/strong><\/td>\n<\/tr>\n<tr>\n<td width=\"19%\">3331<\/td>\n<td width=\"20%\">DFW<\/td>\n<td width=\"17%\">PBC<\/td>\n<td width=\"21%\">05:43 p.m.<\/td>\n<td width=\"20%\">08:20 p.m.<\/td>\n<\/tr>\n<tr>\n<td width=\"19%\">3346<\/td>\n<td width=\"20%\">PBC<\/td>\n<td width=\"17%\">DFW<\/td>\n<td width=\"21%\">07:30 a.m.<\/td>\n<td width=\"20%\">10:13 a.m.<\/td>\n<\/tr>\n<\/tbody>\n<\/table><\/div>\n<p>Recientemente la estaci\u00f3n de American Airlines en Puebla recibi\u00f3 el reconocimiento \u201cCustomer Cup\u201d por el mejor desempe\u00f1o en salidas a tiempo, manejo de equipajes y por su excelente servicio de atenci\u00f3n a pasajeros, gracias al extraordinario trabajo que realiza el equipo de esta regi\u00f3n, que actualmente est\u00e1 conformado por 20 empleados.<\/p>\n<p>El estado de Puebla, se encuentra localizado en el centro del pa\u00eds y ofrece una alternativa de conexi\u00f3n para la regi\u00f3n, incluyendo a la Ciudad de M\u00e9xico y Tlaxcala.\u00a0 Puebla, adem\u00e1s de su atractivo tur\u00edstico, su valor hist\u00f3rico y cultural, es una zona industrial manufacturera de gran relevancia para los sectores automotriz, alimenticio y textil, principalmente.<\/p>\n<p>American Airlines es la aerol\u00ednea vuela a m\u00e1s destinos en M\u00e9xico que a cualquier otro pa\u00eds fuera de Estados Unidos. American ofrece m\u00e1s de 600 vuelos semanales desde 21 destinos: Ciudad de M\u00e9xico, Aguascalientes, Canc\u00fan, Chihuahua, Cozumel, Guadalajara, Hermosillo, Le\u00f3n, Manzanillo, Mazatl\u00e1n, M\u00e9rida, Monterrey, Morelia, Puebla, Puerto Vallarta, Quer\u00e9taro, San Jos\u00e9 del Cabo, San Luis Potos\u00ed, Torre\u00f3n, Zacatecas y Zihuatanejo.<\/p>\n<p>A 75 a\u00f1os de su llegada a M\u00e9xico, para American Airlines el pa\u00eds contin\u00faa siendo el segundo destino internacional en t\u00e9rminos de vuelos y destinos despu\u00e9s de Estados Unidos.<\/p>\n","protected":false},"excerpt":{"rendered":"<p>Ciudad de M\u00e9xico. American Airlines cumple cinco a\u00f1os brindando servicio ininterrumpido entre el Aeropuerto Internacional Hermanos&hellip;<\/p>\n","protected":false},"author":2,"featured_media":29877,"comment_status":"open","ping_status":"open","sticky":false,"template":"","format":"standard","meta":{"_acf_changed":false,"_lmt_disableupdate":"","_lmt_disable":"","_mbp_gutenberg_autopost":false,"footnotes":""},"categories":[23,8],"tags":[],"class_list":["post-29876","post","type-post","status-publish","format-standard","has-post-thumbnail","hentry","category-noticias","category-turismo"],"acf":[],"_links":{"self":[{"href":"https:\/\/l21.mx\/index.php?rest_route=\/wp\/v2\/posts\/29876","targetHints":{"allow":["GET"]}}],"collection":[{"href":"https:\/\/l21.mx\/index.php?rest_route=\/wp\/v2\/posts"}],"about":[{"href":"https:\/\/l21.mx\/index.php?rest_route=\/wp\/v2\/types\/post"}],"author":[{"embeddable":true,"href":"https:\/\/l21.mx\/index.php?rest_route=\/wp\/v2\/users\/2"}],"replies":[{"embeddable":true,"href":"https:\/\/l21.mx\/index.php?rest_route=%2Fwp%2Fv2%2Fcomments&post=29876"}],"version-history":[{"count":0,"href":"https:\/\/l21.mx\/index.php?rest_route=\/wp\/v2\/posts\/29876\/revisions"}],"wp:featuredmedia":[{"embeddable":true,"href":"https:\/\/l21.mx\/index.php?rest_route=\/wp\/v2\/media\/29877"}],"wp:attachment":[{"href":"https:\/\/l21.mx\/index.php?rest_route=%2Fwp%2Fv2%2Fmedia&parent=29876"}],"wp:term":[{"taxonomy":"category","embeddable":true,"href":"https:\/\/l21.mx\/index.php?rest_route=%2Fwp%2Fv2%2Fcategories&post=29876"},{"taxonomy":"post_tag","embeddable":true,"href":"https:\/\/l21.mx\/index.php?rest_route=%2Fwp%2Fv2%2Ftags&post=29876"}],"curies":[{"name":"wp","href":"https:\/\/api.w.org\/{rel}","templated":true}]}}