{"id":30061,"date":"2017-12-08T13:42:37","date_gmt":"2017-12-08T18:42:37","guid":{"rendered":"http:\/\/innovatori.space\/lat21\/?p=30061"},"modified":"2017-12-08T13:47:28","modified_gmt":"2017-12-08T18:47:28","slug":"inaugura-paradisus-playa-del-carmen-la-perla-la-esmeralda-nuevo-centro-de-convenciones","status":"publish","type":"post","link":"https:\/\/l21.mx\/?p=30061","title":{"rendered":"INAUGURA PARADISUS PLAYA DEL CARMEN LA PERLA &#038; LA ESMERALDA NUEVO CENTRO DE CONVENCIONES"},"content":{"rendered":"<p><img fetchpriority=\"high\" decoding=\"async\" class=\"size-full wp-image-30062 alignnone\" src=\"http:\/\/l21.mx\/wp-content\/uploads\/2017\/12\/Nuevo-Centro-de-Convenciones-PPDC.jpg\" alt=\"\" width=\"1128\" height=\"744\" srcset=\"https:\/\/l21.mx\/wp-content\/uploads\/2017\/12\/Nuevo-Centro-de-Convenciones-PPDC.jpg 1128w, https:\/\/l21.mx\/wp-content\/uploads\/2017\/12\/Nuevo-Centro-de-Convenciones-PPDC-300x198.jpg 300w, https:\/\/l21.mx\/wp-content\/uploads\/2017\/12\/Nuevo-Centro-de-Convenciones-PPDC-1024x675.jpg 1024w, https:\/\/l21.mx\/wp-content\/uploads\/2017\/12\/Nuevo-Centro-de-Convenciones-PPDC-768x507.jpg 768w, https:\/\/l21.mx\/wp-content\/uploads\/2017\/12\/Nuevo-Centro-de-Convenciones-PPDC-585x386.jpg 585w\" sizes=\"(max-width: 1128px) 100vw, 1128px\" \/><\/p>\n<p>&nbsp;<\/p>\n<p><strong>Playa del Carmen. <\/strong>Paradisus Playa del Carmen La Perla &amp; La Esmeralda inaugura su nuevo Centro de Convenciones, con el que ampl\u00eda sus espacios destinados a la celebraci\u00f3n de eventos y congresos. Con esta expansi\u00f3n, el hotel se mantiene como uno de los resorts de lujo con mejor oferta en el Caribe mexicano.<\/p>\n<p>El \u00e1rea cuenta con 436 m2 de construcci\u00f3n de \u00faltima generaci\u00f3n, con capacidad para 400 asistentes en un montaje de auditorio. Su arquitectura moderna y decoraci\u00f3n elegante se complementa con un equipo audiovisual de alta tecnolog\u00eda compuesto por tres proyectores para <em>video blending<\/em> y ocho pantallas vers\u00e1tiles<em>.<\/em> El espacio principal se puede dividir en ocho salones pensados para reuniones m\u00e1s \u00edntimas.<\/p>\n<p>El nuevo Centro de Convenciones es adicional al que posee el hotel desde su inauguraci\u00f3n en noviembre de 2011, de 2,322 m2 y capacidad para mil 500 personas. Paradisus Playa del Carmen se convierte as\u00ed en uno de los mejores lugares para realizar eventos en la regi\u00f3n.<\/p>\n","protected":false},"excerpt":{"rendered":"<p>&nbsp; Playa del Carmen. Paradisus Playa del Carmen La Perla &amp; La Esmeralda inaugura su nuevo&hellip;<\/p>\n","protected":false},"author":2,"featured_media":30062,"comment_status":"open","ping_status":"open","sticky":false,"template":"","format":"standard","meta":{"_acf_changed":false,"_lmt_disableupdate":"","_lmt_disable":"","_mbp_gutenberg_autopost":false,"footnotes":""},"categories":[23,8],"tags":[],"class_list":["post-30061","post","type-post","status-publish","format-standard","has-post-thumbnail","hentry","category-noticias","category-turismo"],"acf":[],"_links":{"self":[{"href":"https:\/\/l21.mx\/index.php?rest_route=\/wp\/v2\/posts\/30061","targetHints":{"allow":["GET"]}}],"collection":[{"href":"https:\/\/l21.mx\/index.php?rest_route=\/wp\/v2\/posts"}],"about":[{"href":"https:\/\/l21.mx\/index.php?rest_route=\/wp\/v2\/types\/post"}],"author":[{"embeddable":true,"href":"https:\/\/l21.mx\/index.php?rest_route=\/wp\/v2\/users\/2"}],"replies":[{"embeddable":true,"href":"https:\/\/l21.mx\/index.php?rest_route=%2Fwp%2Fv2%2Fcomments&post=30061"}],"version-history":[{"count":0,"href":"https:\/\/l21.mx\/index.php?rest_route=\/wp\/v2\/posts\/30061\/revisions"}],"wp:featuredmedia":[{"embeddable":true,"href":"https:\/\/l21.mx\/index.php?rest_route=\/wp\/v2\/media\/30062"}],"wp:attachment":[{"href":"https:\/\/l21.mx\/index.php?rest_route=%2Fwp%2Fv2%2Fmedia&parent=30061"}],"wp:term":[{"taxonomy":"category","embeddable":true,"href":"https:\/\/l21.mx\/index.php?rest_route=%2Fwp%2Fv2%2Fcategories&post=30061"},{"taxonomy":"post_tag","embeddable":true,"href":"https:\/\/l21.mx\/index.php?rest_route=%2Fwp%2Fv2%2Ftags&post=30061"}],"curies":[{"name":"wp","href":"https:\/\/api.w.org\/{rel}","templated":true}]}}