{"id":30074,"date":"2017-12-11T12:09:47","date_gmt":"2017-12-11T17:09:47","guid":{"rendered":"http:\/\/innovatori.space\/lat21\/?p=30074"},"modified":"2017-12-11T12:12:35","modified_gmt":"2017-12-11T17:12:35","slug":"nombramientos-diciembre-2017","status":"publish","type":"post","link":"https:\/\/l21.mx\/?p=30074","title":{"rendered":"Nombramientos Diciembre 2017"},"content":{"rendered":"<p><img fetchpriority=\"high\" decoding=\"async\" class=\"aligncenter size-full wp-image-30076\" src=\"http:\/\/l21.mx\/wp-content\/uploads\/2017\/12\/juan-emmanuel-gonzalez.jpg\" alt=\"\" width=\"404\" height=\"597\" srcset=\"https:\/\/l21.mx\/wp-content\/uploads\/2017\/12\/juan-emmanuel-gonzalez.jpg 404w, https:\/\/l21.mx\/wp-content\/uploads\/2017\/12\/juan-emmanuel-gonzalez-203x300.jpg 203w\" sizes=\"(max-width: 404px) 100vw, 404px\" \/><\/p>\n<p style=\"text-align: center;\">GOBIERNO<\/p>\n<p><b>Juan Emmanuel Gonz\u00e1lez\u00a0<\/b>asume el cargo de delegado regional de Fonatur.<\/p>\n<p><b>Lugar de origen:\u00a0<\/b>Cozumel, Q.Roo.<\/p>\n<p><b>Estudios:\u00a0<\/b>Licenciado en Administraci\u00f3n de Negocios con especialidad en Finanzas e Informaci\u00f3n en Sistemas Computacionales por la Universidad de Miami.<\/p>\n<p><b>Desarrollo profesional:<\/b>\u00a0Turismo y Desarrollo Econ\u00f3mico del Ayuntamiento de Cozumel, Cururumbe Tours y Gran Fondo New York; Solid IAG en Z\u00farich, Suiza y M\u00f3naco.<\/p>\n<p><img decoding=\"async\" class=\"aligncenter size-full wp-image-30077\" src=\"http:\/\/l21.mx\/wp-content\/uploads\/2017\/12\/ana-patricia-de-la-pena.jpg\" alt=\"\" width=\"398\" height=\"594\" srcset=\"https:\/\/l21.mx\/wp-content\/uploads\/2017\/12\/ana-patricia-de-la-pena.jpg 398w, https:\/\/l21.mx\/wp-content\/uploads\/2017\/12\/ana-patricia-de-la-pena-201x300.jpg 201w\" sizes=\"(max-width: 398px) 100vw, 398px\" \/><\/p>\n<p style=\"text-align: center;\">EMPRESAS<\/p>\n<p><b>Ana Patricia\u00a0<\/b><b>de la Pe\u00f1a\u00a0<\/b>ocupa nuevamente el cargo de presidenta de la Asociaci\u00f3n de Clubes Vacacionales de Quintana Roo, A.C.<\/p>\n<p><b>Lugar de origen:\u00a0<\/b>Ciudad de M\u00e9xico.<\/p>\n<p><b>Arribo a Canc\u00fan:<\/b>\u00a01983<\/p>\n<p><b>Estudios:\u00a0<\/b>Licenciada en Administraci\u00f3n de Empresas Hoteleras, Universidad ESDAI en Ciudad de M\u00e9xico.<\/p>\n<p><b>Desarrollo profesional:\u00a0<\/b>Hoteles Blue Bay Club, Blue Bay Village, Original Resort, Blue Bay Resorts Canc\u00fan y Sheraton Canc\u00fan.<\/p>\n<p><img decoding=\"async\" class=\"aligncenter size-full wp-image-30078\" src=\"http:\/\/l21.mx\/wp-content\/uploads\/2017\/12\/ana-paula-duron.jpg\" alt=\"\" width=\"389\" height=\"590\" srcset=\"https:\/\/l21.mx\/wp-content\/uploads\/2017\/12\/ana-paula-duron.jpg 389w, https:\/\/l21.mx\/wp-content\/uploads\/2017\/12\/ana-paula-duron-198x300.jpg 198w\" sizes=\"(max-width: 389px) 100vw, 389px\" \/><\/p>\n<p style=\"text-align: center;\">EMPRESAS<\/p>\n<p><b>Ana Paula\u00a0<\/b><b>Dur\u00f3n\u00a0<\/b>asume el cargo de <i>country manager<\/i>\u00a0y directora de Ventas de Amadeus en M\u00e9xico en sustituci\u00f3n\u00a0de Pablo de la Hoz.<\/p>\n<p><b>Lugar de origen:\u00a0<\/b>Ciudad de M\u00e9xico.<\/p>\n<p><b>Estudios:<\/b>\u00a0Licenciada en Administraci\u00f3n\u00a0de Empresas Tur\u00edsticas por la Escuela Panamericana de Hoteler\u00eda.<\/p>\n<p><b>Desarrollo profesional:<\/b>\u00a0Amadeus IT Group, Kenworth\u00a0Mexicana, Sabre Travel Network.<\/p>\n<p><img loading=\"lazy\" decoding=\"async\" class=\"aligncenter size-full wp-image-30079\" src=\"http:\/\/l21.mx\/wp-content\/uploads\/2017\/12\/daniel-ceballos.jpg\" alt=\"\" width=\"397\" height=\"588\" srcset=\"https:\/\/l21.mx\/wp-content\/uploads\/2017\/12\/daniel-ceballos.jpg 397w, https:\/\/l21.mx\/wp-content\/uploads\/2017\/12\/daniel-ceballos-203x300.jpg 203w\" sizes=\"(max-width: 397px) 100vw, 397px\" \/><\/p>\n<p style=\"text-align: center;\">HOTELES<\/p>\n<p><b>Daniel\u00a0<\/b><b>Ceballos\u00a0<\/b>es nombrado director comercial de Am\u00e9rica de Blue Bay Hotels en sustituci\u00f3n de Juan Carlos Fern\u00e1ndez.<\/p>\n<p><b>Lugar de origen:<\/b>\u00a0M\u00e9rida, Yucat\u00e1n.<\/p>\n<p><b>Arribo a Canc\u00fan:<\/b>\u00a01997<\/p>\n<p><b>Estudios:\u00a0<\/b>Licenciado en Administraci\u00f3n de Empresas Tur\u00edsticas,\u00a0 Instituto Tecnol\u00f3gico de M\u00e9rida; Hospitality Marketing, Cornell University\u00a0 Nueva York.<\/p>\n<p><b>Desarrollo profesional:\u00a0<\/b>NH Riviera Canc\u00fan, Dreams Tulum Resort &amp; Spa, Now Jade Riviera Canc\u00fan Resort, Paradisus Canc\u00fan Resort.<\/p>\n<p><img loading=\"lazy\" decoding=\"async\" class=\"aligncenter size-full wp-image-30080\" src=\"http:\/\/l21.mx\/wp-content\/uploads\/2017\/12\/guillermo-perez.jpg\" alt=\"\" width=\"403\" height=\"567\" srcset=\"https:\/\/l21.mx\/wp-content\/uploads\/2017\/12\/guillermo-perez.jpg 403w, https:\/\/l21.mx\/wp-content\/uploads\/2017\/12\/guillermo-perez-213x300.jpg 213w\" sizes=\"(max-width: 403px) 100vw, 403px\" \/><\/p>\n<p style=\"text-align: center;\">HOTELES<\/p>\n<p><b>Guillermo P\u00e9rez\u00a0<\/b>es el nuevo director de Ventas del hotel Real Inn en sustituci\u00f3n de Silvia Cruz.<\/p>\n<p><b>Lugar de origen:<\/b>\u00a0Ciudad de M\u00e9xico.<\/p>\n<p><b>Arribo a Canc\u00fan:\u00a0<\/b>2001<\/p>\n<p><b>Estudios:\u00a0<\/b>Licenciado en Ciencias de la Comunicaci\u00f3n, Universidad Intercontinental.<\/p>\n<p><b>Desarrollo profesional:\u00a0<\/b>Grupo Presidente, Grupo Real Resorts, Meli\u00e1 Hotels, BlueBay Hotels &amp; Resorts.<\/p>\n<p><img loading=\"lazy\" decoding=\"async\" class=\"aligncenter size-full wp-image-30081\" src=\"http:\/\/l21.mx\/wp-content\/uploads\/2017\/12\/agustin-valverde.jpg\" alt=\"\" width=\"394\" height=\"575\" srcset=\"https:\/\/l21.mx\/wp-content\/uploads\/2017\/12\/agustin-valverde.jpg 394w, https:\/\/l21.mx\/wp-content\/uploads\/2017\/12\/agustin-valverde-206x300.jpg 206w\" sizes=\"(max-width: 394px) 100vw, 394px\" \/><\/p>\n<p style=\"text-align: center;\">HOTELES<\/p>\n<p><b>Agust\u00edn Valverde\u00a0<\/b>ocupa la gerencia del hotel Ambiente Zen Grand del Grand Velas Riviera Maya en sustituci\u00f3n de Heriberto Cota.<\/p>\n<p><b>Lugar de origen:<\/b>\u00a0Espa\u00f1a.<\/p>\n<p><b>Arribo a Playa del Carmen:\u00a0<\/b>2010<\/p>\n<p><b>Estudios:\u00a0<\/b>Licenciado en Econom\u00eda, Universidad San Pablo-CEU; diplomado en Gesti\u00f3n y Administraci\u00f3n de Empresas Hoteleras, Centro Superior de Hosteler\u00eda de Galicia.<\/p>\n<p><b>Desarrollo profesional:<\/b>\u00a0Hoteles Royal Tulum, Royal Hideaway, Royal Oasis,\u00a0 Allegro Papagayo Hotel.<\/p>\n<p><img loading=\"lazy\" decoding=\"async\" class=\"aligncenter size-full wp-image-30082\" src=\"http:\/\/l21.mx\/wp-content\/uploads\/2017\/12\/jessica-pantoja.jpg\" alt=\"\" width=\"399\" height=\"569\" srcset=\"https:\/\/l21.mx\/wp-content\/uploads\/2017\/12\/jessica-pantoja.jpg 399w, https:\/\/l21.mx\/wp-content\/uploads\/2017\/12\/jessica-pantoja-210x300.jpg 210w\" sizes=\"(max-width: 399px) 100vw, 399px\" \/><\/p>\n<p style=\"text-align: center;\">EMPRESAS<\/p>\n<p><b>Jessica Pantoja\u00a0<\/b>es nombrada gerente de Ventas en\u00a0Marina Sunrise\u00a0(Puesto de nueva creaci\u00f3n).<\/p>\n<p><b>Lugar de origen:<\/b>\u00a0Ciudad de M\u00e9xico.<\/p>\n<p><b>Arribo a Canc\u00fan:<\/b>\u00a02002<\/p>\n<p><b>Estudios:\u00a0<\/b>Licenciada en Administraci\u00f3n, Instituto Tecnol\u00f3gico de Sat\u00e9lite.<\/p>\n<p><b>Desarrollo profesional:<\/b>\u00a0Hotel Le Meridien Canc\u00fan Resort &amp; Spa, Starwood Hotels, The Westin y Sheraton Canc\u00fan.<\/p>\n<p><img loading=\"lazy\" decoding=\"async\" class=\"aligncenter size-full wp-image-30083\" src=\"http:\/\/l21.mx\/wp-content\/uploads\/2017\/12\/andrew-cumming.jpg\" alt=\"\" width=\"401\" height=\"567\" srcset=\"https:\/\/l21.mx\/wp-content\/uploads\/2017\/12\/andrew-cumming.jpg 401w, https:\/\/l21.mx\/wp-content\/uploads\/2017\/12\/andrew-cumming-212x300.jpg 212w\" sizes=\"(max-width: 401px) 100vw, 401px\" \/><\/p>\n<p style=\"text-align: center;\">HOTELES<\/p>\n<p><b>Andrew Cumming<\/b>\u00a0es el nuevo gerente del hotel Paradisus Playa del Carmen La Perla &amp;\u00a0La Esmeralda, en sustituci\u00f3n\u00a0de Stefano Sturni.<\/p>\n<p><b>Lugar de origen:\u00a0<\/b>Inglaterra.<\/p>\n<p><b>Arribo a Canc\u00fan:<\/b>\u00a02010<\/p>\n<p><b>Estudios:\u00a0<\/b>Administraci\u00f3n de Empresas Hoteleras, Universidad Nueva Esparta, Isla Margarita, Venezuela; diplomado en Herramienta Six Sigma, Tecnol\u00f3gico de Monterrey.<\/p>\n<p><b>Desarrollo profesional:\u00a0<\/b>Royalton Riviera Canc\u00fan, Four Seasons, hotel Dorado Royale.<\/p>\n","protected":false},"excerpt":{"rendered":"<p>GOBIERNO Juan Emmanuel Gonz\u00e1lez\u00a0asume el cargo de delegado regional de Fonatur. Lugar de origen:\u00a0Cozumel, Q.Roo. Estudios:\u00a0Licenciado&hellip;<\/p>\n","protected":false},"author":2,"featured_media":30086,"comment_status":"open","ping_status":"open","sticky":false,"template":"","format":"standard","meta":{"_acf_changed":false,"_lmt_disableupdate":"","_lmt_disable":"","_mbp_gutenberg_autopost":false,"footnotes":""},"categories":[9,23],"tags":[],"class_list":["post-30074","post","type-post","status-publish","format-standard","has-post-thumbnail","hentry","category-nombramientos","category-noticias"],"acf":[],"_links":{"self":[{"href":"https:\/\/l21.mx\/index.php?rest_route=\/wp\/v2\/posts\/30074","targetHints":{"allow":["GET"]}}],"collection":[{"href":"https:\/\/l21.mx\/index.php?rest_route=\/wp\/v2\/posts"}],"about":[{"href":"https:\/\/l21.mx\/index.php?rest_route=\/wp\/v2\/types\/post"}],"author":[{"embeddable":true,"href":"https:\/\/l21.mx\/index.php?rest_route=\/wp\/v2\/users\/2"}],"replies":[{"embeddable":true,"href":"https:\/\/l21.mx\/index.php?rest_route=%2Fwp%2Fv2%2Fcomments&post=30074"}],"version-history":[{"count":0,"href":"https:\/\/l21.mx\/index.php?rest_route=\/wp\/v2\/posts\/30074\/revisions"}],"wp:featuredmedia":[{"embeddable":true,"href":"https:\/\/l21.mx\/index.php?rest_route=\/wp\/v2\/media\/30086"}],"wp:attachment":[{"href":"https:\/\/l21.mx\/index.php?rest_route=%2Fwp%2Fv2%2Fmedia&parent=30074"}],"wp:term":[{"taxonomy":"category","embeddable":true,"href":"https:\/\/l21.mx\/index.php?rest_route=%2Fwp%2Fv2%2Fcategories&post=30074"},{"taxonomy":"post_tag","embeddable":true,"href":"https:\/\/l21.mx\/index.php?rest_route=%2Fwp%2Fv2%2Ftags&post=30074"}],"curies":[{"name":"wp","href":"https:\/\/api.w.org\/{rel}","templated":true}]}}