{"id":30127,"date":"2017-12-15T13:52:16","date_gmt":"2017-12-15T18:52:16","guid":{"rendered":"http:\/\/innovatori.space\/lat21\/?p=30127"},"modified":"2017-12-15T13:52:28","modified_gmt":"2017-12-15T18:52:28","slug":"preven-altos-niveles-de-ocupacion-en-el-caribe-mexicano","status":"publish","type":"post","link":"https:\/\/l21.mx\/?p=30127","title":{"rendered":"Prev\u00e9n altos niveles de ocupaci\u00f3n en el Caribe mexicano"},"content":{"rendered":"<p><img fetchpriority=\"high\" decoding=\"async\" class=\"alignleft size-full wp-image-30129\" src=\"http:\/\/l21.mx\/wp-content\/uploads\/2017\/12\/Prev\u00e9n-altos-niveles-de-ocupaci\u00f3n-en-el-Caribe-mexicano.jpeg\" alt=\"\" width=\"1280\" height=\"466\" srcset=\"https:\/\/l21.mx\/wp-content\/uploads\/2017\/12\/Prev\u00e9n-altos-niveles-de-ocupaci\u00f3n-en-el-Caribe-mexicano.jpeg 1280w, https:\/\/l21.mx\/wp-content\/uploads\/2017\/12\/Prev\u00e9n-altos-niveles-de-ocupaci\u00f3n-en-el-Caribe-mexicano-300x109.jpeg 300w, https:\/\/l21.mx\/wp-content\/uploads\/2017\/12\/Prev\u00e9n-altos-niveles-de-ocupaci\u00f3n-en-el-Caribe-mexicano-1024x373.jpeg 1024w, https:\/\/l21.mx\/wp-content\/uploads\/2017\/12\/Prev\u00e9n-altos-niveles-de-ocupaci\u00f3n-en-el-Caribe-mexicano-768x280.jpeg 768w, https:\/\/l21.mx\/wp-content\/uploads\/2017\/12\/Prev\u00e9n-altos-niveles-de-ocupaci\u00f3n-en-el-Caribe-mexicano-1170x426.jpeg 1170w, https:\/\/l21.mx\/wp-content\/uploads\/2017\/12\/Prev\u00e9n-altos-niveles-de-ocupaci\u00f3n-en-el-Caribe-mexicano-585x213.jpeg 585w\" sizes=\"(max-width: 1280px) 100vw, 1280px\" \/><\/p>\n<p>&nbsp;<\/p>\n<p>CANCUN. Para la temporada de fin de a\u00f1o, en el Caribe mexicano se prev\u00e9 recibir 925 mil 613 turistas, lo que representa un incremento de 8.9% respecto al mismo periodo del a\u00f1o pasado, lo que a su vez permitir\u00e1 que m\u00e1s visitantes disfruten las bellezas naturales, culturales y gastron\u00f3micas de Quintana Roo y m\u00e1s familias reciban los beneficios directos del turismo.<\/p>\n<p>\u00a8Las buenas expectativas en la \u00e9poca decembrina demuestran la fuerza, vitalidad y crecimiento de los productos tur\u00edsticos del Caribe Mexicano. Es una temporada muy importante para nuestros destinos y todos debemos atender con calidad a nuestros visitantes para que regresen y sigan recomendando visitar Quintana Roo\u00a8, sostuvo Marisol Vanegas, secretaria estatal de Turismo.<\/p>\n<p>De acuerdo con las previsiones de fin de a\u00f1o, la ocupaci\u00f3n hotelera estatal, ser\u00eda de 85.6%, lo que representa un incremento de 1.1% respecto a la temporada de fin de a\u00f1o de 2016. Algunos destinos reportar\u00edan incluso llenos totales.<\/p>\n<p>En cuanto a derrama econ\u00f3mica, la titular de Sedetur adelant\u00f3 que se estima captar 731.93 millones de d\u00f3lares, lo que representar\u00eda un incremento de 8.3%, comparado con la derrama econ\u00f3mica del mismo periodo del a\u00f1o pasado.<\/p>\n<p>La funcionaria inform\u00f3 que el domingo 17 de diciembre, se llevar\u00e1 a cabo el lanzamiento oficial de la temporada vacacional decembrina, con la presencia de integrantes de todo el sector y autoridades de los tres niveles de gobierno, acto que ser\u00e1 encabezado por el gobernador Carlos Joaqu\u00edn.<\/p>\n<p>Reportes de la Official Airline Guide (OAG), indican que en el mes de diciembre, se registra una oferta de 874 mil 210 asientos a\u00e9reos a Canc\u00fan, lo que representa un incremento del 9.72% respecto al mismo mes de 2018. En enero de 2018, la oferta de asientos a\u00e9reos a Canc\u00fan ser\u00e1 de 909 mil 145, lo que representa un incremento de 7.53%, respecto al mismo mes de 2016.<\/p>\n<p>Entre los nuevos vuelos a Canc\u00fan destacan operaciones desde Pittsburgh, Pensilvania, Raleigh, Nashville, Tennessee, San Luis Misuri, Chicago, Baltimore, Costa Rica, Chihuahua, Chicago, Nueva Jersey, Vancouver, Dusseldorf, Par\u00eds, entre otros.<\/p>\n","protected":false},"excerpt":{"rendered":"<p>&nbsp; CANCUN. Para la temporada de fin de a\u00f1o, en el Caribe mexicano se prev\u00e9 recibir&hellip;<\/p>\n","protected":false},"author":2,"featured_media":30129,"comment_status":"open","ping_status":"open","sticky":false,"template":"","format":"standard","meta":{"_acf_changed":false,"_lmt_disableupdate":"","_lmt_disable":"","_mbp_gutenberg_autopost":false,"footnotes":""},"categories":[23,1,8],"tags":[],"class_list":["post-30127","post","type-post","status-publish","format-standard","has-post-thumbnail","hentry","category-noticias","category-sin-categoria","category-turismo"],"acf":[],"_links":{"self":[{"href":"https:\/\/l21.mx\/index.php?rest_route=\/wp\/v2\/posts\/30127","targetHints":{"allow":["GET"]}}],"collection":[{"href":"https:\/\/l21.mx\/index.php?rest_route=\/wp\/v2\/posts"}],"about":[{"href":"https:\/\/l21.mx\/index.php?rest_route=\/wp\/v2\/types\/post"}],"author":[{"embeddable":true,"href":"https:\/\/l21.mx\/index.php?rest_route=\/wp\/v2\/users\/2"}],"replies":[{"embeddable":true,"href":"https:\/\/l21.mx\/index.php?rest_route=%2Fwp%2Fv2%2Fcomments&post=30127"}],"version-history":[{"count":0,"href":"https:\/\/l21.mx\/index.php?rest_route=\/wp\/v2\/posts\/30127\/revisions"}],"wp:featuredmedia":[{"embeddable":true,"href":"https:\/\/l21.mx\/index.php?rest_route=\/wp\/v2\/media\/30129"}],"wp:attachment":[{"href":"https:\/\/l21.mx\/index.php?rest_route=%2Fwp%2Fv2%2Fmedia&parent=30127"}],"wp:term":[{"taxonomy":"category","embeddable":true,"href":"https:\/\/l21.mx\/index.php?rest_route=%2Fwp%2Fv2%2Fcategories&post=30127"},{"taxonomy":"post_tag","embeddable":true,"href":"https:\/\/l21.mx\/index.php?rest_route=%2Fwp%2Fv2%2Ftags&post=30127"}],"curies":[{"name":"wp","href":"https:\/\/api.w.org\/{rel}","templated":true}]}}