{"id":30163,"date":"2017-12-21T10:55:44","date_gmt":"2017-12-21T15:55:44","guid":{"rendered":"http:\/\/innovatori.space\/lat21\/?p=30163"},"modified":"2017-12-21T10:55:44","modified_gmt":"2017-12-21T15:55:44","slug":"barcelo-incorpora-un-nuevo-hotel-en-cuba","status":"publish","type":"post","link":"https:\/\/l21.mx\/?p=30163","title":{"rendered":"BARCEL\u00d3 INCORPORA UN NUEVO HOTEL EN CUBA"},"content":{"rendered":"<p><img fetchpriority=\"high\" decoding=\"async\" class=\"alignleft size-full wp-image-30164\" src=\"http:\/\/l21.mx\/wp-content\/uploads\/2017\/12\/barcelo-cuba.jpg\" alt=\"\" width=\"720\" height=\"540\" srcset=\"https:\/\/l21.mx\/wp-content\/uploads\/2017\/12\/barcelo-cuba.jpg 720w, https:\/\/l21.mx\/wp-content\/uploads\/2017\/12\/barcelo-cuba-300x225.jpg 300w, https:\/\/l21.mx\/wp-content\/uploads\/2017\/12\/barcelo-cuba-585x439.jpg 585w\" sizes=\"(max-width: 720px) 100vw, 720px\" \/><\/p>\n<p>Barcel\u00f3 Hotel Group acaba de suscribir con el grupo hotelero cubano Gran Caribe un nuevo contrato de gesti\u00f3n en el balneario tur\u00edstico de Varadero. Se trata del que a partir de ahora se denominar\u00e1 Allegro Palma Real, con 470 habitaciones, restaurante buffet, tres restaurantes a la carta, cuatro bares, tres piscinas, pista de tenis y un atractivo programa de animaci\u00f3n para todas las edades.<\/p>\n<p>Coincidiendo con la firma de este nuevo contrato, que entrar\u00e1 en vigor el 1 de enero de 2018, se ha producido tambi\u00e9n la renovaci\u00f3n por 10 a\u00f1os de los contratos de gesti\u00f3n de los otros dos establecimientos, propiedad de Gran Caribe, gestionados por Barcel\u00f3 y situados en Varadero, lo que ha permitido tambi\u00e9n proceder a la implantaci\u00f3n de la nueva estructura de marcas dise\u00f1ada por Barcel\u00f3 Hotel Group. Por lo tanto, a partir de ahora, la presencia de Barcel\u00f3 en Varadero est\u00e1 distribuida entre los siguientes establecimientos:<\/p>\n<ul>\n<li>Barcel\u00f3 Solymar, de 525 habitaciones<\/li>\n<li>Occidental Arenas Blancas, con 358 habitaciones<\/li>\n<li>Allegro Palma Real, de 470 habitaciones<\/li>\n<\/ul>\n<p>Tras la incorporaci\u00f3n del Allegro Palma Real, y dada la proximidad entre los establecimientos, se constituye un resort en primera l\u00ednea de una de las mejores \u00e1reas de playa de Varadero, y con una oferta conjunta de entretenimiento y restauraci\u00f3n extraordinaria, que comprende siete piscinas, tres restaurantes buffet, ocho restaurantes a la carta, 17 bares, discoteca, tres teatros, canchas de tenis, gimnasio y pistas polideportivas. Un total de 1.353 habitaciones que lo convierten en el tercer complejo m\u00e1s grande de la cadena en Latinoam\u00e9rica (tras los resorts de Riviera Maya y Playa B\u00e1varo).<\/p>\n<p>Juan Antonio Montes, director general para Cuba de <a href=\"http:\/\/www.barcelogrupo.com\/\" target=\"_blank\" rel=\"noopener\">Barcel\u00f3 Hotel Group<\/a>, ha manifestado: \u201cestamos muy satisfechos por renovar y ampliar la relaci\u00f3n con Gran Caribe, que se inici\u00f3 en 2002 con el primer contrato de gesti\u00f3n, y tambi\u00e9n porque supone la confirmaci\u00f3n del compromiso de Barcelo Hotel Group con el sector tur\u00edstico de Cuba. Estamos convencidos que, con la implantaci\u00f3n de las nuevas marcas en Varadero, vamos a poder cubrir todo el abanico de necesidades que nuestros clientes puedan precisar, ofreciendo variados conceptos y experiencias con especial \u00e9nfasis en el entretenimiento\u201d.<\/p>\n","protected":false},"excerpt":{"rendered":"<p>Barcel\u00f3 Hotel Group acaba de suscribir con el grupo hotelero cubano Gran Caribe un nuevo contrato&hellip;<\/p>\n","protected":false},"author":2,"featured_media":30164,"comment_status":"open","ping_status":"open","sticky":false,"template":"","format":"standard","meta":{"_acf_changed":false,"_lmt_disableupdate":"","_lmt_disable":"","_mbp_gutenberg_autopost":false,"footnotes":""},"categories":[23,8],"tags":[],"class_list":["post-30163","post","type-post","status-publish","format-standard","has-post-thumbnail","hentry","category-noticias","category-turismo"],"acf":[],"_links":{"self":[{"href":"https:\/\/l21.mx\/index.php?rest_route=\/wp\/v2\/posts\/30163","targetHints":{"allow":["GET"]}}],"collection":[{"href":"https:\/\/l21.mx\/index.php?rest_route=\/wp\/v2\/posts"}],"about":[{"href":"https:\/\/l21.mx\/index.php?rest_route=\/wp\/v2\/types\/post"}],"author":[{"embeddable":true,"href":"https:\/\/l21.mx\/index.php?rest_route=\/wp\/v2\/users\/2"}],"replies":[{"embeddable":true,"href":"https:\/\/l21.mx\/index.php?rest_route=%2Fwp%2Fv2%2Fcomments&post=30163"}],"version-history":[{"count":0,"href":"https:\/\/l21.mx\/index.php?rest_route=\/wp\/v2\/posts\/30163\/revisions"}],"wp:featuredmedia":[{"embeddable":true,"href":"https:\/\/l21.mx\/index.php?rest_route=\/wp\/v2\/media\/30164"}],"wp:attachment":[{"href":"https:\/\/l21.mx\/index.php?rest_route=%2Fwp%2Fv2%2Fmedia&parent=30163"}],"wp:term":[{"taxonomy":"category","embeddable":true,"href":"https:\/\/l21.mx\/index.php?rest_route=%2Fwp%2Fv2%2Fcategories&post=30163"},{"taxonomy":"post_tag","embeddable":true,"href":"https:\/\/l21.mx\/index.php?rest_route=%2Fwp%2Fv2%2Ftags&post=30163"}],"curies":[{"name":"wp","href":"https:\/\/api.w.org\/{rel}","templated":true}]}}