{"id":30173,"date":"2017-12-26T12:33:39","date_gmt":"2017-12-26T17:33:39","guid":{"rendered":"http:\/\/innovatori.space\/lat21\/?p=30173"},"modified":"2017-12-26T12:33:39","modified_gmt":"2017-12-26T17:33:39","slug":"incrementa-ocupacion-hotelera-en-pierto-morelos","status":"publish","type":"post","link":"https:\/\/l21.mx\/?p=30173","title":{"rendered":"INCREMENTA OCUPACI\u00d3N HOTELERA EN PIERTO MORELOS"},"content":{"rendered":"<p class=\"m_-2045192954946166574gmail-MsoNormal\" align=\"center\"><img fetchpriority=\"high\" decoding=\"async\" class=\"alignleft size-full wp-image-23068\" src=\"http:\/\/l21.mx\/wp-content\/uploads\/2016\/12\/puerto-morelos-1.jpg\" alt=\"\" width=\"1200\" height=\"800\" srcset=\"https:\/\/l21.mx\/wp-content\/uploads\/2016\/12\/puerto-morelos-1.jpg 1200w, https:\/\/l21.mx\/wp-content\/uploads\/2016\/12\/puerto-morelos-1-300x200.jpg 300w, https:\/\/l21.mx\/wp-content\/uploads\/2016\/12\/puerto-morelos-1-1024x683.jpg 1024w, https:\/\/l21.mx\/wp-content\/uploads\/2016\/12\/puerto-morelos-1-768x512.jpg 768w, https:\/\/l21.mx\/wp-content\/uploads\/2016\/12\/puerto-morelos-1-1170x780.jpg 1170w, https:\/\/l21.mx\/wp-content\/uploads\/2016\/12\/puerto-morelos-1-585x390.jpg 585w, https:\/\/l21.mx\/wp-content\/uploads\/2016\/12\/puerto-morelos-1-263x175.jpg 263w\" sizes=\"(max-width: 1200px) 100vw, 1200px\" \/><\/p>\n<p class=\"m_-2045192954946166574gmail-MsoNormal\" align=\"center\">\u00a0<strong>El posicionamiento de la marca Puerto Morelos en el \u00e1mbito tur\u00edstico nacional e internacional ha permitido que se incremente en 10% la ocupaci\u00f3n hotelera en el destino en este a\u00f1o.<\/strong><\/p>\n<p class=\"m_-2045192954946166574gmail-MsoNormal\">\u201cHemos mantenido \u00edndices de habitaciones ocupadas por encima de las expectativas, con alrededor de un 80% promedio durante todo el a\u00f1o, lo que habla de que Puerto Morelos se ha convertido en un referente para los tour operadores y agencias de viajes\u201d, se\u00f1al\u00f3 la presidenta municipal Laura Fern\u00e1ndez.<\/p>\n<p class=\"m_-2045192954946166574gmail-MsoNormal\">Coment\u00f3 que durante la Nochebuena, este destino registr\u00f3 una ocupaci\u00f3n promedio, en sus siete mil habitaciones, muy por encima del 90%, y de acuerdo con datos de la Asociaci\u00f3n de Hoteles de Canc\u00fan y Puerto Morelos, esta semana se alcanzar\u00e1 el lleno total en los centros de hospedaje.<\/p>\n<p class=\"m_-2045192954946166574gmail-MsoNormal\">\u201cLa sinergia de trabajo con el gobernador Carlos Joaqu\u00edn Gonz\u00e1lez ha permitido que Puerto Morelos se transforme en todos los \u00e1mbitos y mejore la calidad de vida de la poblaci\u00f3n. Vamos por m\u00e1s para nuestro Pueblo con Encanto en 2018, con proyectos que transformar\u00e1n el rostro de la zona tur\u00edstica\u201d, indic\u00f3.<\/p>\n<p class=\"m_-2045192954946166574gmail-MsoNormal\">Laura Fern\u00e1ndez explic\u00f3 que antes Puerto Morelos era promocionado como un complemento de Canc\u00fan y Riviera Maya, pero ahora, con identidad propia, ha logrado consolidarse como marca tur\u00edstica de M\u00e9xico.<\/p>\n<p class=\"m_-2045192954946166574gmail-MsoNormal\">\u201cParticipamos en las m\u00e1s importantes ferias tur\u00edsticas nacionales e internacionales, para ofrecer a Puerto Morelos como un lugar que tiene todo para pasar las mejores vacaciones: 18 kil\u00f3metros de playas y 35 de la Ruta de los Cenotes, hoteles de gran turismo y para todos los bolsillos, naturaleza, gastronom\u00eda, historia y cultura\u201d, precis\u00f3.<\/p>\n<p class=\"m_-2045192954946166574gmail-MsoNormal\">La Presidenta Municipal destac\u00f3 el trabajo coordinado que el ayuntamiento lleva a cabo con instancias como el Consejo de Promoci\u00f3n de Tur\u00edstica de M\u00e9xico (CPTM) y el Gobierno del Estado, para poder promocionar y vender al destino en los principales mercados tur\u00edsticos del mundo.<\/p>\n","protected":false},"excerpt":{"rendered":"<p>\u00a0El posicionamiento de la marca Puerto Morelos en el \u00e1mbito tur\u00edstico nacional e internacional ha permitido&hellip;<\/p>\n","protected":false},"author":2,"featured_media":0,"comment_status":"open","ping_status":"open","sticky":false,"template":"","format":"standard","meta":{"_acf_changed":false,"_lmt_disableupdate":"","_lmt_disable":"","_mbp_gutenberg_autopost":false,"footnotes":""},"categories":[23,8],"tags":[],"class_list":["post-30173","post","type-post","status-publish","format-standard","hentry","category-noticias","category-turismo"],"acf":[],"_links":{"self":[{"href":"https:\/\/l21.mx\/index.php?rest_route=\/wp\/v2\/posts\/30173","targetHints":{"allow":["GET"]}}],"collection":[{"href":"https:\/\/l21.mx\/index.php?rest_route=\/wp\/v2\/posts"}],"about":[{"href":"https:\/\/l21.mx\/index.php?rest_route=\/wp\/v2\/types\/post"}],"author":[{"embeddable":true,"href":"https:\/\/l21.mx\/index.php?rest_route=\/wp\/v2\/users\/2"}],"replies":[{"embeddable":true,"href":"https:\/\/l21.mx\/index.php?rest_route=%2Fwp%2Fv2%2Fcomments&post=30173"}],"version-history":[{"count":0,"href":"https:\/\/l21.mx\/index.php?rest_route=\/wp\/v2\/posts\/30173\/revisions"}],"wp:attachment":[{"href":"https:\/\/l21.mx\/index.php?rest_route=%2Fwp%2Fv2%2Fmedia&parent=30173"}],"wp:term":[{"taxonomy":"category","embeddable":true,"href":"https:\/\/l21.mx\/index.php?rest_route=%2Fwp%2Fv2%2Fcategories&post=30173"},{"taxonomy":"post_tag","embeddable":true,"href":"https:\/\/l21.mx\/index.php?rest_route=%2Fwp%2Fv2%2Ftags&post=30173"}],"curies":[{"name":"wp","href":"https:\/\/api.w.org\/{rel}","templated":true}]}}