{"id":30178,"date":"2017-12-26T12:40:52","date_gmt":"2017-12-26T17:40:52","guid":{"rendered":"http:\/\/innovatori.space\/lat21\/?p=30178"},"modified":"2017-12-26T12:40:52","modified_gmt":"2017-12-26T17:40:52","slug":"32-de-los-mexicanos-considera-que-la-navidad-afecta-su-bolsillo","status":"publish","type":"post","link":"https:\/\/l21.mx\/?p=30178","title":{"rendered":"32% de los mexicanos considera que la Navidad afecta su bolsillo\u00a0"},"content":{"rendered":"<p><img fetchpriority=\"high\" decoding=\"async\" class=\"alignleft size-full wp-image-30027\" src=\"http:\/\/l21.mx\/wp-content\/uploads\/2017\/12\/aguinaldo-navidad.jpg\" alt=\"\" width=\"586\" height=\"256\" srcset=\"https:\/\/l21.mx\/wp-content\/uploads\/2017\/12\/aguinaldo-navidad.jpg 586w, https:\/\/l21.mx\/wp-content\/uploads\/2017\/12\/aguinaldo-navidad-300x131.jpg 300w\" sizes=\"(max-width: 586px) 100vw, 586px\" \/><\/p>\n<p>Los mexicanos junto a sus familiares y convivieron en la t\u00edpica cena navide\u00f1a, y por qu\u00e9 no, hasta recibieron alg\u00fan presente de final de a\u00f1o.<\/p>\n<p>Por este motivo y para conocer de qu\u00e9 manera afecta esta festividad en la econom\u00eda de las familias mexicanas, la casa encuestadora De las Heras Demotecnia realiz\u00f3 el siguiente estudio previo a la Navidad en donde se revela que solo 8% de los encuestados pagar\u00e1 sus gastos en abonos.<\/p>\n<p>Cuando se le pregunt\u00f3 a los mexicanos sobre su \u00e1nimo durante las fiestas decembrinas, 71% mencion\u00f3 estar muy animado, frente a 5% que dijo no tener esp\u00edritu para celebrar en esta \u00e9poca.<\/p>\n<p>Como es de esperarse muchas personas dejan las compras navide\u00f1as al \u00faltimo, sin embargo, en esta ocasi\u00f3n 50% de los mexicanos afirm\u00f3 ya haber adquirido todos sus regalos y solamente 12% dijo que a\u00fan le falta mucho por comprar.<\/p>\n<p>Otro de los aspectos que preocupa a los mexicanos durante este mes es su econom\u00eda. De hecho, 32% de las personas que participaron en dicha encuesta mencionaron que los gastos de este mes les afecta y mucho, y solamente 6% dijo que la compra de regalos y dem\u00e1s parafernalia relacionada con estas fechas no le afecta para nada.<\/p>\n<p>Sin embargo, cuando se les pregunt\u00f3 de qu\u00e9 manera piensan pagar los gastos generados a lo largo de este mes, 43% contest\u00f3 que pagar\u00eda todo con tarjeta de cr\u00e9dito y a plazos, 14% confes\u00f3 pagar todo de contado y s\u00f3lo 11% no gastar\u00e1 en estas fechas.<\/p>\n","protected":false},"excerpt":{"rendered":"<p>Los mexicanos junto a sus familiares y convivieron en la t\u00edpica cena navide\u00f1a, y por qu\u00e9&hellip;<\/p>\n","protected":false},"author":2,"featured_media":0,"comment_status":"open","ping_status":"open","sticky":false,"template":"","format":"standard","meta":{"_acf_changed":false,"_lmt_disableupdate":"","_lmt_disable":"","_mbp_gutenberg_autopost":false,"footnotes":""},"categories":[4,23],"tags":[],"class_list":["post-30178","post","type-post","status-publish","format-standard","hentry","category-empresas-y-negocios","category-noticias"],"acf":[],"_links":{"self":[{"href":"https:\/\/l21.mx\/index.php?rest_route=\/wp\/v2\/posts\/30178","targetHints":{"allow":["GET"]}}],"collection":[{"href":"https:\/\/l21.mx\/index.php?rest_route=\/wp\/v2\/posts"}],"about":[{"href":"https:\/\/l21.mx\/index.php?rest_route=\/wp\/v2\/types\/post"}],"author":[{"embeddable":true,"href":"https:\/\/l21.mx\/index.php?rest_route=\/wp\/v2\/users\/2"}],"replies":[{"embeddable":true,"href":"https:\/\/l21.mx\/index.php?rest_route=%2Fwp%2Fv2%2Fcomments&post=30178"}],"version-history":[{"count":0,"href":"https:\/\/l21.mx\/index.php?rest_route=\/wp\/v2\/posts\/30178\/revisions"}],"wp:attachment":[{"href":"https:\/\/l21.mx\/index.php?rest_route=%2Fwp%2Fv2%2Fmedia&parent=30178"}],"wp:term":[{"taxonomy":"category","embeddable":true,"href":"https:\/\/l21.mx\/index.php?rest_route=%2Fwp%2Fv2%2Fcategories&post=30178"},{"taxonomy":"post_tag","embeddable":true,"href":"https:\/\/l21.mx\/index.php?rest_route=%2Fwp%2Fv2%2Ftags&post=30178"}],"curies":[{"name":"wp","href":"https:\/\/api.w.org\/{rel}","templated":true}]}}