{"id":30183,"date":"2017-12-26T14:27:58","date_gmt":"2017-12-26T19:27:58","guid":{"rendered":"http:\/\/innovatori.space\/lat21\/?p=30183"},"modified":"2017-12-26T14:27:58","modified_gmt":"2017-12-26T19:27:58","slug":"uber-pausa-operaciones-en-cancun","status":"publish","type":"post","link":"https:\/\/l21.mx\/?p=30183","title":{"rendered":"Uber pausa operaciones en Canc\u00fan"},"content":{"rendered":"<header class=\"article-title__wrapper\">\n<div class=\"article-title\">\n<h1><img fetchpriority=\"high\" decoding=\"async\" class=\"alignleft size-full wp-image-30184\" src=\"http:\/\/l21.mx\/wp-content\/uploads\/2017\/12\/uber-cancun.jpg\" alt=\"\" width=\"881\" height=\"487\" srcset=\"https:\/\/l21.mx\/wp-content\/uploads\/2017\/12\/uber-cancun.jpg 881w, https:\/\/l21.mx\/wp-content\/uploads\/2017\/12\/uber-cancun-300x166.jpg 300w, https:\/\/l21.mx\/wp-content\/uploads\/2017\/12\/uber-cancun-768x425.jpg 768w, https:\/\/l21.mx\/wp-content\/uploads\/2017\/12\/uber-cancun-585x323.jpg 585w\" sizes=\"(max-width: 881px) 100vw, 881px\" \/><\/h1>\n<h1 id=\"post-title\">El comunicado lo anuncian en en portal de la empresa e indican que es con el prop\u00f3sito de fomentar una regulaci\u00f3n incluyente de la mano de las autoridades estatales<\/h1>\n<\/div>\n<\/header>\n<div id=\"article-share\" class=\"article-share flex-hor-center\"><\/div>\n<div><\/div>\n<div id=\"post-content\" class=\"article-body flex flex-hor-center no-hero\">\n<div>\n<ul>\n<li><i>Trabajando de la mano con las autoridades estatales y el Congreso para el desarrollo y aprobaci\u00f3n de una regulaci\u00f3n de Empresas de Redes de Transporte (ERTs), Uber temporalmente pausar\u00e1 sus operaciones a partir de hoy mi\u00e9rcoles\u00a027 de diciembre a las 9:00h.<\/i><\/li>\n<\/ul>\n<ul>\n<li>Durante el periodo de pausa, Uber dar\u00e1 soporte t\u00e9cnico especializado a los m\u00e1s de mil socios conductores, revisar\u00e1 la calidad del servicio; y planea continuar con su inversi\u00f3n en la ciudad.<\/li>\n<\/ul>\n<p>&nbsp;<\/p>\n<p>En su compromiso con usuarios y socios conductores, y con el objetivo de trabajar de la mano con las autoridades estatales y el Congreso local para la pronta aprobaci\u00f3n de una regulaci\u00f3n incluyente, Uber pausar\u00e1 sus operaciones en Canc\u00fan a partir del mi\u00e9rcoles\u00a027 de diciembre a las 9:00h.<\/p>\n<p>Uber continuar\u00e1 dando total soporte t\u00e9cnico a los m\u00e1s de 1,000 socios conductores mediante su Centro de Atenci\u00f3n que permanecer\u00e1 abierto y mantiene su compromiso con la ciudad. Adem\u00e1s, aprovechar\u00e1 este periodo para hacer alianzas con Socios Comerciales que ofrezcan cursos de seguridad, calidad y funcionalidades de la aplicaci\u00f3n\u00a0para que, en caso de reanudar operaciones, podamos brindar un mejor servicio y una destacada calidad a los autos registrados.<\/p>\n<p>Uber ha trabajado de manera constante con el gobierno de Quintana Roo para crear el mejor marco regulatorio posible para usuarios y socios conductores. El equipo especializado en Pol\u00edticas P\u00fablicas de la empresa ha tenido constantes pl\u00e1ticas con los poderes Ejecutivo y Legislativo para adoptar una regulaci\u00f3n que beneficie el progreso econ\u00f3mico, tur\u00edstico y de movilidad en el estado.<\/p>\n<p>En seguimiento a estos esfuerzos, hoy la compa\u00f1\u00eda da un paso\u00a0para fomentar la conversaci\u00f3n y as\u00ed contribuir a establecer un ecosistema y un marco legal propicio que brinde tranquilidad en el uso de aplicaciones de Empresas de Redes de Transporte (ERTs) tanto para socios conductores como usuarios.<\/p>\n<p>\u201cEste es un ejemplo m\u00e1s que demuestra como, en Uber, queremos estar regulados y trabajar de la mano con el gobierno\u201d, mencion\u00f3 Federico Ranero, Gerente General de Uber en M\u00e9xico.<\/p>\n<p>Uber ha operado durante los \u00faltimos 15 meses en Canc\u00fan desde septiembre de 2016. Durante este periodo, m\u00e1s de 300 mil personas han utilizado el servicio, siendo 60% turistas nacionales e internacionales, y cerca de 5 mil ciudadanos se han registrado como socios conductores para generar ganancias adicionales.<\/p>\n<p>\u201cCelebramos que las autoridades locales est\u00e9n abiertos a una regulaci\u00f3n y por ello tengan ya una propuesta bajo revisi\u00f3n. Ya hemos hecho p\u00fablicas las oportunidades que identificamos en esta regulaci\u00f3n, como lo son valor y antig\u00fcedad m\u00ednima del veh\u00edculo, y hemos recibido una respuesta inicial favorable por parte de las autoridades. Confiamos que Quintana Roo ser\u00e1 el siguiente estado de la Rep\u00fablica con una regulaci\u00f3n de ERTs incluyente y ejemplo para el resto del pa\u00eds\u201d concluy\u00f3 Ranero. (Fuente\u00a0uber.com)<\/p>\n<\/div>\n<\/div>\n","protected":false},"excerpt":{"rendered":"<p>El comunicado lo anuncian en en portal de la empresa e indican que es con el&hellip;<\/p>\n","protected":false},"author":2,"featured_media":30184,"comment_status":"open","ping_status":"open","sticky":false,"template":"","format":"standard","meta":{"_acf_changed":false,"_lmt_disableupdate":"","_lmt_disable":"","_mbp_gutenberg_autopost":false,"footnotes":""},"categories":[4,23,1],"tags":[],"class_list":["post-30183","post","type-post","status-publish","format-standard","has-post-thumbnail","hentry","category-empresas-y-negocios","category-noticias","category-sin-categoria"],"acf":[],"_links":{"self":[{"href":"https:\/\/l21.mx\/index.php?rest_route=\/wp\/v2\/posts\/30183","targetHints":{"allow":["GET"]}}],"collection":[{"href":"https:\/\/l21.mx\/index.php?rest_route=\/wp\/v2\/posts"}],"about":[{"href":"https:\/\/l21.mx\/index.php?rest_route=\/wp\/v2\/types\/post"}],"author":[{"embeddable":true,"href":"https:\/\/l21.mx\/index.php?rest_route=\/wp\/v2\/users\/2"}],"replies":[{"embeddable":true,"href":"https:\/\/l21.mx\/index.php?rest_route=%2Fwp%2Fv2%2Fcomments&post=30183"}],"version-history":[{"count":0,"href":"https:\/\/l21.mx\/index.php?rest_route=\/wp\/v2\/posts\/30183\/revisions"}],"wp:featuredmedia":[{"embeddable":true,"href":"https:\/\/l21.mx\/index.php?rest_route=\/wp\/v2\/media\/30184"}],"wp:attachment":[{"href":"https:\/\/l21.mx\/index.php?rest_route=%2Fwp%2Fv2%2Fmedia&parent=30183"}],"wp:term":[{"taxonomy":"category","embeddable":true,"href":"https:\/\/l21.mx\/index.php?rest_route=%2Fwp%2Fv2%2Fcategories&post=30183"},{"taxonomy":"post_tag","embeddable":true,"href":"https:\/\/l21.mx\/index.php?rest_route=%2Fwp%2Fv2%2Ftags&post=30183"}],"curies":[{"name":"wp","href":"https:\/\/api.w.org\/{rel}","templated":true}]}}