{"id":30213,"date":"2018-01-02T13:14:10","date_gmt":"2018-01-02T18:14:10","guid":{"rendered":"http:\/\/innovatori.space\/lat21\/?p=30213"},"modified":"2018-10-01T17:08:06","modified_gmt":"2018-10-01T22:08:06","slug":"de-que-te-sirve-ser-el-mejor-si-no-lo-comunicas","status":"publish","type":"post","link":"https:\/\/l21.mx\/?p=30213","title":{"rendered":"\u00bfDe qu\u00e9 te sirve ser el mejor\u00a0si no lo comunicas?"},"content":{"rendered":"<div id=\"attachment_30216\" style=\"width: 217px\" class=\"wp-caption alignleft\"><img fetchpriority=\"high\" decoding=\"async\" aria-describedby=\"caption-attachment-30216\" class=\"wp-image-30216 size-medium\" src=\"http:\/\/l21.mx\/wp-content\/uploads\/2018\/01\/Ilan-Jose-Cohen_-207x300.jpg\" alt=\"\" width=\"207\" height=\"300\" srcset=\"https:\/\/l21.mx\/wp-content\/uploads\/2018\/01\/Ilan-Jose-Cohen_-207x300.jpg 207w, https:\/\/l21.mx\/wp-content\/uploads\/2018\/01\/Ilan-Jose-Cohen_.jpg 308w\" sizes=\"(max-width: 207px) 100vw, 207px\" \/><p id=\"caption-attachment-30216\" class=\"wp-caption-text\">Ilan Jos\u00e9 Cohen CEO Agencia Bindiva<\/p><\/div>\n<p>En los \u00faltimos a\u00f1os nos ha tocado vivir cambios acelerados en la forma de hacer negocios, las tendencias de la tecnolog\u00eda y de la automatizaci\u00f3n nos llevan a cuestionar los paradigmas y las formas de definir y ejecutar las acciones estrat\u00e9gicas dentro de una empresa.<\/p>\n<p>El liderazgo juega un papel esencial en las organizaciones de hoy, en donde el poco margen de error que hay ante la apertura a la informaci\u00f3n, y la abundante competencia en todos los sectores nos llevan a generar modelos organizacionales m\u00e1s eficientes, fomentados por una visi\u00f3n y un entendimiento m\u00e1s profundo sobre las necesidades de un mercado cada vez m\u00e1s cambiante y acelerado.<\/p>\n<p>A pesar de que hay empresas en M\u00e9xico y en el mundo que han subsistido y prosperado por varias d\u00e9cadas, hoy nos enfrentamos a un cliente o consumidor cada vez m\u00e1s informado, en donde en 15 segundos puedes tener acceso a cualquier informaci\u00f3n a trav\u00e9s de los medios digitales.<\/p>\n<p>Por lo mismo, es indispensable para toda organizaci\u00f3n generar una comunicaci\u00f3n efectiva con sus distintos p\u00fablicos, tomando en cuenta que las audiencias est\u00e1n presentes en distintos canales, adem\u00e1s de que existe una importante brecha generacional entre los<i> baby boomer<\/i>, la generaci\u00f3n \u2018X\u2019, la generaci\u00f3n \u2018Y\u2019 o\u00a0 <i>millennials<\/i> y la generaci\u00f3n \u2018Z\u2019.<\/p>\n<p>Tambi\u00e9n las brechas socioecon\u00f3micas se han transformado notablemente gracias al acceso a la tecnolog\u00eda, de forma que los medios digitales cada vez han abarcado m\u00e1s sectores socioculturales; en M\u00e9xico, 57% de la poblaci\u00f3n tiene un smartphone con acceso a las principales redes sociales y de b\u00fasqueda (Qualcomm e IDC).<\/p>\n<p>Por lo mismo es indispensable regresar a la ra\u00edz de la comunicaci\u00f3n y el <i>marketing<\/i>, en donde las marcas son la suma de todas las acciones que hace una empresa u organizaci\u00f3n y un veh\u00edculo indispensable para su comunicaci\u00f3n efectiva.<\/p>\n<p><b>C\u00f3mo crear una comunicaci\u00f3n efectiva:<\/b><\/p>\n<p>1.- Marca s\u00f3lida y definida<\/p>\n<p>La definici\u00f3n o alineaci\u00f3n de una marca es el primer paso para generar una coherencia entre la oferta de valor y el p\u00fablico meta.<\/p>\n<p>Una marca est\u00e1 constituida por elementos intangibles (esp\u00edritu) y elementos tangibles (cuerpo), de manera que la comunicaci\u00f3n de una marca inicia desde esta definici\u00f3n.<\/p>\n<p>Los elementos intangibles son aquellos que no se ven pero que constituyen el porqu\u00e9 de todas las acciones de la misma, entre ellas est\u00e1n:<\/p>\n<p>&#8211; Definici\u00f3n del p\u00fablico meta, sectores de competencia, filosof\u00eda corporativa, canales de comunicaci\u00f3n, audiencias, competidores, entre otros.<\/p>\n<p>Los elementos tangibles son aquellos que podemos percibir y que generan una percepci\u00f3n sobre la marca, entre ellos est\u00e1n:<\/p>\n<p>&#8211; La identidad gr\u00e1fica (con todos sus componentes), logotipo, los materiales corporativos y las herramientas de comunicaci\u00f3n.<\/p>\n<p>2.- Herramientas alineadas<\/p>\n<p>&#8211; Toda herramienta de comunicaci\u00f3n tiene que estar perfectamente homogenizada en su estructura, manejando mensajes claves consistentes y contenidos coherentes al porqu\u00e9 de la marca.<\/p>\n<p>Algunos ejemplos de herramientas de comunicaci\u00f3n son: p\u00e1ginas o portales\u00a0 web, <i>brochures <\/i>de servicios o cat\u00e1logo de productos, apps, materiales gr\u00e1ficos (folders, carteles,<i> flyers<\/i>, materiales comerciales, entre otros).<\/p>\n<p>3.- Presencia multicanal y <i>engagement<\/i> estrat\u00e9gico<\/p>\n<p>&#8211; En esta parte es esencial tener una estrategia de <i>marketing <\/i>y de comunicaci\u00f3n definida para generar presencia en los diferentes canales (<i>online y offline<\/i>), adem\u00e1s de contenidos segmentados acorde a cada audiencia (es sumamente importante tomar en cuenta todos los p\u00fablicos que tienen interacci\u00f3n con la marca).<\/p>\n<p>Para esto existen distintos canales digitales altamente efectivos, como son las redes sociales (Facebook, Twitter, LinkedIn, Instagram y otros), grupos de WhatsApp, SEM (Google Adwords) y SEO (contenidos relevantes posicionados), portales interactivos o blogs, portales de e-commerce, las Relaciones P\u00fablicas, eventos, publicidad ATL y BTL, por mencionar algunos.<\/p>\n<p>Como conclusi\u00f3n, es sumamente importante entender el contexto y los cambios tecnol\u00f3gicos de esta \u00e9poca, de forma que es responsabilidad de los l\u00edderes de cada empresa u organizaci\u00f3n revisar a detalle la marca y alinearla de forma coherente y estrat\u00e9gica, comunicando efectivamente sus mensajes clave en los m\u00faltiples canales de impacto para sus audiencias.<\/p>\n","protected":false},"excerpt":{"rendered":"<p>En los \u00faltimos a\u00f1os nos ha tocado vivir cambios acelerados en la forma de hacer negocios,&hellip;<\/p>\n","protected":false},"author":2,"featured_media":30216,"comment_status":"open","ping_status":"open","sticky":false,"template":"","format":"standard","meta":{"_acf_changed":false,"_lmt_disableupdate":"","_lmt_disable":"","_mbp_gutenberg_autopost":false,"footnotes":""},"categories":[44,20],"tags":[],"class_list":["post-30213","post","type-post","status-publish","format-standard","has-post-thumbnail","hentry","category-cuarto-de-huespedes","category-columnas"],"acf":[],"yoast_head":"<!-- This site is optimized with the Yoast SEO plugin v27.3 - https:\/\/yoast.com\/product\/yoast-seo-wordpress\/ -->\n<title>\u00bfDe qu\u00e9 te sirve ser el mejor\u00a0si no lo comunicas? | Revista Latitud 21<\/title>\n<meta name=\"description\" content=\"L21, Emprendedores y Negocios en el Caribe Mexicano, es la revista l\u00edder entre el Sector Empresarial y Tur\u00edstico del Caribe Mexicano.\" \/>\n<meta name=\"robots\" content=\"index, follow, max-snippet:-1, max-image-preview:large, max-video-preview:-1\" \/>\n<link rel=\"canonical\" href=\"https:\/\/l21.mx\/?p=30213\" \/>\n<meta name=\"twitter:card\" content=\"summary_large_image\" \/>\n<meta name=\"twitter:title\" content=\"\u00bfDe qu\u00e9 te sirve ser el mejor\u00a0si no lo comunicas? | Revista Latitud 21\" \/>\n<meta name=\"twitter:description\" content=\"L21, Emprendedores y Negocios en el Caribe Mexicano, es la revista l\u00edder entre el Sector Empresarial y Tur\u00edstico del Caribe Mexicano.\" \/>\n<meta name=\"twitter:image\" content=\"https:\/\/l21.mx\/wp-content\/uploads\/2018\/01\/Ilan-Jose-Cohen_.jpg\" \/>\n<meta name=\"twitter:creator\" content=\"@Latitud21mx\" \/>\n<meta name=\"twitter:site\" content=\"@Latitud21mx\" \/>\n<meta name=\"twitter:label1\" content=\"Escrito por\" \/>\n\t<meta name=\"twitter:data1\" content=\"Latitud21 Redacci\u00f3n\" \/>\n\t<meta name=\"twitter:label2\" content=\"Tiempo de lectura\" \/>\n\t<meta name=\"twitter:data2\" content=\"4 minutos\" \/>\n<script type=\"application\/ld+json\" class=\"yoast-schema-graph\">{\"@context\":\"https:\\\/\\\/schema.org\",\"@graph\":[{\"@type\":\"Article\",\"@id\":\"https:\\\/\\\/l21.mx\\\/?p=30213#article\",\"isPartOf\":{\"@id\":\"https:\\\/\\\/l21.mx\\\/?p=30213\"},\"author\":{\"name\":\"Latitud21 Redacci\u00f3n\",\"@id\":\"https:\\\/\\\/l21.mx\\\/#\\\/schema\\\/person\\\/4b571cc212089f95579f3b66253728f1\"},\"headline\":\"\u00bfDe qu\u00e9 te sirve ser el mejor\u00a0si no lo comunicas?\",\"datePublished\":\"2018-01-02T18:14:10+00:00\",\"dateModified\":\"2018-10-01T22:08:06+00:00\",\"mainEntityOfPage\":{\"@id\":\"https:\\\/\\\/l21.mx\\\/?p=30213\"},\"wordCount\":735,\"commentCount\":0,\"publisher\":{\"@id\":\"https:\\\/\\\/l21.mx\\\/#organization\"},\"image\":{\"@id\":\"https:\\\/\\\/l21.mx\\\/?p=30213#primaryimage\"},\"thumbnailUrl\":\"https:\\\/\\\/l21.mx\\\/wp-content\\\/uploads\\\/2018\\\/01\\\/Ilan-Jose-Cohen_.jpg\",\"articleSection\":[\"Cuarto de Hu\u00e9spedes\",\"X Columnas\"],\"inLanguage\":\"es\",\"potentialAction\":[{\"@type\":\"CommentAction\",\"name\":\"Comment\",\"target\":[\"https:\\\/\\\/l21.mx\\\/?p=30213#respond\"]}]},{\"@type\":\"WebPage\",\"@id\":\"https:\\\/\\\/l21.mx\\\/?p=30213\",\"url\":\"https:\\\/\\\/l21.mx\\\/?p=30213\",\"name\":\"\u00bfDe qu\u00e9 te sirve ser el mejor\u00a0si no lo comunicas? | Revista Latitud 21\",\"isPartOf\":{\"@id\":\"https:\\\/\\\/l21.mx\\\/#website\"},\"primaryImageOfPage\":{\"@id\":\"https:\\\/\\\/l21.mx\\\/?p=30213#primaryimage\"},\"image\":{\"@id\":\"https:\\\/\\\/l21.mx\\\/?p=30213#primaryimage\"},\"thumbnailUrl\":\"https:\\\/\\\/l21.mx\\\/wp-content\\\/uploads\\\/2018\\\/01\\\/Ilan-Jose-Cohen_.jpg\",\"datePublished\":\"2018-01-02T18:14:10+00:00\",\"dateModified\":\"2018-10-01T22:08:06+00:00\",\"description\":\"L21, Emprendedores y Negocios en el Caribe Mexicano, es la revista l\u00edder entre el Sector Empresarial y Tur\u00edstico del Caribe Mexicano.\",\"breadcrumb\":{\"@id\":\"https:\\\/\\\/l21.mx\\\/?p=30213#breadcrumb\"},\"inLanguage\":\"es\",\"potentialAction\":[{\"@type\":\"ReadAction\",\"target\":[\"https:\\\/\\\/l21.mx\\\/?p=30213\"]}]},{\"@type\":\"ImageObject\",\"inLanguage\":\"es\",\"@id\":\"https:\\\/\\\/l21.mx\\\/?p=30213#primaryimage\",\"url\":\"https:\\\/\\\/l21.mx\\\/wp-content\\\/uploads\\\/2018\\\/01\\\/Ilan-Jose-Cohen_.jpg\",\"contentUrl\":\"https:\\\/\\\/l21.mx\\\/wp-content\\\/uploads\\\/2018\\\/01\\\/Ilan-Jose-Cohen_.jpg\",\"width\":308,\"height\":446},{\"@type\":\"BreadcrumbList\",\"@id\":\"https:\\\/\\\/l21.mx\\\/?p=30213#breadcrumb\",\"itemListElement\":[{\"@type\":\"ListItem\",\"position\":1,\"name\":\"Portada\",\"item\":\"https:\\\/\\\/l21.mx\\\/\"},{\"@type\":\"ListItem\",\"position\":2,\"name\":\"\u00bfDe qu\u00e9 te sirve ser el mejor\u00a0si no lo comunicas?\"}]},{\"@type\":\"WebSite\",\"@id\":\"https:\\\/\\\/l21.mx\\\/#website\",\"url\":\"https:\\\/\\\/l21.mx\\\/\",\"name\":\"Revista Latitud 21\",\"description\":\"Emprendedores  y negocios en el Caribe Mexicano\",\"publisher\":{\"@id\":\"https:\\\/\\\/l21.mx\\\/#organization\"},\"potentialAction\":[{\"@type\":\"SearchAction\",\"target\":{\"@type\":\"EntryPoint\",\"urlTemplate\":\"https:\\\/\\\/l21.mx\\\/?s={search_term_string}\"},\"query-input\":{\"@type\":\"PropertyValueSpecification\",\"valueRequired\":true,\"valueName\":\"search_term_string\"}}],\"inLanguage\":\"es\"},{\"@type\":\"Organization\",\"@id\":\"https:\\\/\\\/l21.mx\\\/#organization\",\"name\":\"Grupo Editorial Latitud 21 SA de CV\",\"url\":\"https:\\\/\\\/l21.mx\\\/\",\"logo\":{\"@type\":\"ImageObject\",\"inLanguage\":\"es\",\"@id\":\"https:\\\/\\\/l21.mx\\\/#\\\/schema\\\/logo\\\/image\\\/\",\"url\":\"https:\\\/\\\/l21.mx\\\/wp-content\\\/uploads\\\/2020\\\/10\\\/logo-l21-baja.jpg\",\"contentUrl\":\"https:\\\/\\\/l21.mx\\\/wp-content\\\/uploads\\\/2020\\\/10\\\/logo-l21-baja.jpg\",\"width\":250,\"height\":250,\"caption\":\"Grupo Editorial Latitud 21 SA de CV\"},\"image\":{\"@id\":\"https:\\\/\\\/l21.mx\\\/#\\\/schema\\\/logo\\\/image\\\/\"},\"sameAs\":[\"https:\\\/\\\/www.facebook.com\\\/RevistaLatitud21\\\/\",\"https:\\\/\\\/x.com\\\/Latitud21mx\"]},{\"@type\":\"Person\",\"@id\":\"https:\\\/\\\/l21.mx\\\/#\\\/schema\\\/person\\\/4b571cc212089f95579f3b66253728f1\",\"name\":\"Latitud21 Redacci\u00f3n\",\"url\":\"https:\\\/\\\/l21.mx\\\/?author=2\"}]}<\/script>\n<!-- \/ Yoast SEO plugin. -->","yoast_head_json":{"title":"\u00bfDe qu\u00e9 te sirve ser el mejor\u00a0si no lo comunicas? | Revista Latitud 21","description":"L21, Emprendedores y Negocios en el Caribe Mexicano, es la revista l\u00edder entre el Sector Empresarial y Tur\u00edstico del Caribe Mexicano.","robots":{"index":"index","follow":"follow","max-snippet":"max-snippet:-1","max-image-preview":"max-image-preview:large","max-video-preview":"max-video-preview:-1"},"canonical":"https:\/\/l21.mx\/?p=30213","twitter_card":"summary_large_image","twitter_title":"\u00bfDe qu\u00e9 te sirve ser el mejor\u00a0si no lo comunicas? | Revista Latitud 21","twitter_description":"L21, Emprendedores y Negocios en el Caribe Mexicano, es la revista l\u00edder entre el Sector Empresarial y Tur\u00edstico del Caribe Mexicano.","twitter_image":"https:\/\/l21.mx\/wp-content\/uploads\/2018\/01\/Ilan-Jose-Cohen_.jpg","twitter_creator":"@Latitud21mx","twitter_site":"@Latitud21mx","twitter_misc":{"Escrito por":"Latitud21 Redacci\u00f3n","Tiempo de lectura":"4 minutos"},"schema":{"@context":"https:\/\/schema.org","@graph":[{"@type":"Article","@id":"https:\/\/l21.mx\/?p=30213#article","isPartOf":{"@id":"https:\/\/l21.mx\/?p=30213"},"author":{"name":"Latitud21 Redacci\u00f3n","@id":"https:\/\/l21.mx\/#\/schema\/person\/4b571cc212089f95579f3b66253728f1"},"headline":"\u00bfDe qu\u00e9 te sirve ser el mejor\u00a0si no lo comunicas?","datePublished":"2018-01-02T18:14:10+00:00","dateModified":"2018-10-01T22:08:06+00:00","mainEntityOfPage":{"@id":"https:\/\/l21.mx\/?p=30213"},"wordCount":735,"commentCount":0,"publisher":{"@id":"https:\/\/l21.mx\/#organization"},"image":{"@id":"https:\/\/l21.mx\/?p=30213#primaryimage"},"thumbnailUrl":"https:\/\/l21.mx\/wp-content\/uploads\/2018\/01\/Ilan-Jose-Cohen_.jpg","articleSection":["Cuarto de Hu\u00e9spedes","X Columnas"],"inLanguage":"es","potentialAction":[{"@type":"CommentAction","name":"Comment","target":["https:\/\/l21.mx\/?p=30213#respond"]}]},{"@type":"WebPage","@id":"https:\/\/l21.mx\/?p=30213","url":"https:\/\/l21.mx\/?p=30213","name":"\u00bfDe qu\u00e9 te sirve ser el mejor\u00a0si no lo comunicas? | Revista Latitud 21","isPartOf":{"@id":"https:\/\/l21.mx\/#website"},"primaryImageOfPage":{"@id":"https:\/\/l21.mx\/?p=30213#primaryimage"},"image":{"@id":"https:\/\/l21.mx\/?p=30213#primaryimage"},"thumbnailUrl":"https:\/\/l21.mx\/wp-content\/uploads\/2018\/01\/Ilan-Jose-Cohen_.jpg","datePublished":"2018-01-02T18:14:10+00:00","dateModified":"2018-10-01T22:08:06+00:00","description":"L21, Emprendedores y Negocios en el Caribe Mexicano, es la revista l\u00edder entre el Sector Empresarial y Tur\u00edstico del Caribe Mexicano.","breadcrumb":{"@id":"https:\/\/l21.mx\/?p=30213#breadcrumb"},"inLanguage":"es","potentialAction":[{"@type":"ReadAction","target":["https:\/\/l21.mx\/?p=30213"]}]},{"@type":"ImageObject","inLanguage":"es","@id":"https:\/\/l21.mx\/?p=30213#primaryimage","url":"https:\/\/l21.mx\/wp-content\/uploads\/2018\/01\/Ilan-Jose-Cohen_.jpg","contentUrl":"https:\/\/l21.mx\/wp-content\/uploads\/2018\/01\/Ilan-Jose-Cohen_.jpg","width":308,"height":446},{"@type":"BreadcrumbList","@id":"https:\/\/l21.mx\/?p=30213#breadcrumb","itemListElement":[{"@type":"ListItem","position":1,"name":"Portada","item":"https:\/\/l21.mx\/"},{"@type":"ListItem","position":2,"name":"\u00bfDe qu\u00e9 te sirve ser el mejor\u00a0si no lo comunicas?"}]},{"@type":"WebSite","@id":"https:\/\/l21.mx\/#website","url":"https:\/\/l21.mx\/","name":"Revista Latitud 21","description":"Emprendedores  y negocios en el Caribe Mexicano","publisher":{"@id":"https:\/\/l21.mx\/#organization"},"potentialAction":[{"@type":"SearchAction","target":{"@type":"EntryPoint","urlTemplate":"https:\/\/l21.mx\/?s={search_term_string}"},"query-input":{"@type":"PropertyValueSpecification","valueRequired":true,"valueName":"search_term_string"}}],"inLanguage":"es"},{"@type":"Organization","@id":"https:\/\/l21.mx\/#organization","name":"Grupo Editorial Latitud 21 SA de CV","url":"https:\/\/l21.mx\/","logo":{"@type":"ImageObject","inLanguage":"es","@id":"https:\/\/l21.mx\/#\/schema\/logo\/image\/","url":"https:\/\/l21.mx\/wp-content\/uploads\/2020\/10\/logo-l21-baja.jpg","contentUrl":"https:\/\/l21.mx\/wp-content\/uploads\/2020\/10\/logo-l21-baja.jpg","width":250,"height":250,"caption":"Grupo Editorial Latitud 21 SA de CV"},"image":{"@id":"https:\/\/l21.mx\/#\/schema\/logo\/image\/"},"sameAs":["https:\/\/www.facebook.com\/RevistaLatitud21\/","https:\/\/x.com\/Latitud21mx"]},{"@type":"Person","@id":"https:\/\/l21.mx\/#\/schema\/person\/4b571cc212089f95579f3b66253728f1","name":"Latitud21 Redacci\u00f3n","url":"https:\/\/l21.mx\/?author=2"}]}},"amp_enabled":true,"_links":{"self":[{"href":"https:\/\/l21.mx\/index.php?rest_route=\/wp\/v2\/posts\/30213","targetHints":{"allow":["GET"]}}],"collection":[{"href":"https:\/\/l21.mx\/index.php?rest_route=\/wp\/v2\/posts"}],"about":[{"href":"https:\/\/l21.mx\/index.php?rest_route=\/wp\/v2\/types\/post"}],"author":[{"embeddable":true,"href":"https:\/\/l21.mx\/index.php?rest_route=\/wp\/v2\/users\/2"}],"replies":[{"embeddable":true,"href":"https:\/\/l21.mx\/index.php?rest_route=%2Fwp%2Fv2%2Fcomments&post=30213"}],"version-history":[{"count":0,"href":"https:\/\/l21.mx\/index.php?rest_route=\/wp\/v2\/posts\/30213\/revisions"}],"wp:featuredmedia":[{"embeddable":true,"href":"https:\/\/l21.mx\/index.php?rest_route=\/wp\/v2\/media\/30216"}],"wp:attachment":[{"href":"https:\/\/l21.mx\/index.php?rest_route=%2Fwp%2Fv2%2Fmedia&parent=30213"}],"wp:term":[{"taxonomy":"category","embeddable":true,"href":"https:\/\/l21.mx\/index.php?rest_route=%2Fwp%2Fv2%2Fcategories&post=30213"},{"taxonomy":"post_tag","embeddable":true,"href":"https:\/\/l21.mx\/index.php?rest_route=%2Fwp%2Fv2%2Ftags&post=30213"}],"curies":[{"name":"wp","href":"https:\/\/api.w.org\/{rel}","templated":true}]}}