{"id":30301,"date":"2018-01-08T17:21:16","date_gmt":"2018-01-08T22:21:16","guid":{"rendered":"http:\/\/innovatori.space\/lat21\/?p=30301"},"modified":"2018-01-08T17:21:16","modified_gmt":"2018-01-08T22:21:16","slug":"fundacion-ciudad-de-la-alegria-cumple-su-mision-alegria-2018","status":"publish","type":"post","link":"https:\/\/l21.mx\/?p=30301","title":{"rendered":"Fundaci\u00f3n Ciudad de la Alegr\u00eda cumple su Misi\u00f3n Alegr\u00eda 2018"},"content":{"rendered":"<div data-sliderid=\"64396\" id=\"penci-post-gallery__64396\" class=\"penci-post-gallery-container justified column-3\" data-height=\"150\" data-margin=\"3\"><a class=\"penci-gallery-ite item-gallery-justified\" href=\"https:\/\/l21.mx\/wp-content\/uploads\/2018\/01\/casa-de-la-alegria-.jpg\" data-rel=\"penci-gallery-image-content\" ><img decoding=\"async\" src=\"https:\/\/l21.mx\/wp-content\/uploads\/2018\/01\/casa-de-la-alegria--585x780.jpg\" alt=\"\" title=\"casa-de-la-alegria-\"><\/a><a class=\"penci-gallery-ite item-gallery-justified\" href=\"https:\/\/l21.mx\/wp-content\/uploads\/2018\/01\/casa-de-la-alegria_.jpg\" data-rel=\"penci-gallery-image-content\" ><img decoding=\"async\" src=\"https:\/\/l21.mx\/wp-content\/uploads\/2018\/01\/casa-de-la-alegria_-585x439.jpg\" alt=\"\" title=\"casa-de-la-alegria_\"><\/a><a class=\"penci-gallery-ite item-gallery-justified\" href=\"https:\/\/l21.mx\/wp-content\/uploads\/2018\/01\/casa-de-la-alegria.jpg\" data-rel=\"penci-gallery-image-content\" ><img decoding=\"async\" src=\"https:\/\/l21.mx\/wp-content\/uploads\/2018\/01\/casa-de-la-alegria-585x439.jpg\" alt=\"\" title=\"casa-de-la-alegria\"><\/a><\/div>\n<p>Con el llamado a la acci\u00f3n \u00a1Todos a Bordo!, Fundaci\u00f3n<strong> Ciudad de la Alegr\u00eda<\/strong> en conjunto con <strong>Best Day Travel Group<\/strong>, hicieron sonre\u00edr a ni\u00f1os y ni\u00f1as de diferentes comunidades mayas el pasado s\u00e1bado<strong> 6 de ener<\/strong>o, entregando juguetes y sandalias en lo que fue el evento representativo al D\u00eda de Reyes \u201c<strong>Misi\u00f3n Alegr\u00eda 2018<\/strong>\u201d.<\/p>\n<p>Sum\u00e1ndose a la ilusi\u00f3n de los <strong>magos del Oriente<\/strong>, diversos voluntarios entre benefactores y colaboradores, recorrieron alrededor de 270 kil\u00f3metros entre las comunidades de El \u00c1lamo, Felipe Carrillo Puerto, El Ed\u00e9n, La Esperanza, Chan Tres Reyes, Transcorral, San Rom\u00e1n Yucat\u00e1n, El Tintal y San Rom\u00e1n Quintana Roo, haciendo entrega de dos mil 323 juguetes y mil 172 pares de sandalias recaudados, gracias a la generosidad de la ciudadan\u00eda y aliados sociales que se sumaron a esta noble causa.<\/p>\n<p>Las \u00fanicas condiciones para donar es que los juguetes fueran nuevos, no b\u00e9licos y que no funcionaran con bater\u00edas, debido a las condiciones propias de las comunidades beneficiadas.<\/p>\n<p>Con la misi\u00f3n #Ningunni\u00f1osinsonrisa y como parte del festejo, ni\u00f1as y ni\u00f1os participaron en actividades como romper la pi\u00f1ata, juegos, rifas y tiro a la porter\u00eda, poniendo a prueba no solo sus destrezas y habilidades, sino tambi\u00e9n un poco de su suerte en el sorteo de seis bicicletas donadas.<\/p>\n<p>En esta ocasi\u00f3n la magia de los tres reyes magos: Melchor, Gaspar y Baltazar, lleg\u00f3 directamente a los hogares de aproximadamente 767 familias de comunidades mayas entre los estados de Quintana Roo y Yucat\u00e1n, repartiendo ilusi\u00f3n, alegr\u00eda y felicidad.<\/p>\n","protected":false},"excerpt":{"rendered":"<p>Con el llamado a la acci\u00f3n \u00a1Todos a Bordo!, Fundaci\u00f3n Ciudad de la Alegr\u00eda en conjunto&hellip;<\/p>\n","protected":false},"author":2,"featured_media":30304,"comment_status":"open","ping_status":"open","sticky":false,"template":"","format":"standard","meta":{"_acf_changed":false,"_lmt_disableupdate":"","_lmt_disable":"","_mbp_gutenberg_autopost":false,"footnotes":""},"categories":[23,35,1],"tags":[],"class_list":["post-30301","post","type-post","status-publish","format-standard","has-post-thumbnail","hentry","category-noticias","category-responsabilidad-social","category-sin-categoria"],"acf":[],"_links":{"self":[{"href":"https:\/\/l21.mx\/index.php?rest_route=\/wp\/v2\/posts\/30301","targetHints":{"allow":["GET"]}}],"collection":[{"href":"https:\/\/l21.mx\/index.php?rest_route=\/wp\/v2\/posts"}],"about":[{"href":"https:\/\/l21.mx\/index.php?rest_route=\/wp\/v2\/types\/post"}],"author":[{"embeddable":true,"href":"https:\/\/l21.mx\/index.php?rest_route=\/wp\/v2\/users\/2"}],"replies":[{"embeddable":true,"href":"https:\/\/l21.mx\/index.php?rest_route=%2Fwp%2Fv2%2Fcomments&post=30301"}],"version-history":[{"count":0,"href":"https:\/\/l21.mx\/index.php?rest_route=\/wp\/v2\/posts\/30301\/revisions"}],"wp:featuredmedia":[{"embeddable":true,"href":"https:\/\/l21.mx\/index.php?rest_route=\/wp\/v2\/media\/30304"}],"wp:attachment":[{"href":"https:\/\/l21.mx\/index.php?rest_route=%2Fwp%2Fv2%2Fmedia&parent=30301"}],"wp:term":[{"taxonomy":"category","embeddable":true,"href":"https:\/\/l21.mx\/index.php?rest_route=%2Fwp%2Fv2%2Fcategories&post=30301"},{"taxonomy":"post_tag","embeddable":true,"href":"https:\/\/l21.mx\/index.php?rest_route=%2Fwp%2Fv2%2Ftags&post=30301"}],"curies":[{"name":"wp","href":"https:\/\/api.w.org\/{rel}","templated":true}]}}